{"id":89,"date":"2022-12-23T17:00:31","date_gmt":"2022-12-23T16:00:31","guid":{"rendered":"https:\/\/denktier.at\/pferd\/?p=89"},"modified":"2022-12-22T21:22:13","modified_gmt":"2022-12-22T20:22:13","slug":"wieviel-bewegung-braucht-ein-pferd","status":"publish","type":"post","link":"https:\/\/denktier.at\/pferd\/2022\/12\/23\/wieviel-bewegung-braucht-ein-pferd\/","title":{"rendered":"wieviel bewegung braucht ein pferd?"},"content":{"rendered":"<p>pferde sind bewegungstiere, wissen wir.<br \/>\naber wieviel bewegung braucht ein pferd denn nun so?<\/p>\n<p>geh\u00f6rst du auch zu denen, die meist eine stunde lang was mit ihrem pferd tun?<br \/>\nau\u00dfer beim longieren, da reicht uns dann eine halbe stunde.<\/p>\n<p>warum eigentlich?<br \/>\nalso: warum eine stunde reiten und eine halbe stunde longieren?<\/p>\n<p>gibt es da irgendwelche regeln, wieviel man ein pferd bewegen soll und ergeben die dann eben die stunde?<\/p>\n<p>mitnichten!<\/p>\n<p>mit dem bewegungsbedarf des pferdes hat das gar nichts zu tun.<\/p>\n<h3>eine stunde reiten?<\/h3>\n<p>es ist simple menschliche gewohnheit.<br \/>\nweil wir das reiten meist in reitstunden erlernt haben und die dauern nun mal eine stunde.<br \/>\nwenn man das ein viele monate oder ein paar jahre macht, dann verfestigt sich die gewohnheit: zum pferd gehen und es eine stunde arbeiten. fertig.<\/p>\n<p>sinnvoll ist das nicht unbedingt.<br \/>\nmanchmal w\u00e4r\u2019s schlau, schon nach 15 minuten aufzuh\u00f6ren \u2013 wenn\u2019s grad besonders anstrengend war oder was besonders schwieriges super gelungen ist.<br \/>\nund manchmal w\u00e4r\u2019s sh\u00f6n, wenn\u2019s viel l\u00e4nger ginge \u2013 bei einem gem\u00fctlichen ausritt bei idealem wetter, wenn das pferd grad lust hat, mal so richtig lang zu laufen und sich den wind um die ohren blasen zu lassen.<\/p>\n<p>was\u00a0 dem bewegungsbed\u00fcrfnis des pferdes am ehesten gerecht wird?<\/p>\n<p>ehrlich gestanden: da spielen die 2 \u2013 3 mal die woche, wo du kommst, kaum eine rolle.<br \/>\nnicht mal, wenn du t\u00e4glich beim pferd w\u00e4rst, kannst du damit alleine das bewegungsbed\u00fcrfnis deines pferdes ausreichend stillen.<br \/>\n(was jetzt nicht hei\u00dfen soll, dass du das nicht tun sollst, im gegenteil!)<\/p>\n<p>eine ungleich gr\u00f6\u00dfere rolle spielen die haltungsbedingungen!<\/p>\n<p>ein pferd, das 23 \u2013 24 stunden des tages in der box steht, ist ein armes tier.<br \/>\ndie eine stunde, die man es rausfischt und bewegt, ist zwar besser als gar nichts, aber v\u00f6llig unzureichend.<\/p>\n<h3>dauernd in bewegung<\/h3>\n<p>sehen wir uns doch mal freilebende pferde an:<\/p>\n<p>die verbringen im schnitt 16 stunden des tages mit fressen und ziehen dabei im gem\u00e4chlichem schritt von grashalm zu grashalm durch die meist ja nicht so \u00fcppig bewachsene landschaft.<\/p>\n<p>dann m\u00fcssen sie ein paar mal t\u00e4glich zur n\u00e4chsten wasserstelle laufen.<\/p>\n<p>und vielleicht erschreckt sie auch was oder es taucht tats\u00e4chlich ein feind auf und sie ergreifem im wilden galopp die flucht.<\/p>\n<p>da ist also dauernd bewegung in der herde.<br \/>\nmeist eine gem\u00e4chliche im schritt.<\/p>\n<p>dabei legen die pferde zwischen 40 und 60 kilometer pro tag zur\u00fcck.<br \/>\nin sehr kargen gegenden oder in d\u00fcrrezeiten sogar bis zu 100 kilometer.<\/p>\n<p>vergleichen wir das mal mit der durchschnittlichen bewegung von freizeitpferden:<br \/>\n15 minuten schritt zum aufw\u00e4rmen, 30 minuten trab und galopp-arbeit, 15 minuten zum abreiten. fertig.<br \/>\ndas ganze 2 oder 3 mal die woche.<\/p>\n<p>wenn das pferd den rest der zeit in einer box oder auf einem kleinen paddock steht, war das dann schon die ganze bewegung.<\/p>\n<p>viel mehr rennen als normal,<br \/>\nunendlich mehr stehen als nat\u00fcrlich w\u00e4re.<\/p>\n<h3>auf den stall kommt\u2019s an!<\/h3>\n<p>nun haben wir nat\u00fcrlich hierzulande nicht die m\u00f6glichkeit, dem pferd das freie schweifen \u00fcber mehrere quadratkilometer gel\u00e4nde zu erm\u00f6glichen.<\/p>\n<p>(mal ganz abgesehen davon, wieviel unsereins dann herumschweifen m\u00fcsste, um mal zum reiten zu kommen\u00a0<img decoding=\"async\" class=\"emoji\" role=\"img\" draggable=\"false\" src=\"https:\/\/s.w.org\/images\/core\/emoji\/13.1.0\/svg\/1f642.svg\" alt=\"\ud83d\ude42\" \/>\u00a0).<\/p>\n<p>wir k\u00f6nnen dem pferd nur so gut wie m\u00f6glich platz f\u00fcr bewegung schaffen.<\/p>\n<p>boxenhaltung geht dabei gar nicht.<br \/>\nboxenhaltung mit koppelgang untertags ist auch nicht das gelbe vom ei.<br \/>\nein offenstall mit ausreichend gro\u00dfer fl\u00e4che (!) sollte es schon sein.<\/p>\n<p>damit die fl\u00e4che auch was bringt, braucht es im offenstall\u00a0 bewegungsanreize.<br \/>\nsonst lassen die pferde die sch\u00f6ne 5 hektar koppel links liegen und stehen sich beine an der heuraufe neben dem stall in den bauch!<\/p>\n<p>will man daf\u00fcr sorgen, dass das pferd ausreichend bewegung bekommt, braucht es also den tr\u00e4nker in der einen ecke, die futterstelle in der ganz anderen, den liegebereich wieder wo anders und dazwischen m\u00f6glichst lange wegstrecken.<\/p>\n<p>\u00fcberpr\u00fcf doch mal die unterbringung deines pferdes auf diese punkte!<\/p>\n<p>wenn du das halbwegs hinkriegst, ist ein gro\u00dfer teil des bewegungsbed\u00fcrfnisses deines pferdes schon ganz gut abgedeckt. und du wirst sehen, dass es auch viel angenehmer ist, so ein bewegtes pferd zu reiten!<\/p>\n<p>stichwort reiten:<br \/>\nlange gem\u00fctliche ausritte mit kurzen trab- oder galoppstrecken entsprechen den pferden am meisten.<\/p>\n<p>selbst f\u00fcr die dressurarbeit gilt: lange schrittphasen zum gut aufw\u00e4rmen, kurze knackige \u00fcbungseinheiten dazwischen, wo es um gymnastik oder h\u00f6heres tempo geht, immer wieder mit schrittpausen und dann einer sch\u00f6nen langen schrittphase zum abreiten.<\/p>\n<p>ob das in summe 30 minuten, 60 minuten, 90 minuten oder irgendwas dazwischen dauert, h\u00e4ngt mehr von eurer kondition und konzentration ab. (und nicht immer ist mehr auch besser!).<\/p>\n<p>f\u00fcr\u2019s reiten gibt es einen sch\u00f6nen richtwert:\u00a0 so lange, wie die freude an der bewegung im vordergrund steht!<\/p>\n<p>&nbsp;<\/p>\n<p>&nbsp;<\/p>\n","protected":false},"excerpt":{"rendered":"<p>pferde sind bewegungstiere, wissen wir. aber wieviel bewegung braucht ein pferd denn nun so? geh\u00f6rst du auch zu denen, die meist eine stunde lang was mit ihrem pferd tun? au\u00dfer beim longieren, da reicht uns dann eine halbe stunde. warum eigentlich? also: warum eine stunde reiten und eine halbe stunde longieren? gibt es da irgendwelche [&hellip;]<\/p>\n","protected":false},"author":1,"featured_media":482,"comment_status":"closed","ping_status":"closed","sticky":false,"template":"","format":"standard","meta":{"footnotes":""},"categories":[38,37],"tags":[],"class_list":["post-89","post","type-post","status-publish","format-standard","has-post-thumbnail","hentry","category-auslastung","category-verhalten","post-wrapper","thrv_wrapper"],"yoast_head":"<!-- This site is optimized with the Yoast SEO plugin v27.2 - https:\/\/yoast.com\/product\/yoast-seo-wordpress\/ -->\n<title>wieviel bewegung braucht ein pferd? - denktier pferd<\/title>\n<meta name=\"description\" content=\"pferde brauchen bewegung, aber wieviel eigentlich? und was tun, wenn man nicht regelm\u00e4\u00dfig in den stall kommt?\" \/>\n<meta name=\"robots\" content=\"index, follow, max-snippet:-1, max-image-preview:large, max-video-preview:-1\" \/>\n<link rel=\"canonical\" href=\"https:\/\/denktier.at\/pferd\/2022\/12\/23\/wieviel-bewegung-braucht-ein-pferd\/\" \/>\n<meta property=\"og:locale\" content=\"de_DE\" \/>\n<meta property=\"og:type\" content=\"article\" \/>\n<meta property=\"og:title\" content=\"wieviel bewegung braucht ein pferd? - denktier pferd\" \/>\n<meta property=\"og:description\" content=\"pferde brauchen bewegung, aber wieviel eigentlich? und was tun, wenn man nicht regelm\u00e4\u00dfig in den stall kommt?\" \/>\n<meta property=\"og:url\" content=\"https:\/\/denktier.at\/pferd\/2022\/12\/23\/wieviel-bewegung-braucht-ein-pferd\/\" \/>\n<meta property=\"og:site_name\" content=\"denktier pferd\" \/>\n<meta property=\"article:published_time\" content=\"2022-12-23T16:00:31+00:00\" \/>\n<meta property=\"og:image\" content=\"https:\/\/denktier.at\/pferd\/wp-content\/uploads\/2021\/10\/pferde-blog-2.jpg\" \/>\n\t<meta property=\"og:image:width\" content=\"1640\" \/>\n\t<meta property=\"og:image:height\" content=\"924\" \/>\n\t<meta property=\"og:image:type\" content=\"image\/jpeg\" \/>\n<meta name=\"author\" content=\"brigid\" \/>\n<meta name=\"twitter:card\" content=\"summary_large_image\" \/>\n<meta name=\"twitter:label1\" content=\"Verfasst von\" \/>\n\t<meta name=\"twitter:data1\" content=\"brigid\" \/>\n\t<meta name=\"twitter:label2\" content=\"Gesch\u00e4tzte Lesezeit\" \/>\n\t<meta name=\"twitter:data2\" content=\"5 Minuten\" \/>\n<script type=\"application\/ld+json\" class=\"yoast-schema-graph\">{\"@context\":\"https:\/\/schema.org\",\"@graph\":[{\"@type\":\"Article\",\"@id\":\"https:\/\/denktier.at\/pferd\/2022\/12\/23\/wieviel-bewegung-braucht-ein-pferd\/#article\",\"isPartOf\":{\"@id\":\"https:\/\/denktier.at\/pferd\/2022\/12\/23\/wieviel-bewegung-braucht-ein-pferd\/\"},\"author\":{\"name\":\"brigid\",\"@id\":\"https:\/\/denktier.at\/pferd\/#\/schema\/person\/a450dfa4b955cd9290eeb589dc2caddf\"},\"headline\":\"wieviel bewegung braucht ein pferd?\",\"datePublished\":\"2022-12-23T16:00:31+00:00\",\"mainEntityOfPage\":{\"@id\":\"https:\/\/denktier.at\/pferd\/2022\/12\/23\/wieviel-bewegung-braucht-ein-pferd\/\"},\"wordCount\":799,\"image\":{\"@id\":\"https:\/\/denktier.at\/pferd\/2022\/12\/23\/wieviel-bewegung-braucht-ein-pferd\/#primaryimage\"},\"thumbnailUrl\":\"https:\/\/denktier.at\/pferd\/wp-content\/uploads\/2021\/10\/pferde-blog-2.jpg\",\"articleSection\":[\"auslastung\",\"verhalten\"],\"inLanguage\":\"de-AT\"},{\"@type\":\"WebPage\",\"@id\":\"https:\/\/denktier.at\/pferd\/2022\/12\/23\/wieviel-bewegung-braucht-ein-pferd\/\",\"url\":\"https:\/\/denktier.at\/pferd\/2022\/12\/23\/wieviel-bewegung-braucht-ein-pferd\/\",\"name\":\"wieviel bewegung braucht ein pferd? - denktier pferd\",\"isPartOf\":{\"@id\":\"https:\/\/denktier.at\/pferd\/#website\"},\"primaryImageOfPage\":{\"@id\":\"https:\/\/denktier.at\/pferd\/2022\/12\/23\/wieviel-bewegung-braucht-ein-pferd\/#primaryimage\"},\"image\":{\"@id\":\"https:\/\/denktier.at\/pferd\/2022\/12\/23\/wieviel-bewegung-braucht-ein-pferd\/#primaryimage\"},\"thumbnailUrl\":\"https:\/\/denktier.at\/pferd\/wp-content\/uploads\/2021\/10\/pferde-blog-2.jpg\",\"datePublished\":\"2022-12-23T16:00:31+00:00\",\"author\":{\"@id\":\"https:\/\/denktier.at\/pferd\/#\/schema\/person\/a450dfa4b955cd9290eeb589dc2caddf\"},\"description\":\"pferde brauchen bewegung, aber wieviel eigentlich? und was tun, wenn man nicht regelm\u00e4\u00dfig in den stall kommt?\",\"breadcrumb\":{\"@id\":\"https:\/\/denktier.at\/pferd\/2022\/12\/23\/wieviel-bewegung-braucht-ein-pferd\/#breadcrumb\"},\"inLanguage\":\"de-AT\",\"potentialAction\":[{\"@type\":\"ReadAction\",\"target\":[\"https:\/\/denktier.at\/pferd\/2022\/12\/23\/wieviel-bewegung-braucht-ein-pferd\/\"]}]},{\"@type\":\"ImageObject\",\"inLanguage\":\"de-AT\",\"@id\":\"https:\/\/denktier.at\/pferd\/2022\/12\/23\/wieviel-bewegung-braucht-ein-pferd\/#primaryimage\",\"url\":\"https:\/\/denktier.at\/pferd\/wp-content\/uploads\/2021\/10\/pferde-blog-2.jpg\",\"contentUrl\":\"https:\/\/denktier.at\/pferd\/wp-content\/uploads\/2021\/10\/pferde-blog-2.jpg\",\"width\":1640,\"height\":924,\"caption\":\"pferd bewegung\"},{\"@type\":\"BreadcrumbList\",\"@id\":\"https:\/\/denktier.at\/pferd\/2022\/12\/23\/wieviel-bewegung-braucht-ein-pferd\/#breadcrumb\",\"itemListElement\":[{\"@type\":\"ListItem\",\"position\":1,\"name\":\"Home\",\"item\":\"https:\/\/denktier.at\/pferd\/\"},{\"@type\":\"ListItem\",\"position\":2,\"name\":\"wieviel bewegung braucht ein pferd?\"}]},{\"@type\":\"WebSite\",\"@id\":\"https:\/\/denktier.at\/pferd\/#website\",\"url\":\"https:\/\/denktier.at\/pferd\/\",\"name\":\"denktier pferd\",\"description\":\"\",\"potentialAction\":[{\"@type\":\"SearchAction\",\"target\":{\"@type\":\"EntryPoint\",\"urlTemplate\":\"https:\/\/denktier.at\/pferd\/?s={search_term_string}\"},\"query-input\":{\"@type\":\"PropertyValueSpecification\",\"valueRequired\":true,\"valueName\":\"search_term_string\"}}],\"inLanguage\":\"de-AT\"},{\"@type\":\"Person\",\"@id\":\"https:\/\/denktier.at\/pferd\/#\/schema\/person\/a450dfa4b955cd9290eeb589dc2caddf\",\"name\":\"brigid\",\"image\":{\"@type\":\"ImageObject\",\"inLanguage\":\"de-AT\",\"@id\":\"https:\/\/secure.gravatar.com\/avatar\/e4194f972046db80294d79daa065f609498fda96e97e70bb961ac7e8afd9a3cb?s=96&d=mm&r=g\",\"url\":\"https:\/\/secure.gravatar.com\/avatar\/e4194f972046db80294d79daa065f609498fda96e97e70bb961ac7e8afd9a3cb?s=96&d=mm&r=g\",\"contentUrl\":\"https:\/\/secure.gravatar.com\/avatar\/e4194f972046db80294d79daa065f609498fda96e97e70bb961ac7e8afd9a3cb?s=96&d=mm&r=g\",\"caption\":\"brigid\"},\"sameAs\":[\"https:\/\/denktier.at\/pferd\"],\"url\":\"https:\/\/denktier.at\/pferd\/author\/brigid\/\"}]}<\/script>\n<!-- \/ Yoast SEO plugin. -->","yoast_head_json":{"title":"wieviel bewegung braucht ein pferd? - denktier pferd","description":"pferde brauchen bewegung, aber wieviel eigentlich? und was tun, wenn man nicht regelm\u00e4\u00dfig in den stall kommt?","robots":{"index":"index","follow":"follow","max-snippet":"max-snippet:-1","max-image-preview":"max-image-preview:large","max-video-preview":"max-video-preview:-1"},"canonical":"https:\/\/denktier.at\/pferd\/2022\/12\/23\/wieviel-bewegung-braucht-ein-pferd\/","og_locale":"de_DE","og_type":"article","og_title":"wieviel bewegung braucht ein pferd? - denktier pferd","og_description":"pferde brauchen bewegung, aber wieviel eigentlich? und was tun, wenn man nicht regelm\u00e4\u00dfig in den stall kommt?","og_url":"https:\/\/denktier.at\/pferd\/2022\/12\/23\/wieviel-bewegung-braucht-ein-pferd\/","og_site_name":"denktier pferd","article_published_time":"2022-12-23T16:00:31+00:00","og_image":[{"width":1640,"height":924,"url":"https:\/\/denktier.at\/pferd\/wp-content\/uploads\/2021\/10\/pferde-blog-2.jpg","type":"image\/jpeg"}],"author":"brigid","twitter_card":"summary_large_image","twitter_misc":{"Verfasst von":"brigid","Gesch\u00e4tzte Lesezeit":"5 Minuten"},"schema":{"@context":"https:\/\/schema.org","@graph":[{"@type":"Article","@id":"https:\/\/denktier.at\/pferd\/2022\/12\/23\/wieviel-bewegung-braucht-ein-pferd\/#article","isPartOf":{"@id":"https:\/\/denktier.at\/pferd\/2022\/12\/23\/wieviel-bewegung-braucht-ein-pferd\/"},"author":{"name":"brigid","@id":"https:\/\/denktier.at\/pferd\/#\/schema\/person\/a450dfa4b955cd9290eeb589dc2caddf"},"headline":"wieviel bewegung braucht ein pferd?","datePublished":"2022-12-23T16:00:31+00:00","mainEntityOfPage":{"@id":"https:\/\/denktier.at\/pferd\/2022\/12\/23\/wieviel-bewegung-braucht-ein-pferd\/"},"wordCount":799,"image":{"@id":"https:\/\/denktier.at\/pferd\/2022\/12\/23\/wieviel-bewegung-braucht-ein-pferd\/#primaryimage"},"thumbnailUrl":"https:\/\/denktier.at\/pferd\/wp-content\/uploads\/2021\/10\/pferde-blog-2.jpg","articleSection":["auslastung","verhalten"],"inLanguage":"de-AT"},{"@type":"WebPage","@id":"https:\/\/denktier.at\/pferd\/2022\/12\/23\/wieviel-bewegung-braucht-ein-pferd\/","url":"https:\/\/denktier.at\/pferd\/2022\/12\/23\/wieviel-bewegung-braucht-ein-pferd\/","name":"wieviel bewegung braucht ein pferd? - denktier pferd","isPartOf":{"@id":"https:\/\/denktier.at\/pferd\/#website"},"primaryImageOfPage":{"@id":"https:\/\/denktier.at\/pferd\/2022\/12\/23\/wieviel-bewegung-braucht-ein-pferd\/#primaryimage"},"image":{"@id":"https:\/\/denktier.at\/pferd\/2022\/12\/23\/wieviel-bewegung-braucht-ein-pferd\/#primaryimage"},"thumbnailUrl":"https:\/\/denktier.at\/pferd\/wp-content\/uploads\/2021\/10\/pferde-blog-2.jpg","datePublished":"2022-12-23T16:00:31+00:00","author":{"@id":"https:\/\/denktier.at\/pferd\/#\/schema\/person\/a450dfa4b955cd9290eeb589dc2caddf"},"description":"pferde brauchen bewegung, aber wieviel eigentlich? und was tun, wenn man nicht regelm\u00e4\u00dfig in den stall kommt?","breadcrumb":{"@id":"https:\/\/denktier.at\/pferd\/2022\/12\/23\/wieviel-bewegung-braucht-ein-pferd\/#breadcrumb"},"inLanguage":"de-AT","potentialAction":[{"@type":"ReadAction","target":["https:\/\/denktier.at\/pferd\/2022\/12\/23\/wieviel-bewegung-braucht-ein-pferd\/"]}]},{"@type":"ImageObject","inLanguage":"de-AT","@id":"https:\/\/denktier.at\/pferd\/2022\/12\/23\/wieviel-bewegung-braucht-ein-pferd\/#primaryimage","url":"https:\/\/denktier.at\/pferd\/wp-content\/uploads\/2021\/10\/pferde-blog-2.jpg","contentUrl":"https:\/\/denktier.at\/pferd\/wp-content\/uploads\/2021\/10\/pferde-blog-2.jpg","width":1640,"height":924,"caption":"pferd bewegung"},{"@type":"BreadcrumbList","@id":"https:\/\/denktier.at\/pferd\/2022\/12\/23\/wieviel-bewegung-braucht-ein-pferd\/#breadcrumb","itemListElement":[{"@type":"ListItem","position":1,"name":"Home","item":"https:\/\/denktier.at\/pferd\/"},{"@type":"ListItem","position":2,"name":"wieviel bewegung braucht ein pferd?"}]},{"@type":"WebSite","@id":"https:\/\/denktier.at\/pferd\/#website","url":"https:\/\/denktier.at\/pferd\/","name":"denktier pferd","description":"","potentialAction":[{"@type":"SearchAction","target":{"@type":"EntryPoint","urlTemplate":"https:\/\/denktier.at\/pferd\/?s={search_term_string}"},"query-input":{"@type":"PropertyValueSpecification","valueRequired":true,"valueName":"search_term_string"}}],"inLanguage":"de-AT"},{"@type":"Person","@id":"https:\/\/denktier.at\/pferd\/#\/schema\/person\/a450dfa4b955cd9290eeb589dc2caddf","name":"brigid","image":{"@type":"ImageObject","inLanguage":"de-AT","@id":"https:\/\/secure.gravatar.com\/avatar\/e4194f972046db80294d79daa065f609498fda96e97e70bb961ac7e8afd9a3cb?s=96&d=mm&r=g","url":"https:\/\/secure.gravatar.com\/avatar\/e4194f972046db80294d79daa065f609498fda96e97e70bb961ac7e8afd9a3cb?s=96&d=mm&r=g","contentUrl":"https:\/\/secure.gravatar.com\/avatar\/e4194f972046db80294d79daa065f609498fda96e97e70bb961ac7e8afd9a3cb?s=96&d=mm&r=g","caption":"brigid"},"sameAs":["https:\/\/denktier.at\/pferd"],"url":"https:\/\/denktier.at\/pferd\/author\/brigid\/"}]}},"_links":{"self":[{"href":"https:\/\/denktier.at\/pferd\/wp-json\/wp\/v2\/posts\/89","targetHints":{"allow":["GET"]}}],"collection":[{"href":"https:\/\/denktier.at\/pferd\/wp-json\/wp\/v2\/posts"}],"about":[{"href":"https:\/\/denktier.at\/pferd\/wp-json\/wp\/v2\/types\/post"}],"author":[{"embeddable":true,"href":"https:\/\/denktier.at\/pferd\/wp-json\/wp\/v2\/users\/1"}],"replies":[{"embeddable":true,"href":"https:\/\/denktier.at\/pferd\/wp-json\/wp\/v2\/comments?post=89"}],"version-history":[{"count":4,"href":"https:\/\/denktier.at\/pferd\/wp-json\/wp\/v2\/posts\/89\/revisions"}],"predecessor-version":[{"id":485,"href":"https:\/\/denktier.at\/pferd\/wp-json\/wp\/v2\/posts\/89\/revisions\/485"}],"wp:featuredmedia":[{"embeddable":true,"href":"https:\/\/denktier.at\/pferd\/wp-json\/wp\/v2\/media\/482"}],"wp:attachment":[{"href":"https:\/\/denktier.at\/pferd\/wp-json\/wp\/v2\/media?parent=89"}],"wp:term":[{"taxonomy":"category","embeddable":true,"href":"https:\/\/denktier.at\/pferd\/wp-json\/wp\/v2\/categories?post=89"},{"taxonomy":"post_tag","embeddable":true,"href":"https:\/\/denktier.at\/pferd\/wp-json\/wp\/v2\/tags?post=89"}],"curies":[{"name":"wp","href":"https:\/\/api.w.org\/{rel}","templated":true}]}}