{"id":81,"date":"2022-10-05T01:20:29","date_gmt":"2022-10-04T23:20:29","guid":{"rendered":"https:\/\/denktier.at\/pferd\/?p=81"},"modified":"2022-10-05T01:30:56","modified_gmt":"2022-10-04T23:30:56","slug":"warum-kopf-hoch-beim-pferd-verkehrt-ist","status":"publish","type":"post","link":"https:\/\/denktier.at\/pferd\/2022\/10\/05\/warum-kopf-hoch-beim-pferd-verkehrt-ist\/","title":{"rendered":"warum kopf hoch beim pferd verkehrt ist"},"content":{"rendered":"<p>nimmt ein pferd den kopf hoch, so freut das den reiter wenig.<\/p>\n<p>das entspricht nicht dem, wie man\u2019s gerne h\u00e4tte nach reitlehre \u2013 egal welcher(diese einigkeit unter verschiedenen reitlehren ist ja schon beachtlich, es muss also wichtig sein).<\/p>\n<p>was ist aber so verkehrt dran, wenn das pferd den kopf hoch nimmt?<\/p>\n<h3>1. r\u00fccken weg<\/h3>\n<p>um den menschen im sattel gut tragen zu k\u00f6nnen, muss das pferd den r\u00fccken aufw\u00f6lben.<\/p>\n<p>nur dann kann es ohne schaden zu nehmen, gewicht im r\u00fccken haben.(nur dann ist es \u00fcbrigens auch f\u00fcr den menschen wirklich angenehm)<\/p>\n<p>den r\u00fccken aufw\u00f6lben kann das pferd aber nur in der richtigen k\u00f6rperhaltung:<\/p>\n<p>da muss die bauchmuskulatur arbeiten.da muss die hinterhand aktiv sein.und da muss es den kopf entspannt nach vorne und unten dehnen.<\/p>\n<p>mit hohem kopf geht gar nichts.geht der kopf hoch, wird automatisch der r\u00fccken nach unten gedr\u00fcckt.wie ein hohlkreuz.<\/p>\n<p>und dann ist schluss mit feinem reiten.<\/p>\n<p>\u00a0<\/p>\n<h3>2. verbindung weg<\/h3>\n<p>f\u00fcrs feine reiten h\u00e4tte man auch gern eine feine verbindung am z\u00fcgel,eine in die das pferd sich vertrauensvoll hindehnt,und wo es weich im genickt nachgibt.<\/p>\n<p>das setzt erstens eine weiche hand des reiters vorausund zweitens \u2013 erraten \u2013 eine tiefe kopfhaltung.(wobei mit tief jetzt die korrekte vorwarts-abw\u00e4rts dehnung gemeint ist, nicht die nase am boden :-))<\/p>\n<p>das hat seine biomechanische logik:wenn das pferd den kopf hoch nimmt, kommt die energie aus der hinterhand nicht mehr durch(meistens ist da aber ohnehin grad keine)und der winkel zur reiterhand stimmt auch nicht mehr.<\/p>\n<p><img loading=\"lazy\" decoding=\"async\" src=\"https:\/\/denktier.at\/pferd\/wp-content\/uploads\/2022\/10\/Untitled-design-15-300x169.jpg\" alt=\"kopfhaltung pferd\" width=\"500\" height=\"282\" \/><\/p>\n<p>ein weiches halten der verbindung kann so nicht mehr funktionieren.<\/p>\n<p>\u00a0<\/p>\n<h3>3. denken weg<\/h3>\n<p>am unmittelbarsten und unangenehmsten macht sich aber eine andere wirkung bemerkbar:<\/p>\n<p>geht der kopf hoch, dann schaltet das pferd um von ruhigem denken auf panisches reagieren!<\/p>\n<p>seine ursache hat das im nervensystem and darin, dass bestimmte k\u00f6rperhaltungen mit bestimmten verhaltensweisen zusammenh\u00e4ngen.<\/p>\n<p>ein gelassenes pferd hat den kopf entspannt unten.ein aufgeregtes oder fluchtbereite pferd nimmt den kopf hoch.<\/p>\n<p>da funktioniert auch andersrum:<\/p>\n<p>geht der kopf hoch, weil der mensch den pferder\u00fccken durch seinen schlechten sitz im sattel wegdr\u00fcckt, wird dadurch auch ein gelassenes pferd unruhiger und hektischer.<\/p>\n<p>bringt man ein aufgeregtes pferd dazu, den kopf nach unten zu nehmen, dann entspannt es sich und wir automatisch gelassener.<\/p>\n<p>noch ein problem:<\/p>\n<p>ein pferd, bei dem der kopf hoch geht, kann nicht mehr richtig denken \u2013 die falschen gehirnareale sind aktiviert, der kampf-oder-fluchtmechanismus ist angeworfen und lernen oder das abrufen von gelerntem funktionieren nur noch schlecht.<\/p>\n<p>das alles verlockt dazu, den kopf \u201ek\u00fcnstlich\u201c runter kriegen zu wollen.<\/p>\n<p>was wenig bringt oder die sache sogar noch schlimmer macht.<\/p>\n<p>versucht man in einer un\u00fcberlegten reaktion den kopf des pferdes am z\u00fcgel wieder runterzuziehen, wird es definitiv problematisch.<\/p>\n<p>das endet meisten mit gezerre, das pferd wehrt sich und wird immer nerv\u00f6ser \u2013 zu recht.der mensch f\u00fchlt sich zunehmend unsicher oder ver\u00e4rgert und h\u00e4ngt sich noch mehr in den z\u00fcgel \u2013 nachvollziehbar aber total sch\u00e4dlich.<\/p>\n<p>versucht man, sich das alles zu ersparen, in dem man das pferd mit hilfsz\u00fcgeln daran hindert, den kopf hoch zunehmen, macht das die sache nicht viel besser.<\/p>\n<p>das pferd wird zwar mechanisch daran gehindert, den kopf zu weit nach oben zu nehmen, hat aber immer noch den impuls dazu.\u00a0\u00a0 meist endet das ganze mit noch mehr verspannungen im pferd und der tendenz, ohne hilfsz\u00fcgel den kopf erst recht nach oben zu nehmen.<\/p>\n<p>zum gl\u00fcck gibt es auch einfache und sehr wirksame methoden, wie man das pferd dazu bekommt, den kopf entspannt nach unten zu nehmen und seine gelassenheit wieder zu erlangen.<\/p>\n<p>dazu dann n\u00e4chstes mal mehr \u2026<\/p>\n<p>(wenn du das nicht verpassen magst, am besten gleich hier unten eintragen und den blog abonnieren, kostenlos, dann bekommst du den artikel automatisch per mail zugesandt)<\/p>\n<p>\u00a0<\/p>\n","protected":false},"excerpt":{"rendered":"<p>nimmt ein pferd den kopf hoch, so freut das den reiter wenig. das entspricht nicht dem, wie man\u2019s gerne h\u00e4tte nach reitlehre \u2013 egal welcher(diese einigkeit unter verschiedenen reitlehren ist ja schon beachtlich, es muss also wichtig sein). was ist aber so verkehrt dran, wenn das pferd den kopf hoch nimmt? 1. r\u00fccken weg um [&hellip;]<\/p>\n","protected":false},"author":1,"featured_media":324,"comment_status":"closed","ping_status":"closed","sticky":false,"template":"","format":"standard","meta":{"footnotes":""},"categories":[1],"tags":[],"class_list":["post-81","post","type-post","status-publish","format-standard","has-post-thumbnail","hentry","category-allgemein","post-wrapper","thrv_wrapper"],"yoast_head":"<!-- This site is optimized with the Yoast SEO plugin v27.2 - https:\/\/yoast.com\/product\/yoast-seo-wordpress\/ -->\n<title>warum kopf hoch beim pferd verkehrt ist - denktier pferd<\/title>\n<meta name=\"robots\" content=\"index, follow, max-snippet:-1, max-image-preview:large, max-video-preview:-1\" \/>\n<link rel=\"canonical\" href=\"https:\/\/denktier.at\/pferd\/2022\/10\/05\/warum-kopf-hoch-beim-pferd-verkehrt-ist\/\" \/>\n<meta property=\"og:locale\" content=\"de_DE\" \/>\n<meta property=\"og:type\" content=\"article\" \/>\n<meta property=\"og:title\" content=\"warum kopf hoch beim pferd verkehrt ist - denktier pferd\" \/>\n<meta property=\"og:description\" content=\"nimmt ein pferd den kopf hoch, so freut das den reiter wenig. das entspricht nicht dem, wie man\u2019s gerne h\u00e4tte nach reitlehre \u2013 egal welcher(diese einigkeit unter verschiedenen reitlehren ist ja schon beachtlich, es muss also wichtig sein). was ist aber so verkehrt dran, wenn das pferd den kopf hoch nimmt? 1. r\u00fccken weg um [&hellip;]\" \/>\n<meta property=\"og:url\" content=\"https:\/\/denktier.at\/pferd\/2022\/10\/05\/warum-kopf-hoch-beim-pferd-verkehrt-ist\/\" \/>\n<meta property=\"og:site_name\" content=\"denktier pferd\" \/>\n<meta property=\"article:published_time\" content=\"2022-10-04T23:20:29+00:00\" \/>\n<meta property=\"article:modified_time\" content=\"2022-10-04T23:30:56+00:00\" \/>\n<meta property=\"og:image\" content=\"https:\/\/denktier.at\/pferd\/wp-content\/uploads\/2022\/10\/Untitled-design-15.jpg\" \/>\n\t<meta property=\"og:image:width\" content=\"1640\" \/>\n\t<meta property=\"og:image:height\" content=\"924\" \/>\n\t<meta property=\"og:image:type\" content=\"image\/jpeg\" \/>\n<meta name=\"author\" content=\"brigid\" \/>\n<meta name=\"twitter:card\" content=\"summary_large_image\" \/>\n<meta name=\"twitter:label1\" content=\"Verfasst von\" \/>\n\t<meta name=\"twitter:data1\" content=\"brigid\" \/>\n\t<meta name=\"twitter:label2\" content=\"Gesch\u00e4tzte Lesezeit\" \/>\n\t<meta name=\"twitter:data2\" content=\"4 Minuten\" \/>\n<script type=\"application\/ld+json\" class=\"yoast-schema-graph\">{\"@context\":\"https:\/\/schema.org\",\"@graph\":[{\"@type\":\"Article\",\"@id\":\"https:\/\/denktier.at\/pferd\/2022\/10\/05\/warum-kopf-hoch-beim-pferd-verkehrt-ist\/#article\",\"isPartOf\":{\"@id\":\"https:\/\/denktier.at\/pferd\/2022\/10\/05\/warum-kopf-hoch-beim-pferd-verkehrt-ist\/\"},\"author\":{\"name\":\"brigid\",\"@id\":\"https:\/\/denktier.at\/pferd\/#\/schema\/person\/a450dfa4b955cd9290eeb589dc2caddf\"},\"headline\":\"warum kopf hoch beim pferd verkehrt ist\",\"datePublished\":\"2022-10-04T23:20:29+00:00\",\"dateModified\":\"2022-10-04T23:30:56+00:00\",\"mainEntityOfPage\":{\"@id\":\"https:\/\/denktier.at\/pferd\/2022\/10\/05\/warum-kopf-hoch-beim-pferd-verkehrt-ist\/\"},\"wordCount\":651,\"image\":{\"@id\":\"https:\/\/denktier.at\/pferd\/2022\/10\/05\/warum-kopf-hoch-beim-pferd-verkehrt-ist\/#primaryimage\"},\"thumbnailUrl\":\"https:\/\/denktier.at\/pferd\/wp-content\/uploads\/2022\/10\/Untitled-design-15.jpg\",\"inLanguage\":\"de-AT\"},{\"@type\":\"WebPage\",\"@id\":\"https:\/\/denktier.at\/pferd\/2022\/10\/05\/warum-kopf-hoch-beim-pferd-verkehrt-ist\/\",\"url\":\"https:\/\/denktier.at\/pferd\/2022\/10\/05\/warum-kopf-hoch-beim-pferd-verkehrt-ist\/\",\"name\":\"warum kopf hoch beim pferd verkehrt ist - denktier pferd\",\"isPartOf\":{\"@id\":\"https:\/\/denktier.at\/pferd\/#website\"},\"primaryImageOfPage\":{\"@id\":\"https:\/\/denktier.at\/pferd\/2022\/10\/05\/warum-kopf-hoch-beim-pferd-verkehrt-ist\/#primaryimage\"},\"image\":{\"@id\":\"https:\/\/denktier.at\/pferd\/2022\/10\/05\/warum-kopf-hoch-beim-pferd-verkehrt-ist\/#primaryimage\"},\"thumbnailUrl\":\"https:\/\/denktier.at\/pferd\/wp-content\/uploads\/2022\/10\/Untitled-design-15.jpg\",\"datePublished\":\"2022-10-04T23:20:29+00:00\",\"dateModified\":\"2022-10-04T23:30:56+00:00\",\"author\":{\"@id\":\"https:\/\/denktier.at\/pferd\/#\/schema\/person\/a450dfa4b955cd9290eeb589dc2caddf\"},\"breadcrumb\":{\"@id\":\"https:\/\/denktier.at\/pferd\/2022\/10\/05\/warum-kopf-hoch-beim-pferd-verkehrt-ist\/#breadcrumb\"},\"inLanguage\":\"de-AT\",\"potentialAction\":[{\"@type\":\"ReadAction\",\"target\":[\"https:\/\/denktier.at\/pferd\/2022\/10\/05\/warum-kopf-hoch-beim-pferd-verkehrt-ist\/\"]}]},{\"@type\":\"ImageObject\",\"inLanguage\":\"de-AT\",\"@id\":\"https:\/\/denktier.at\/pferd\/2022\/10\/05\/warum-kopf-hoch-beim-pferd-verkehrt-ist\/#primaryimage\",\"url\":\"https:\/\/denktier.at\/pferd\/wp-content\/uploads\/2022\/10\/Untitled-design-15.jpg\",\"contentUrl\":\"https:\/\/denktier.at\/pferd\/wp-content\/uploads\/2022\/10\/Untitled-design-15.jpg\",\"width\":1640,\"height\":924,\"caption\":\"kopfhaltung pferd\"},{\"@type\":\"BreadcrumbList\",\"@id\":\"https:\/\/denktier.at\/pferd\/2022\/10\/05\/warum-kopf-hoch-beim-pferd-verkehrt-ist\/#breadcrumb\",\"itemListElement\":[{\"@type\":\"ListItem\",\"position\":1,\"name\":\"Home\",\"item\":\"https:\/\/denktier.at\/pferd\/\"},{\"@type\":\"ListItem\",\"position\":2,\"name\":\"warum kopf hoch beim pferd verkehrt ist\"}]},{\"@type\":\"WebSite\",\"@id\":\"https:\/\/denktier.at\/pferd\/#website\",\"url\":\"https:\/\/denktier.at\/pferd\/\",\"name\":\"denktier pferd\",\"description\":\"\",\"potentialAction\":[{\"@type\":\"SearchAction\",\"target\":{\"@type\":\"EntryPoint\",\"urlTemplate\":\"https:\/\/denktier.at\/pferd\/?s={search_term_string}\"},\"query-input\":{\"@type\":\"PropertyValueSpecification\",\"valueRequired\":true,\"valueName\":\"search_term_string\"}}],\"inLanguage\":\"de-AT\"},{\"@type\":\"Person\",\"@id\":\"https:\/\/denktier.at\/pferd\/#\/schema\/person\/a450dfa4b955cd9290eeb589dc2caddf\",\"name\":\"brigid\",\"image\":{\"@type\":\"ImageObject\",\"inLanguage\":\"de-AT\",\"@id\":\"https:\/\/secure.gravatar.com\/avatar\/e4194f972046db80294d79daa065f609498fda96e97e70bb961ac7e8afd9a3cb?s=96&d=mm&r=g\",\"url\":\"https:\/\/secure.gravatar.com\/avatar\/e4194f972046db80294d79daa065f609498fda96e97e70bb961ac7e8afd9a3cb?s=96&d=mm&r=g\",\"contentUrl\":\"https:\/\/secure.gravatar.com\/avatar\/e4194f972046db80294d79daa065f609498fda96e97e70bb961ac7e8afd9a3cb?s=96&d=mm&r=g\",\"caption\":\"brigid\"},\"sameAs\":[\"https:\/\/denktier.at\/pferd\"],\"url\":\"https:\/\/denktier.at\/pferd\/author\/brigid\/\"}]}<\/script>\n<!-- \/ Yoast SEO plugin. -->","yoast_head_json":{"title":"warum kopf hoch beim pferd verkehrt ist - denktier pferd","robots":{"index":"index","follow":"follow","max-snippet":"max-snippet:-1","max-image-preview":"max-image-preview:large","max-video-preview":"max-video-preview:-1"},"canonical":"https:\/\/denktier.at\/pferd\/2022\/10\/05\/warum-kopf-hoch-beim-pferd-verkehrt-ist\/","og_locale":"de_DE","og_type":"article","og_title":"warum kopf hoch beim pferd verkehrt ist - denktier pferd","og_description":"nimmt ein pferd den kopf hoch, so freut das den reiter wenig. das entspricht nicht dem, wie man\u2019s gerne h\u00e4tte nach reitlehre \u2013 egal welcher(diese einigkeit unter verschiedenen reitlehren ist ja schon beachtlich, es muss also wichtig sein). was ist aber so verkehrt dran, wenn das pferd den kopf hoch nimmt? 1. r\u00fccken weg um [&hellip;]","og_url":"https:\/\/denktier.at\/pferd\/2022\/10\/05\/warum-kopf-hoch-beim-pferd-verkehrt-ist\/","og_site_name":"denktier pferd","article_published_time":"2022-10-04T23:20:29+00:00","article_modified_time":"2022-10-04T23:30:56+00:00","og_image":[{"width":1640,"height":924,"url":"https:\/\/denktier.at\/pferd\/wp-content\/uploads\/2022\/10\/Untitled-design-15.jpg","type":"image\/jpeg"}],"author":"brigid","twitter_card":"summary_large_image","twitter_misc":{"Verfasst von":"brigid","Gesch\u00e4tzte Lesezeit":"4 Minuten"},"schema":{"@context":"https:\/\/schema.org","@graph":[{"@type":"Article","@id":"https:\/\/denktier.at\/pferd\/2022\/10\/05\/warum-kopf-hoch-beim-pferd-verkehrt-ist\/#article","isPartOf":{"@id":"https:\/\/denktier.at\/pferd\/2022\/10\/05\/warum-kopf-hoch-beim-pferd-verkehrt-ist\/"},"author":{"name":"brigid","@id":"https:\/\/denktier.at\/pferd\/#\/schema\/person\/a450dfa4b955cd9290eeb589dc2caddf"},"headline":"warum kopf hoch beim pferd verkehrt ist","datePublished":"2022-10-04T23:20:29+00:00","dateModified":"2022-10-04T23:30:56+00:00","mainEntityOfPage":{"@id":"https:\/\/denktier.at\/pferd\/2022\/10\/05\/warum-kopf-hoch-beim-pferd-verkehrt-ist\/"},"wordCount":651,"image":{"@id":"https:\/\/denktier.at\/pferd\/2022\/10\/05\/warum-kopf-hoch-beim-pferd-verkehrt-ist\/#primaryimage"},"thumbnailUrl":"https:\/\/denktier.at\/pferd\/wp-content\/uploads\/2022\/10\/Untitled-design-15.jpg","inLanguage":"de-AT"},{"@type":"WebPage","@id":"https:\/\/denktier.at\/pferd\/2022\/10\/05\/warum-kopf-hoch-beim-pferd-verkehrt-ist\/","url":"https:\/\/denktier.at\/pferd\/2022\/10\/05\/warum-kopf-hoch-beim-pferd-verkehrt-ist\/","name":"warum kopf hoch beim pferd verkehrt ist - denktier pferd","isPartOf":{"@id":"https:\/\/denktier.at\/pferd\/#website"},"primaryImageOfPage":{"@id":"https:\/\/denktier.at\/pferd\/2022\/10\/05\/warum-kopf-hoch-beim-pferd-verkehrt-ist\/#primaryimage"},"image":{"@id":"https:\/\/denktier.at\/pferd\/2022\/10\/05\/warum-kopf-hoch-beim-pferd-verkehrt-ist\/#primaryimage"},"thumbnailUrl":"https:\/\/denktier.at\/pferd\/wp-content\/uploads\/2022\/10\/Untitled-design-15.jpg","datePublished":"2022-10-04T23:20:29+00:00","dateModified":"2022-10-04T23:30:56+00:00","author":{"@id":"https:\/\/denktier.at\/pferd\/#\/schema\/person\/a450dfa4b955cd9290eeb589dc2caddf"},"breadcrumb":{"@id":"https:\/\/denktier.at\/pferd\/2022\/10\/05\/warum-kopf-hoch-beim-pferd-verkehrt-ist\/#breadcrumb"},"inLanguage":"de-AT","potentialAction":[{"@type":"ReadAction","target":["https:\/\/denktier.at\/pferd\/2022\/10\/05\/warum-kopf-hoch-beim-pferd-verkehrt-ist\/"]}]},{"@type":"ImageObject","inLanguage":"de-AT","@id":"https:\/\/denktier.at\/pferd\/2022\/10\/05\/warum-kopf-hoch-beim-pferd-verkehrt-ist\/#primaryimage","url":"https:\/\/denktier.at\/pferd\/wp-content\/uploads\/2022\/10\/Untitled-design-15.jpg","contentUrl":"https:\/\/denktier.at\/pferd\/wp-content\/uploads\/2022\/10\/Untitled-design-15.jpg","width":1640,"height":924,"caption":"kopfhaltung pferd"},{"@type":"BreadcrumbList","@id":"https:\/\/denktier.at\/pferd\/2022\/10\/05\/warum-kopf-hoch-beim-pferd-verkehrt-ist\/#breadcrumb","itemListElement":[{"@type":"ListItem","position":1,"name":"Home","item":"https:\/\/denktier.at\/pferd\/"},{"@type":"ListItem","position":2,"name":"warum kopf hoch beim pferd verkehrt ist"}]},{"@type":"WebSite","@id":"https:\/\/denktier.at\/pferd\/#website","url":"https:\/\/denktier.at\/pferd\/","name":"denktier pferd","description":"","potentialAction":[{"@type":"SearchAction","target":{"@type":"EntryPoint","urlTemplate":"https:\/\/denktier.at\/pferd\/?s={search_term_string}"},"query-input":{"@type":"PropertyValueSpecification","valueRequired":true,"valueName":"search_term_string"}}],"inLanguage":"de-AT"},{"@type":"Person","@id":"https:\/\/denktier.at\/pferd\/#\/schema\/person\/a450dfa4b955cd9290eeb589dc2caddf","name":"brigid","image":{"@type":"ImageObject","inLanguage":"de-AT","@id":"https:\/\/secure.gravatar.com\/avatar\/e4194f972046db80294d79daa065f609498fda96e97e70bb961ac7e8afd9a3cb?s=96&d=mm&r=g","url":"https:\/\/secure.gravatar.com\/avatar\/e4194f972046db80294d79daa065f609498fda96e97e70bb961ac7e8afd9a3cb?s=96&d=mm&r=g","contentUrl":"https:\/\/secure.gravatar.com\/avatar\/e4194f972046db80294d79daa065f609498fda96e97e70bb961ac7e8afd9a3cb?s=96&d=mm&r=g","caption":"brigid"},"sameAs":["https:\/\/denktier.at\/pferd"],"url":"https:\/\/denktier.at\/pferd\/author\/brigid\/"}]}},"_links":{"self":[{"href":"https:\/\/denktier.at\/pferd\/wp-json\/wp\/v2\/posts\/81","targetHints":{"allow":["GET"]}}],"collection":[{"href":"https:\/\/denktier.at\/pferd\/wp-json\/wp\/v2\/posts"}],"about":[{"href":"https:\/\/denktier.at\/pferd\/wp-json\/wp\/v2\/types\/post"}],"author":[{"embeddable":true,"href":"https:\/\/denktier.at\/pferd\/wp-json\/wp\/v2\/users\/1"}],"replies":[{"embeddable":true,"href":"https:\/\/denktier.at\/pferd\/wp-json\/wp\/v2\/comments?post=81"}],"version-history":[{"count":5,"href":"https:\/\/denktier.at\/pferd\/wp-json\/wp\/v2\/posts\/81\/revisions"}],"predecessor-version":[{"id":329,"href":"https:\/\/denktier.at\/pferd\/wp-json\/wp\/v2\/posts\/81\/revisions\/329"}],"wp:featuredmedia":[{"embeddable":true,"href":"https:\/\/denktier.at\/pferd\/wp-json\/wp\/v2\/media\/324"}],"wp:attachment":[{"href":"https:\/\/denktier.at\/pferd\/wp-json\/wp\/v2\/media?parent=81"}],"wp:term":[{"taxonomy":"category","embeddable":true,"href":"https:\/\/denktier.at\/pferd\/wp-json\/wp\/v2\/categories?post=81"},{"taxonomy":"post_tag","embeddable":true,"href":"https:\/\/denktier.at\/pferd\/wp-json\/wp\/v2\/tags?post=81"}],"curies":[{"name":"wp","href":"https:\/\/api.w.org\/{rel}","templated":true}]}}