{"id":79,"date":"2023-08-25T18:39:52","date_gmt":"2023-08-25T16:39:52","guid":{"rendered":"https:\/\/denktier.at\/pferd\/?p=79"},"modified":"2023-08-25T18:39:52","modified_gmt":"2023-08-25T16:39:52","slug":"wenn-das-pferd-angst-vor-fremden-menschen-hat","status":"publish","type":"post","link":"https:\/\/denktier.at\/pferd\/2023\/08\/25\/wenn-das-pferd-angst-vor-fremden-menschen-hat\/","title":{"rendered":"wenn das pferd angst vor fremden menschen hat"},"content":{"rendered":"<p>ein pferd, das angst vor fremden menschen hat, hat kein leichtes leben!<\/p>\n<p>angst ist etwas, was nicht nur etwas, was den umgang mit dem pferd schwierig macht.<br \/>\nsie ist vor allem eine belastung f\u00fcrs pferd selber! wer hat schon gern angst.<\/p>\n<p>wenn das pferd sich vor fremden personen f\u00fcrchtet, dann hat das eine von drei ursachen:<\/p>\n<ol>\n<li>es hat schlechte erfahrungen mit fremden menschen gemacht<\/li>\n<li>es ist generell menschen gegen\u00fcber scheu oder misstrauisch (besonders bei &#8222;rohen&#8220; pferden h\u00e4ufig)<\/li>\n<li>es ist generell mit allem neuen rasch \u00fcberfordert<\/li>\n<\/ol>\n<p>allen drei ursachen ist gemeinsam, dass der pferd zu wenig und vor allem zu wenig positive erfahrungen mit fremden menschen macht.<\/p>\n<p>was nat\u00fcrlich schnell passiert \u2013 vor allem, wenn man das pferd in einem kleinen stall oder bei sich zuhause stehen hat. wann trifft es da schon fremde menschen?<\/p>\n<p>die fremden menschen sind dann meist nur jene, die \u201eb\u00f6ses\u201c im sinn haben \u2013 also der tierarzt oder der hufschmied.<\/p>\n<p><img loading=\"lazy\" decoding=\"async\" class=\"aligncenter wp-image-603\" src=\"https:\/\/denktier.at\/pferd\/wp-content\/uploads\/2023\/08\/pferde-blog-8.jpg\" alt=\"pferd hat angst\" width=\"640\" height=\"361\" srcset=\"https:\/\/denktier.at\/pferd\/wp-content\/uploads\/2023\/08\/pferde-blog-8.jpg 1640w, https:\/\/denktier.at\/pferd\/wp-content\/uploads\/2023\/08\/pferde-blog-8-300x169.jpg 300w, https:\/\/denktier.at\/pferd\/wp-content\/uploads\/2023\/08\/pferde-blog-8-1024x577.jpg 1024w, https:\/\/denktier.at\/pferd\/wp-content\/uploads\/2023\/08\/pferde-blog-8-768x433.jpg 768w, https:\/\/denktier.at\/pferd\/wp-content\/uploads\/2023\/08\/pferde-blog-8-1536x865.jpg 1536w, https:\/\/denktier.at\/pferd\/wp-content\/uploads\/2023\/08\/pferde-blog-8-600x338.jpg 600w\" sizes=\"auto, (max-width: 640px) 100vw, 640px\" \/><\/p>\n<p>beide sind f\u00fcr \u00e4ngstliche pferde oft ein problem \u2013 und beide kann man meist nicht so eben ein dutzenmal einfach so bestellen, damit sie dem pferd ein keksi geben und weiter nichts tun.<\/p>\n<p>es bleibt daher nur, das pferd generell mit fremden menschen vertrauter und insgesamt selbstsicherer zu machen. dazu braucht es zwar oft einen ma\u00dfgeschneiderten trainingsplan, keinesfalls aber sind die folgenden drei dinge verkehrt:<\/p>\n<h3>1. keine negativen erfahrungen<\/h3>\n<p>je mehr positive erfahrungen im leben das pferd ganz allgemein macht, desto sicherer wird es sich f\u00fchlen und desto weniger schlimm sind dann unbekannte dinge und fremde menschen.<\/p>\n<p>es braucht also eine herdensituation, in der es sich wohlf\u00fchlt, und einen freundlichen umgang sowohl im alltag als auch beim reiten, wo druck, strafe oder \u00fcberforderung v\u00f6llig tabu sind.<\/p>\n<h3>2.\u00a0 souver\u00e4ne gesellschaft<\/h3>\n<p>pferde orientieren sich stark an ihrem sozialen umfeld \u2013 ob das nun der eigene mensch oder ein herdenkumpel ist, spielt dabei h\u00e4ufig eine geringere rolle.<\/p>\n<p>wichtig ist, dass jemand da ist, der in der situation ruhig und besonnen, souver\u00e4n und gelassen bleibt!<\/p>\n<p>denn daran nimmt sich das pferd ein beispiel.<\/p>\n<p>es hilft also, entweder selber sehr gelassen zu bleiben.<br \/>\noder aber dem pferd souver\u00e4ne pferdegesellschaft zur seite zu stellen.<br \/>\ndann ist gleich alles weniger schlimm \u2013 auch der fremde mensch.<\/p>\n<h3>3.\u00a0 erfolgserlebnisse sammeln<\/h3>\n<p>mit jedem positiven erlebnis, das dein pferd mit einem fremden menschen macht, sammelt es wichtige pluspunkte in seinem erfahrungsschatz.<\/p>\n<p>je mehr davon es gibt \u2013 und zwar ganz gezielt mit fremden menschen \u2013 desto eher entsteht eine positive erwartungshaltung.<\/p>\n<p>wenn also regelm\u00e4\u00dfig fremde menschen auftauchen und \u00e4pfel oder leckerchen bringen, dann werden fremde dem pferd buchst\u00e4blich schmackhaft gemacht!<\/p>\n<p>wichtig ist dabei allerdings, das pferd nicht zu \u00fcberfordern!<br \/>\nsonst wird daraus keine positive erfahrung.<\/p>\n<p>der fremde mensch hat also nichts anderes zu tun, als den apfel zu \u00fcberreichen<br \/>\noder einen futtereimer mit apfel abzustellen<br \/>\nund gleich wieder zu gehen!<\/p>\n<p>erst wenn das pferd dabei entspannt bleibt oder schon neugierig schaut,<br \/>\ndarf der fremde ruhig neben dem pferd stehen bleiben.<br \/>\nund erst viel sp\u00e4ter darf er es dann ganz sanft auch mal anfassen oder streicheln.<\/p>\n<p>bleibt also nur noch die aufgabe, immer wieder fremde menschen f\u00fcr einen besuch beim pferd zu gewinnen\u00a0<img decoding=\"async\" class=\"emoji\" role=\"img\" draggable=\"false\" src=\"https:\/\/s.w.org\/images\/core\/emoji\/13.1.0\/svg\/1f642.svg\" alt=\"\ud83d\ude42\" \/><\/p>\n","protected":false},"excerpt":{"rendered":"<p>ein pferd, das angst vor fremden menschen hat, hat kein leichtes leben! angst ist etwas, was nicht nur etwas, was den umgang mit dem pferd schwierig macht. sie ist vor allem eine belastung f\u00fcrs pferd selber! wer hat schon gern angst. wenn das pferd sich vor fremden personen f\u00fcrchtet, dann hat das eine von drei [&hellip;]<\/p>\n","protected":false},"author":1,"featured_media":603,"comment_status":"closed","ping_status":"closed","sticky":false,"template":"","format":"standard","meta":{"footnotes":""},"categories":[1],"tags":[],"class_list":["post-79","post","type-post","status-publish","format-standard","has-post-thumbnail","hentry","category-allgemein","post-wrapper","thrv_wrapper"],"yoast_head":"<!-- This site is optimized with the Yoast SEO plugin v27.2 - https:\/\/yoast.com\/product\/yoast-seo-wordpress\/ -->\n<title>wenn das pferd angst vor fremden menschen hat - denktier pferd<\/title>\n<meta name=\"description\" content=\"bei &quot;rohen&quot; pferden ist es zu erwarten, doch auch reitpferde k\u00f6nnen angst haben vor fremden menschen. meist mit gutem grund.\" \/>\n<meta name=\"robots\" content=\"index, follow, max-snippet:-1, max-image-preview:large, max-video-preview:-1\" \/>\n<link rel=\"canonical\" href=\"https:\/\/denktier.at\/pferd\/2023\/08\/25\/wenn-das-pferd-angst-vor-fremden-menschen-hat\/\" \/>\n<meta property=\"og:locale\" content=\"de_DE\" \/>\n<meta property=\"og:type\" content=\"article\" \/>\n<meta property=\"og:title\" content=\"wenn das pferd angst vor fremden menschen hat - denktier pferd\" \/>\n<meta property=\"og:description\" content=\"bei &quot;rohen&quot; pferden ist es zu erwarten, doch auch reitpferde k\u00f6nnen angst haben vor fremden menschen. meist mit gutem grund.\" \/>\n<meta property=\"og:url\" content=\"https:\/\/denktier.at\/pferd\/2023\/08\/25\/wenn-das-pferd-angst-vor-fremden-menschen-hat\/\" \/>\n<meta property=\"og:site_name\" content=\"denktier pferd\" \/>\n<meta property=\"article:published_time\" content=\"2023-08-25T16:39:52+00:00\" \/>\n<meta property=\"og:image\" content=\"https:\/\/denktier.at\/pferd\/wp-content\/uploads\/2023\/08\/pferde-blog-8.jpg\" \/>\n\t<meta property=\"og:image:width\" content=\"1640\" \/>\n\t<meta property=\"og:image:height\" content=\"924\" \/>\n\t<meta property=\"og:image:type\" content=\"image\/jpeg\" \/>\n<meta name=\"author\" content=\"brigid\" \/>\n<meta name=\"twitter:card\" content=\"summary_large_image\" \/>\n<meta name=\"twitter:label1\" content=\"Verfasst von\" \/>\n\t<meta name=\"twitter:data1\" content=\"brigid\" \/>\n\t<meta name=\"twitter:label2\" content=\"Gesch\u00e4tzte Lesezeit\" \/>\n\t<meta name=\"twitter:data2\" content=\"4 Minuten\" \/>\n<script type=\"application\/ld+json\" class=\"yoast-schema-graph\">{\"@context\":\"https:\/\/schema.org\",\"@graph\":[{\"@type\":\"Article\",\"@id\":\"https:\/\/denktier.at\/pferd\/2023\/08\/25\/wenn-das-pferd-angst-vor-fremden-menschen-hat\/#article\",\"isPartOf\":{\"@id\":\"https:\/\/denktier.at\/pferd\/2023\/08\/25\/wenn-das-pferd-angst-vor-fremden-menschen-hat\/\"},\"author\":{\"name\":\"brigid\",\"@id\":\"https:\/\/denktier.at\/pferd\/#\/schema\/person\/a450dfa4b955cd9290eeb589dc2caddf\"},\"headline\":\"wenn das pferd angst vor fremden menschen hat\",\"datePublished\":\"2023-08-25T16:39:52+00:00\",\"mainEntityOfPage\":{\"@id\":\"https:\/\/denktier.at\/pferd\/2023\/08\/25\/wenn-das-pferd-angst-vor-fremden-menschen-hat\/\"},\"wordCount\":533,\"image\":{\"@id\":\"https:\/\/denktier.at\/pferd\/2023\/08\/25\/wenn-das-pferd-angst-vor-fremden-menschen-hat\/#primaryimage\"},\"thumbnailUrl\":\"https:\/\/denktier.at\/pferd\/wp-content\/uploads\/2023\/08\/pferde-blog-8.jpg\",\"inLanguage\":\"de-AT\"},{\"@type\":\"WebPage\",\"@id\":\"https:\/\/denktier.at\/pferd\/2023\/08\/25\/wenn-das-pferd-angst-vor-fremden-menschen-hat\/\",\"url\":\"https:\/\/denktier.at\/pferd\/2023\/08\/25\/wenn-das-pferd-angst-vor-fremden-menschen-hat\/\",\"name\":\"wenn das pferd angst vor fremden menschen hat - denktier pferd\",\"isPartOf\":{\"@id\":\"https:\/\/denktier.at\/pferd\/#website\"},\"primaryImageOfPage\":{\"@id\":\"https:\/\/denktier.at\/pferd\/2023\/08\/25\/wenn-das-pferd-angst-vor-fremden-menschen-hat\/#primaryimage\"},\"image\":{\"@id\":\"https:\/\/denktier.at\/pferd\/2023\/08\/25\/wenn-das-pferd-angst-vor-fremden-menschen-hat\/#primaryimage\"},\"thumbnailUrl\":\"https:\/\/denktier.at\/pferd\/wp-content\/uploads\/2023\/08\/pferde-blog-8.jpg\",\"datePublished\":\"2023-08-25T16:39:52+00:00\",\"author\":{\"@id\":\"https:\/\/denktier.at\/pferd\/#\/schema\/person\/a450dfa4b955cd9290eeb589dc2caddf\"},\"description\":\"bei \\\"rohen\\\" pferden ist es zu erwarten, doch auch reitpferde k\u00f6nnen angst haben vor fremden menschen. meist mit gutem grund.\",\"breadcrumb\":{\"@id\":\"https:\/\/denktier.at\/pferd\/2023\/08\/25\/wenn-das-pferd-angst-vor-fremden-menschen-hat\/#breadcrumb\"},\"inLanguage\":\"de-AT\",\"potentialAction\":[{\"@type\":\"ReadAction\",\"target\":[\"https:\/\/denktier.at\/pferd\/2023\/08\/25\/wenn-das-pferd-angst-vor-fremden-menschen-hat\/\"]}]},{\"@type\":\"ImageObject\",\"inLanguage\":\"de-AT\",\"@id\":\"https:\/\/denktier.at\/pferd\/2023\/08\/25\/wenn-das-pferd-angst-vor-fremden-menschen-hat\/#primaryimage\",\"url\":\"https:\/\/denktier.at\/pferd\/wp-content\/uploads\/2023\/08\/pferde-blog-8.jpg\",\"contentUrl\":\"https:\/\/denktier.at\/pferd\/wp-content\/uploads\/2023\/08\/pferde-blog-8.jpg\",\"width\":1640,\"height\":924,\"caption\":\"pferd hat angst\"},{\"@type\":\"BreadcrumbList\",\"@id\":\"https:\/\/denktier.at\/pferd\/2023\/08\/25\/wenn-das-pferd-angst-vor-fremden-menschen-hat\/#breadcrumb\",\"itemListElement\":[{\"@type\":\"ListItem\",\"position\":1,\"name\":\"Home\",\"item\":\"https:\/\/denktier.at\/pferd\/\"},{\"@type\":\"ListItem\",\"position\":2,\"name\":\"wenn das pferd angst vor fremden menschen hat\"}]},{\"@type\":\"WebSite\",\"@id\":\"https:\/\/denktier.at\/pferd\/#website\",\"url\":\"https:\/\/denktier.at\/pferd\/\",\"name\":\"denktier pferd\",\"description\":\"\",\"potentialAction\":[{\"@type\":\"SearchAction\",\"target\":{\"@type\":\"EntryPoint\",\"urlTemplate\":\"https:\/\/denktier.at\/pferd\/?s={search_term_string}\"},\"query-input\":{\"@type\":\"PropertyValueSpecification\",\"valueRequired\":true,\"valueName\":\"search_term_string\"}}],\"inLanguage\":\"de-AT\"},{\"@type\":\"Person\",\"@id\":\"https:\/\/denktier.at\/pferd\/#\/schema\/person\/a450dfa4b955cd9290eeb589dc2caddf\",\"name\":\"brigid\",\"image\":{\"@type\":\"ImageObject\",\"inLanguage\":\"de-AT\",\"@id\":\"https:\/\/secure.gravatar.com\/avatar\/e4194f972046db80294d79daa065f609498fda96e97e70bb961ac7e8afd9a3cb?s=96&d=mm&r=g\",\"url\":\"https:\/\/secure.gravatar.com\/avatar\/e4194f972046db80294d79daa065f609498fda96e97e70bb961ac7e8afd9a3cb?s=96&d=mm&r=g\",\"contentUrl\":\"https:\/\/secure.gravatar.com\/avatar\/e4194f972046db80294d79daa065f609498fda96e97e70bb961ac7e8afd9a3cb?s=96&d=mm&r=g\",\"caption\":\"brigid\"},\"sameAs\":[\"https:\/\/denktier.at\/pferd\"],\"url\":\"https:\/\/denktier.at\/pferd\/author\/brigid\/\"}]}<\/script>\n<!-- \/ Yoast SEO plugin. -->","yoast_head_json":{"title":"wenn das pferd angst vor fremden menschen hat - denktier pferd","description":"bei \"rohen\" pferden ist es zu erwarten, doch auch reitpferde k\u00f6nnen angst haben vor fremden menschen. meist mit gutem grund.","robots":{"index":"index","follow":"follow","max-snippet":"max-snippet:-1","max-image-preview":"max-image-preview:large","max-video-preview":"max-video-preview:-1"},"canonical":"https:\/\/denktier.at\/pferd\/2023\/08\/25\/wenn-das-pferd-angst-vor-fremden-menschen-hat\/","og_locale":"de_DE","og_type":"article","og_title":"wenn das pferd angst vor fremden menschen hat - denktier pferd","og_description":"bei \"rohen\" pferden ist es zu erwarten, doch auch reitpferde k\u00f6nnen angst haben vor fremden menschen. meist mit gutem grund.","og_url":"https:\/\/denktier.at\/pferd\/2023\/08\/25\/wenn-das-pferd-angst-vor-fremden-menschen-hat\/","og_site_name":"denktier pferd","article_published_time":"2023-08-25T16:39:52+00:00","og_image":[{"width":1640,"height":924,"url":"https:\/\/denktier.at\/pferd\/wp-content\/uploads\/2023\/08\/pferde-blog-8.jpg","type":"image\/jpeg"}],"author":"brigid","twitter_card":"summary_large_image","twitter_misc":{"Verfasst von":"brigid","Gesch\u00e4tzte Lesezeit":"4 Minuten"},"schema":{"@context":"https:\/\/schema.org","@graph":[{"@type":"Article","@id":"https:\/\/denktier.at\/pferd\/2023\/08\/25\/wenn-das-pferd-angst-vor-fremden-menschen-hat\/#article","isPartOf":{"@id":"https:\/\/denktier.at\/pferd\/2023\/08\/25\/wenn-das-pferd-angst-vor-fremden-menschen-hat\/"},"author":{"name":"brigid","@id":"https:\/\/denktier.at\/pferd\/#\/schema\/person\/a450dfa4b955cd9290eeb589dc2caddf"},"headline":"wenn das pferd angst vor fremden menschen hat","datePublished":"2023-08-25T16:39:52+00:00","mainEntityOfPage":{"@id":"https:\/\/denktier.at\/pferd\/2023\/08\/25\/wenn-das-pferd-angst-vor-fremden-menschen-hat\/"},"wordCount":533,"image":{"@id":"https:\/\/denktier.at\/pferd\/2023\/08\/25\/wenn-das-pferd-angst-vor-fremden-menschen-hat\/#primaryimage"},"thumbnailUrl":"https:\/\/denktier.at\/pferd\/wp-content\/uploads\/2023\/08\/pferde-blog-8.jpg","inLanguage":"de-AT"},{"@type":"WebPage","@id":"https:\/\/denktier.at\/pferd\/2023\/08\/25\/wenn-das-pferd-angst-vor-fremden-menschen-hat\/","url":"https:\/\/denktier.at\/pferd\/2023\/08\/25\/wenn-das-pferd-angst-vor-fremden-menschen-hat\/","name":"wenn das pferd angst vor fremden menschen hat - denktier pferd","isPartOf":{"@id":"https:\/\/denktier.at\/pferd\/#website"},"primaryImageOfPage":{"@id":"https:\/\/denktier.at\/pferd\/2023\/08\/25\/wenn-das-pferd-angst-vor-fremden-menschen-hat\/#primaryimage"},"image":{"@id":"https:\/\/denktier.at\/pferd\/2023\/08\/25\/wenn-das-pferd-angst-vor-fremden-menschen-hat\/#primaryimage"},"thumbnailUrl":"https:\/\/denktier.at\/pferd\/wp-content\/uploads\/2023\/08\/pferde-blog-8.jpg","datePublished":"2023-08-25T16:39:52+00:00","author":{"@id":"https:\/\/denktier.at\/pferd\/#\/schema\/person\/a450dfa4b955cd9290eeb589dc2caddf"},"description":"bei \"rohen\" pferden ist es zu erwarten, doch auch reitpferde k\u00f6nnen angst haben vor fremden menschen. meist mit gutem grund.","breadcrumb":{"@id":"https:\/\/denktier.at\/pferd\/2023\/08\/25\/wenn-das-pferd-angst-vor-fremden-menschen-hat\/#breadcrumb"},"inLanguage":"de-AT","potentialAction":[{"@type":"ReadAction","target":["https:\/\/denktier.at\/pferd\/2023\/08\/25\/wenn-das-pferd-angst-vor-fremden-menschen-hat\/"]}]},{"@type":"ImageObject","inLanguage":"de-AT","@id":"https:\/\/denktier.at\/pferd\/2023\/08\/25\/wenn-das-pferd-angst-vor-fremden-menschen-hat\/#primaryimage","url":"https:\/\/denktier.at\/pferd\/wp-content\/uploads\/2023\/08\/pferde-blog-8.jpg","contentUrl":"https:\/\/denktier.at\/pferd\/wp-content\/uploads\/2023\/08\/pferde-blog-8.jpg","width":1640,"height":924,"caption":"pferd hat angst"},{"@type":"BreadcrumbList","@id":"https:\/\/denktier.at\/pferd\/2023\/08\/25\/wenn-das-pferd-angst-vor-fremden-menschen-hat\/#breadcrumb","itemListElement":[{"@type":"ListItem","position":1,"name":"Home","item":"https:\/\/denktier.at\/pferd\/"},{"@type":"ListItem","position":2,"name":"wenn das pferd angst vor fremden menschen hat"}]},{"@type":"WebSite","@id":"https:\/\/denktier.at\/pferd\/#website","url":"https:\/\/denktier.at\/pferd\/","name":"denktier pferd","description":"","potentialAction":[{"@type":"SearchAction","target":{"@type":"EntryPoint","urlTemplate":"https:\/\/denktier.at\/pferd\/?s={search_term_string}"},"query-input":{"@type":"PropertyValueSpecification","valueRequired":true,"valueName":"search_term_string"}}],"inLanguage":"de-AT"},{"@type":"Person","@id":"https:\/\/denktier.at\/pferd\/#\/schema\/person\/a450dfa4b955cd9290eeb589dc2caddf","name":"brigid","image":{"@type":"ImageObject","inLanguage":"de-AT","@id":"https:\/\/secure.gravatar.com\/avatar\/e4194f972046db80294d79daa065f609498fda96e97e70bb961ac7e8afd9a3cb?s=96&d=mm&r=g","url":"https:\/\/secure.gravatar.com\/avatar\/e4194f972046db80294d79daa065f609498fda96e97e70bb961ac7e8afd9a3cb?s=96&d=mm&r=g","contentUrl":"https:\/\/secure.gravatar.com\/avatar\/e4194f972046db80294d79daa065f609498fda96e97e70bb961ac7e8afd9a3cb?s=96&d=mm&r=g","caption":"brigid"},"sameAs":["https:\/\/denktier.at\/pferd"],"url":"https:\/\/denktier.at\/pferd\/author\/brigid\/"}]}},"_links":{"self":[{"href":"https:\/\/denktier.at\/pferd\/wp-json\/wp\/v2\/posts\/79","targetHints":{"allow":["GET"]}}],"collection":[{"href":"https:\/\/denktier.at\/pferd\/wp-json\/wp\/v2\/posts"}],"about":[{"href":"https:\/\/denktier.at\/pferd\/wp-json\/wp\/v2\/types\/post"}],"author":[{"embeddable":true,"href":"https:\/\/denktier.at\/pferd\/wp-json\/wp\/v2\/users\/1"}],"replies":[{"embeddable":true,"href":"https:\/\/denktier.at\/pferd\/wp-json\/wp\/v2\/comments?post=79"}],"version-history":[{"count":2,"href":"https:\/\/denktier.at\/pferd\/wp-json\/wp\/v2\/posts\/79\/revisions"}],"predecessor-version":[{"id":604,"href":"https:\/\/denktier.at\/pferd\/wp-json\/wp\/v2\/posts\/79\/revisions\/604"}],"wp:featuredmedia":[{"embeddable":true,"href":"https:\/\/denktier.at\/pferd\/wp-json\/wp\/v2\/media\/603"}],"wp:attachment":[{"href":"https:\/\/denktier.at\/pferd\/wp-json\/wp\/v2\/media?parent=79"}],"wp:term":[{"taxonomy":"category","embeddable":true,"href":"https:\/\/denktier.at\/pferd\/wp-json\/wp\/v2\/categories?post=79"},{"taxonomy":"post_tag","embeddable":true,"href":"https:\/\/denktier.at\/pferd\/wp-json\/wp\/v2\/tags?post=79"}],"curies":[{"name":"wp","href":"https:\/\/api.w.org\/{rel}","templated":true}]}}