{"id":703,"date":"2024-08-16T15:00:05","date_gmt":"2024-08-16T13:00:05","guid":{"rendered":"https:\/\/denktier.at\/pferd\/?p=703"},"modified":"2024-08-16T15:00:49","modified_gmt":"2024-08-16T13:00:49","slug":"3-kardinalfehler-beim-verladetraining","status":"publish","type":"post","link":"https:\/\/denktier.at\/pferd\/2024\/08\/16\/3-kardinalfehler-beim-verladetraining\/","title":{"rendered":"3 kardinalfehler beim verladetraining"},"content":{"rendered":"<p>das verladetraining z\u00e4hlt meist zu den gr\u00f6\u00dferen herausforderungen im leben mit dem pferd.<br \/>\nausgenommen nat\u00fcrlich, man packt das pferd sowieso h\u00e4ufig in den h\u00e4nger und es ist alles gewohnt.<\/p>\n<p>f\u00fcr die meisten aber ist das verladen eine sache,<br \/>\ndie man nur sehr selten braucht &#8211; und entweder auf die lange bank schiebt,<br \/>\nauf das beste dabei hofft oder aber mangels verf\u00fcgbarem h\u00e4nger f\u00fcrs \u00fcben nicht trainiert.<\/p>\n<p>steigt das pferd dann nicht gleich ein,<br \/>\nkommt der moment des &#8222;verladetrainings&#8220;.<\/p>\n<p>der experte wird gerufen und es gilt als bewundernswerter erfolg,<br \/>\nwenn das widerstrebende pferd dann nach zwei oder drei stunden endlich im h\u00e4nger steht.<\/p>\n<p>doch was ist danach?<br \/>\nund hat das pferd nun gelernt, problemlos in den h\u00e4nger zu steigen?<br \/>\nin den meisten f\u00e4llen nicht.<\/p>\n<p>verladetraining sollte genau das sein, was der name sagt: training.<br \/>\nso wie keiner vom pferd einen fliegenden galoppwechsel ohne vorbereitung<br \/>\nund ohne l\u00e4ngeres training erwarten w\u00fcrde,<br \/>\nkann man auch beim verladentraining nicht davon ausgehen,<br \/>\ndass sich das in einem nachmittag machen l\u00e4sst.<\/p>\n<p>folgende kardinalfehler gilt es bei diesem training zu vermeiden:<\/p>\n<h2 style=\"padding-left: 80px;\">1. eile<\/h2>\n<p style=\"padding-left: 80px;\">verladentraining braucht zeit.<br \/>\ndas pferd muss in einen unangenehm engen und dunklen raum gehen,<br \/>\n\u00fcber eine schmale rampe, die unter den hufen ungewohnt dr\u00f6hnt.<br \/>\ndas verlangt man schon\u00a0 was vom pferd.<\/p>\n<p style=\"padding-left: 80px;\">nat\u00fcrlich kann es in einer hauruck-aktion gelingen,<br \/>\ndas pferd in ein oder zwei stunden irgendwie (und notfalls mit sedierung in letzter minute) in den h\u00e4nger zu kriegen,<br \/>\ndoch wie wird es dann wohl beim n\u00e4chsten mal auf den h\u00e4nger reagieren?<br \/>\nsicher nicht freudig!<\/p>\n<p style=\"padding-left: 80px;\">ungleich vern\u00fcnftiger ist es, dass pferd dazu zu bekommen, dass es freiwillig einsteigt.<br \/>\ndazu gew\u00f6hnt man es erst mal an den h\u00e4nger,<br \/>\ngeht mit ihm zum h\u00e4nger hin und wieder weg,<br \/>\nmal l\u00e4uft man rundum, man bleibt man davor stehen,<br \/>\nmal l\u00e4sst man&#8217;s daneben grasen.<br \/>\nsolange, bis es sich mit dem h\u00e4nger von au\u00dfern wohlf\u00fchlt.<\/p>\n<p style=\"padding-left: 80px;\">dann erst geht&#8217;s weiter mit erst mal einen huf auf die rampe stellen,<br \/>\nwieder weg und ein weiteres mal,<br \/>\nsolange, bis das pferd von sich aus zwei hufe auf der rampe hat.<\/p>\n<p style=\"padding-left: 80px;\">ganz so, als w\u00e4r das ein neues geschicklichkeitsspiel.<br \/>\ngenauso, wie man ihm beigebracht hat, \u00fcber eine stange zu steigen,<br \/>\n\u00fcber eine plane zu l\u00e4ufen oder \u00e4hnliches.<\/p>\n<p style=\"padding-left: 80px;\">schrittweise \u00fcbt man das weiter, bis das ganze pferd im h\u00e4nger steht.<br \/>\nund ganz gelassen wieder retour raus schiebt.<\/p>\n<p style=\"padding-left: 80px;\">das ist ein nicht unwesentlicher teil des verladetrainings:<br \/>\ndas pferd geht mit der situation so gelassen um,<br \/>\ndass auch das r\u00fcckw\u00e4rts aus dem h\u00e4nger wieder aussteigen kein thema ist.<\/p>\n<h2 style=\"padding-left: 80px;\">2. druck<\/h2>\n<p style=\"padding-left: 80px;\">druck ist in der pferdeausbildung immer nachteilig.<br \/>\nim verladetraining aber besonders.<\/p>\n<p style=\"padding-left: 80px;\">man bringt das pferd mit druck einerseits in (etwas) stress &#8211;<br \/>\nin einer situation, wo ihm der h\u00e4nger eh schon stress macht.<br \/>\nje gestresster das pferd ist, desto weniger willens ist es,<br \/>\nin ein &#8222;finsteres loch&#8220; zu gehen.<\/p>\n<p style=\"padding-left: 80px;\">es versucht vielmehr, dem druck auszuweichen<br \/>\nund sich in sicherheit zu bringen.<br \/>\nwenn es nur irgendwie kann, ist das au\u00dferhalb des h\u00e4ngers.<\/p>\n<p style=\"padding-left: 80px;\">man kann nat\u00fcrlich versuchen, ihm keinen anderen weg als den in den h\u00e4nger zu lassen.<br \/>\n(und wer das mal versucht hat, wei\u00df, wie schwierig das ist<br \/>\nund dass manche pferde dabei fast panisch werden).<br \/>\nda riskiert man allerdings, dass das pferd kaum drinnen auch gleich wieder rausschie\u00dft.<\/p>\n<p style=\"padding-left: 80px;\">g\u00e4nzlich unm\u00f6glich wird das verladen, wenn der druck (auch) von vorne kommt.<br \/>\nwenn man versucht, das pferd am strick in den h\u00e4nger zu ziehen,<br \/>\nsteht man ihm erstens im weg und es hat kaum platz zum einsteigen.<br \/>\nzweitens aber aktiviert das ziehen am kopf die gegenreaktion des pferdes:<br \/>\nes zieht dagegen und nach hinten &#8211; also wieder raus aus dem h\u00e4nger.<\/p>\n<p style=\"padding-left: 80px;\">wieder nichts.<\/p>\n<h2 style=\"padding-left: 80px;\">3. falsches lob<\/h2>\n<p style=\"padding-left: 80px;\">wenn druck nichts bringt, dann doch besser gut zureden und mit futter locken, oder?<\/p>\n<p style=\"padding-left: 80px;\">positive best\u00e4tigung von erw\u00fcnschtem verhalten w\u00e4re jedenfalls richtig,<br \/>\negal ob mit lob oder leckerchen.<\/p>\n<p style=\"padding-left: 80px;\">vorausgesetzt es handelt sich um best\u00e4tigung f\u00fcr erw\u00fcnschtes verhalten.<br \/>\nwenn das aufmunternde gute zureden immer genau in dem moment kommt,<br \/>\nwo das pferd wieder zur\u00fcckweicht oder seitlich von der rampe steigt<br \/>\noder sich sonstwie dem verladen entzieht,<br \/>\ndann best\u00e4tigt man gerade das unerw\u00fcnschte verhalten.<\/p>\n<p style=\"padding-left: 80px;\">dem pferd die karotte oder den futtereimer vor die nase zu halten,<br \/>\num es zum einsteigen zu bewegen, ist ebenfalls keine best\u00e4tigung.<br \/>\nes ist ein lockmittel.<\/p>\n<p style=\"padding-left: 80px;\">das kann hilfreich sein, wenn es dem pferd den anreiz gibt,<br \/>\nsich das letzte kleine st\u00fcckchen zu \u00fcberwinden und einzusteigen.<\/p>\n<p style=\"padding-left: 80px;\">taucht das futter jedesmal dann aus, wenn das pferd sich entzieht,<br \/>\nw\u00e4re es wieder belohnung f\u00fcrs falsche.<br \/>\nund nutzt man die futtergier mancher pferde,<br \/>\num es in den immer noch gef\u00fcrchteten h\u00e4nger zu bringen,<br \/>\ndann schie\u00dft es danach sofort wieder raus.<\/p>\n<p style=\"padding-left: 80px;\">erst muss sich das pferd mit dem h\u00e4nger wohlf\u00fchlen,<br \/>\ndann erst kann man futter als lockmittel an die rampe oder in den h\u00e4nger stellen.<\/p>\n<h2>fazit<\/h2>\n<p>vern\u00fcnftiges verladetraining braucht zeit.<br \/>\ndas pferd muss sich an den h\u00e4nger und die rampe in aller ruhe gew\u00f6hnen k\u00f6nnen<br \/>\nund soll freiwillig einsteigen.<\/p>\n<p>es soll nicht die erfahrung machen:<br \/>\nkaum bin ich mal drinnen, geht die klappe zu,<br \/>\nich bin gefangen und lande irgendwo in einer fremden welt<br \/>\n(wom\u00f6glich ohne r\u00fcckkehr in den heimatlichen stall).<\/p>\n<p>das verladen muss also rechtzeitig angefangen werden,<br \/>\nohne jeden \u00e4u\u00dferen anlasse und mit gen\u00fcgend geduld und spa\u00df am \u00fcben.<br \/>\ndann klappt es auch, wenn das pferd mal wirklich transportiert werden muss.<\/p>\n<p>&nbsp;<\/p>\n","protected":false},"excerpt":{"rendered":"<p>das verladetraining z\u00e4hlt meist zu den gr\u00f6\u00dferen herausforderungen im leben mit dem pferd. ausgenommen nat\u00fcrlich, man packt das pferd sowieso h\u00e4ufig in den h\u00e4nger und es ist alles gewohnt. f\u00fcr die meisten aber ist das verladen eine sache, die man nur sehr selten braucht &#8211; und entweder auf die lange bank schiebt, auf das beste [&hellip;]<\/p>\n","protected":false},"author":1,"featured_media":705,"comment_status":"closed","ping_status":"closed","sticky":false,"template":"","format":"standard","meta":{"footnotes":""},"categories":[1],"tags":[],"class_list":["post-703","post","type-post","status-publish","format-standard","has-post-thumbnail","hentry","category-allgemein","post-wrapper","thrv_wrapper"],"yoast_head":"<!-- This site is optimized with the Yoast SEO plugin v27.2 - https:\/\/yoast.com\/product\/yoast-seo-wordpress\/ -->\n<title>3 kardinalfehler beim verladetraining - denktier pferd<\/title>\n<meta name=\"description\" content=\"ohne verladetraining kommt man nicht ganz durch, doch es hat seine t\u00fccken. wenn man die h\u00e4ufigsten fehler vermeidet, klappt es aber gut.\" \/>\n<meta name=\"robots\" content=\"index, follow, max-snippet:-1, max-image-preview:large, max-video-preview:-1\" \/>\n<link rel=\"canonical\" href=\"https:\/\/denktier.at\/pferd\/2024\/08\/16\/3-kardinalfehler-beim-verladetraining\/\" \/>\n<meta property=\"og:locale\" content=\"de_DE\" \/>\n<meta property=\"og:type\" content=\"article\" \/>\n<meta property=\"og:title\" content=\"3 kardinalfehler beim verladetraining - denktier pferd\" \/>\n<meta property=\"og:description\" content=\"ohne verladetraining kommt man nicht ganz durch, doch es hat seine t\u00fccken. wenn man die h\u00e4ufigsten fehler vermeidet, klappt es aber gut.\" \/>\n<meta property=\"og:url\" content=\"https:\/\/denktier.at\/pferd\/2024\/08\/16\/3-kardinalfehler-beim-verladetraining\/\" \/>\n<meta property=\"og:site_name\" content=\"denktier pferd\" \/>\n<meta property=\"article:published_time\" content=\"2024-08-16T13:00:05+00:00\" \/>\n<meta property=\"article:modified_time\" content=\"2024-08-16T13:00:49+00:00\" \/>\n<meta property=\"og:image\" content=\"https:\/\/denktier.at\/pferd\/wp-content\/uploads\/2024\/08\/pferde-blog-19.jpg\" \/>\n\t<meta property=\"og:image:width\" content=\"1640\" \/>\n\t<meta property=\"og:image:height\" content=\"924\" \/>\n\t<meta property=\"og:image:type\" content=\"image\/jpeg\" \/>\n<meta name=\"author\" content=\"brigid\" \/>\n<meta name=\"twitter:card\" content=\"summary_large_image\" \/>\n<meta name=\"twitter:label1\" content=\"Verfasst von\" \/>\n\t<meta name=\"twitter:data1\" content=\"brigid\" \/>\n\t<meta name=\"twitter:label2\" content=\"Gesch\u00e4tzte Lesezeit\" \/>\n\t<meta name=\"twitter:data2\" content=\"7 Minuten\" \/>\n<script type=\"application\/ld+json\" class=\"yoast-schema-graph\">{\"@context\":\"https:\/\/schema.org\",\"@graph\":[{\"@type\":\"Article\",\"@id\":\"https:\/\/denktier.at\/pferd\/2024\/08\/16\/3-kardinalfehler-beim-verladetraining\/#article\",\"isPartOf\":{\"@id\":\"https:\/\/denktier.at\/pferd\/2024\/08\/16\/3-kardinalfehler-beim-verladetraining\/\"},\"author\":{\"name\":\"brigid\",\"@id\":\"https:\/\/denktier.at\/pferd\/#\/schema\/person\/a450dfa4b955cd9290eeb589dc2caddf\"},\"headline\":\"3 kardinalfehler beim verladetraining\",\"datePublished\":\"2024-08-16T13:00:05+00:00\",\"dateModified\":\"2024-08-16T13:00:49+00:00\",\"mainEntityOfPage\":{\"@id\":\"https:\/\/denktier.at\/pferd\/2024\/08\/16\/3-kardinalfehler-beim-verladetraining\/\"},\"wordCount\":942,\"image\":{\"@id\":\"https:\/\/denktier.at\/pferd\/2024\/08\/16\/3-kardinalfehler-beim-verladetraining\/#primaryimage\"},\"thumbnailUrl\":\"https:\/\/denktier.at\/pferd\/wp-content\/uploads\/2024\/08\/pferde-blog-19.jpg\",\"inLanguage\":\"de-AT\"},{\"@type\":\"WebPage\",\"@id\":\"https:\/\/denktier.at\/pferd\/2024\/08\/16\/3-kardinalfehler-beim-verladetraining\/\",\"url\":\"https:\/\/denktier.at\/pferd\/2024\/08\/16\/3-kardinalfehler-beim-verladetraining\/\",\"name\":\"3 kardinalfehler beim verladetraining - denktier pferd\",\"isPartOf\":{\"@id\":\"https:\/\/denktier.at\/pferd\/#website\"},\"primaryImageOfPage\":{\"@id\":\"https:\/\/denktier.at\/pferd\/2024\/08\/16\/3-kardinalfehler-beim-verladetraining\/#primaryimage\"},\"image\":{\"@id\":\"https:\/\/denktier.at\/pferd\/2024\/08\/16\/3-kardinalfehler-beim-verladetraining\/#primaryimage\"},\"thumbnailUrl\":\"https:\/\/denktier.at\/pferd\/wp-content\/uploads\/2024\/08\/pferde-blog-19.jpg\",\"datePublished\":\"2024-08-16T13:00:05+00:00\",\"dateModified\":\"2024-08-16T13:00:49+00:00\",\"author\":{\"@id\":\"https:\/\/denktier.at\/pferd\/#\/schema\/person\/a450dfa4b955cd9290eeb589dc2caddf\"},\"description\":\"ohne verladetraining kommt man nicht ganz durch, doch es hat seine t\u00fccken. wenn man die h\u00e4ufigsten fehler vermeidet, klappt es aber gut.\",\"breadcrumb\":{\"@id\":\"https:\/\/denktier.at\/pferd\/2024\/08\/16\/3-kardinalfehler-beim-verladetraining\/#breadcrumb\"},\"inLanguage\":\"de-AT\",\"potentialAction\":[{\"@type\":\"ReadAction\",\"target\":[\"https:\/\/denktier.at\/pferd\/2024\/08\/16\/3-kardinalfehler-beim-verladetraining\/\"]}]},{\"@type\":\"ImageObject\",\"inLanguage\":\"de-AT\",\"@id\":\"https:\/\/denktier.at\/pferd\/2024\/08\/16\/3-kardinalfehler-beim-verladetraining\/#primaryimage\",\"url\":\"https:\/\/denktier.at\/pferd\/wp-content\/uploads\/2024\/08\/pferde-blog-19.jpg\",\"contentUrl\":\"https:\/\/denktier.at\/pferd\/wp-content\/uploads\/2024\/08\/pferde-blog-19.jpg\",\"width\":1640,\"height\":924,\"caption\":\"verladetraining\"},{\"@type\":\"BreadcrumbList\",\"@id\":\"https:\/\/denktier.at\/pferd\/2024\/08\/16\/3-kardinalfehler-beim-verladetraining\/#breadcrumb\",\"itemListElement\":[{\"@type\":\"ListItem\",\"position\":1,\"name\":\"Home\",\"item\":\"https:\/\/denktier.at\/pferd\/\"},{\"@type\":\"ListItem\",\"position\":2,\"name\":\"3 kardinalfehler beim verladetraining\"}]},{\"@type\":\"WebSite\",\"@id\":\"https:\/\/denktier.at\/pferd\/#website\",\"url\":\"https:\/\/denktier.at\/pferd\/\",\"name\":\"denktier pferd\",\"description\":\"\",\"potentialAction\":[{\"@type\":\"SearchAction\",\"target\":{\"@type\":\"EntryPoint\",\"urlTemplate\":\"https:\/\/denktier.at\/pferd\/?s={search_term_string}\"},\"query-input\":{\"@type\":\"PropertyValueSpecification\",\"valueRequired\":true,\"valueName\":\"search_term_string\"}}],\"inLanguage\":\"de-AT\"},{\"@type\":\"Person\",\"@id\":\"https:\/\/denktier.at\/pferd\/#\/schema\/person\/a450dfa4b955cd9290eeb589dc2caddf\",\"name\":\"brigid\",\"image\":{\"@type\":\"ImageObject\",\"inLanguage\":\"de-AT\",\"@id\":\"https:\/\/secure.gravatar.com\/avatar\/e4194f972046db80294d79daa065f609498fda96e97e70bb961ac7e8afd9a3cb?s=96&d=mm&r=g\",\"url\":\"https:\/\/secure.gravatar.com\/avatar\/e4194f972046db80294d79daa065f609498fda96e97e70bb961ac7e8afd9a3cb?s=96&d=mm&r=g\",\"contentUrl\":\"https:\/\/secure.gravatar.com\/avatar\/e4194f972046db80294d79daa065f609498fda96e97e70bb961ac7e8afd9a3cb?s=96&d=mm&r=g\",\"caption\":\"brigid\"},\"sameAs\":[\"https:\/\/denktier.at\/pferd\"],\"url\":\"https:\/\/denktier.at\/pferd\/author\/brigid\/\"}]}<\/script>\n<!-- \/ Yoast SEO plugin. -->","yoast_head_json":{"title":"3 kardinalfehler beim verladetraining - denktier pferd","description":"ohne verladetraining kommt man nicht ganz durch, doch es hat seine t\u00fccken. wenn man die h\u00e4ufigsten fehler vermeidet, klappt es aber gut.","robots":{"index":"index","follow":"follow","max-snippet":"max-snippet:-1","max-image-preview":"max-image-preview:large","max-video-preview":"max-video-preview:-1"},"canonical":"https:\/\/denktier.at\/pferd\/2024\/08\/16\/3-kardinalfehler-beim-verladetraining\/","og_locale":"de_DE","og_type":"article","og_title":"3 kardinalfehler beim verladetraining - denktier pferd","og_description":"ohne verladetraining kommt man nicht ganz durch, doch es hat seine t\u00fccken. wenn man die h\u00e4ufigsten fehler vermeidet, klappt es aber gut.","og_url":"https:\/\/denktier.at\/pferd\/2024\/08\/16\/3-kardinalfehler-beim-verladetraining\/","og_site_name":"denktier pferd","article_published_time":"2024-08-16T13:00:05+00:00","article_modified_time":"2024-08-16T13:00:49+00:00","og_image":[{"width":1640,"height":924,"url":"https:\/\/denktier.at\/pferd\/wp-content\/uploads\/2024\/08\/pferde-blog-19.jpg","type":"image\/jpeg"}],"author":"brigid","twitter_card":"summary_large_image","twitter_misc":{"Verfasst von":"brigid","Gesch\u00e4tzte Lesezeit":"7 Minuten"},"schema":{"@context":"https:\/\/schema.org","@graph":[{"@type":"Article","@id":"https:\/\/denktier.at\/pferd\/2024\/08\/16\/3-kardinalfehler-beim-verladetraining\/#article","isPartOf":{"@id":"https:\/\/denktier.at\/pferd\/2024\/08\/16\/3-kardinalfehler-beim-verladetraining\/"},"author":{"name":"brigid","@id":"https:\/\/denktier.at\/pferd\/#\/schema\/person\/a450dfa4b955cd9290eeb589dc2caddf"},"headline":"3 kardinalfehler beim verladetraining","datePublished":"2024-08-16T13:00:05+00:00","dateModified":"2024-08-16T13:00:49+00:00","mainEntityOfPage":{"@id":"https:\/\/denktier.at\/pferd\/2024\/08\/16\/3-kardinalfehler-beim-verladetraining\/"},"wordCount":942,"image":{"@id":"https:\/\/denktier.at\/pferd\/2024\/08\/16\/3-kardinalfehler-beim-verladetraining\/#primaryimage"},"thumbnailUrl":"https:\/\/denktier.at\/pferd\/wp-content\/uploads\/2024\/08\/pferde-blog-19.jpg","inLanguage":"de-AT"},{"@type":"WebPage","@id":"https:\/\/denktier.at\/pferd\/2024\/08\/16\/3-kardinalfehler-beim-verladetraining\/","url":"https:\/\/denktier.at\/pferd\/2024\/08\/16\/3-kardinalfehler-beim-verladetraining\/","name":"3 kardinalfehler beim verladetraining - denktier pferd","isPartOf":{"@id":"https:\/\/denktier.at\/pferd\/#website"},"primaryImageOfPage":{"@id":"https:\/\/denktier.at\/pferd\/2024\/08\/16\/3-kardinalfehler-beim-verladetraining\/#primaryimage"},"image":{"@id":"https:\/\/denktier.at\/pferd\/2024\/08\/16\/3-kardinalfehler-beim-verladetraining\/#primaryimage"},"thumbnailUrl":"https:\/\/denktier.at\/pferd\/wp-content\/uploads\/2024\/08\/pferde-blog-19.jpg","datePublished":"2024-08-16T13:00:05+00:00","dateModified":"2024-08-16T13:00:49+00:00","author":{"@id":"https:\/\/denktier.at\/pferd\/#\/schema\/person\/a450dfa4b955cd9290eeb589dc2caddf"},"description":"ohne verladetraining kommt man nicht ganz durch, doch es hat seine t\u00fccken. wenn man die h\u00e4ufigsten fehler vermeidet, klappt es aber gut.","breadcrumb":{"@id":"https:\/\/denktier.at\/pferd\/2024\/08\/16\/3-kardinalfehler-beim-verladetraining\/#breadcrumb"},"inLanguage":"de-AT","potentialAction":[{"@type":"ReadAction","target":["https:\/\/denktier.at\/pferd\/2024\/08\/16\/3-kardinalfehler-beim-verladetraining\/"]}]},{"@type":"ImageObject","inLanguage":"de-AT","@id":"https:\/\/denktier.at\/pferd\/2024\/08\/16\/3-kardinalfehler-beim-verladetraining\/#primaryimage","url":"https:\/\/denktier.at\/pferd\/wp-content\/uploads\/2024\/08\/pferde-blog-19.jpg","contentUrl":"https:\/\/denktier.at\/pferd\/wp-content\/uploads\/2024\/08\/pferde-blog-19.jpg","width":1640,"height":924,"caption":"verladetraining"},{"@type":"BreadcrumbList","@id":"https:\/\/denktier.at\/pferd\/2024\/08\/16\/3-kardinalfehler-beim-verladetraining\/#breadcrumb","itemListElement":[{"@type":"ListItem","position":1,"name":"Home","item":"https:\/\/denktier.at\/pferd\/"},{"@type":"ListItem","position":2,"name":"3 kardinalfehler beim verladetraining"}]},{"@type":"WebSite","@id":"https:\/\/denktier.at\/pferd\/#website","url":"https:\/\/denktier.at\/pferd\/","name":"denktier pferd","description":"","potentialAction":[{"@type":"SearchAction","target":{"@type":"EntryPoint","urlTemplate":"https:\/\/denktier.at\/pferd\/?s={search_term_string}"},"query-input":{"@type":"PropertyValueSpecification","valueRequired":true,"valueName":"search_term_string"}}],"inLanguage":"de-AT"},{"@type":"Person","@id":"https:\/\/denktier.at\/pferd\/#\/schema\/person\/a450dfa4b955cd9290eeb589dc2caddf","name":"brigid","image":{"@type":"ImageObject","inLanguage":"de-AT","@id":"https:\/\/secure.gravatar.com\/avatar\/e4194f972046db80294d79daa065f609498fda96e97e70bb961ac7e8afd9a3cb?s=96&d=mm&r=g","url":"https:\/\/secure.gravatar.com\/avatar\/e4194f972046db80294d79daa065f609498fda96e97e70bb961ac7e8afd9a3cb?s=96&d=mm&r=g","contentUrl":"https:\/\/secure.gravatar.com\/avatar\/e4194f972046db80294d79daa065f609498fda96e97e70bb961ac7e8afd9a3cb?s=96&d=mm&r=g","caption":"brigid"},"sameAs":["https:\/\/denktier.at\/pferd"],"url":"https:\/\/denktier.at\/pferd\/author\/brigid\/"}]}},"_links":{"self":[{"href":"https:\/\/denktier.at\/pferd\/wp-json\/wp\/v2\/posts\/703","targetHints":{"allow":["GET"]}}],"collection":[{"href":"https:\/\/denktier.at\/pferd\/wp-json\/wp\/v2\/posts"}],"about":[{"href":"https:\/\/denktier.at\/pferd\/wp-json\/wp\/v2\/types\/post"}],"author":[{"embeddable":true,"href":"https:\/\/denktier.at\/pferd\/wp-json\/wp\/v2\/users\/1"}],"replies":[{"embeddable":true,"href":"https:\/\/denktier.at\/pferd\/wp-json\/wp\/v2\/comments?post=703"}],"version-history":[{"count":3,"href":"https:\/\/denktier.at\/pferd\/wp-json\/wp\/v2\/posts\/703\/revisions"}],"predecessor-version":[{"id":707,"href":"https:\/\/denktier.at\/pferd\/wp-json\/wp\/v2\/posts\/703\/revisions\/707"}],"wp:featuredmedia":[{"embeddable":true,"href":"https:\/\/denktier.at\/pferd\/wp-json\/wp\/v2\/media\/705"}],"wp:attachment":[{"href":"https:\/\/denktier.at\/pferd\/wp-json\/wp\/v2\/media?parent=703"}],"wp:term":[{"taxonomy":"category","embeddable":true,"href":"https:\/\/denktier.at\/pferd\/wp-json\/wp\/v2\/categories?post=703"},{"taxonomy":"post_tag","embeddable":true,"href":"https:\/\/denktier.at\/pferd\/wp-json\/wp\/v2\/tags?post=703"}],"curies":[{"name":"wp","href":"https:\/\/api.w.org\/{rel}","templated":true}]}}