{"id":698,"date":"2024-07-26T14:30:11","date_gmt":"2024-07-26T12:30:11","guid":{"rendered":"https:\/\/denktier.at\/pferd\/?p=698"},"modified":"2024-07-26T14:30:11","modified_gmt":"2024-07-26T12:30:11","slug":"sind-pferde-wirklich-steppentiere","status":"publish","type":"post","link":"https:\/\/denktier.at\/pferd\/2024\/07\/26\/sind-pferde-wirklich-steppentiere\/","title":{"rendered":"sind pferde wirklich steppentiere?"},"content":{"rendered":"<p>es hei\u00dft ja oft, dass pferde steppentiere sind. stimmt das aber \u00fcberhaupt?<br \/>\nund wenn ja, was folgert daraus?<\/p>\n<p>will man pferden artgem\u00e4\u00dfe haltungsbedingungen erm\u00f6glichen,<br \/>\nist die frage ja nicht unwesentlich.<br \/>\nnicht zuletzt auch dann, wenn es um die &#8222;nutzung&#8220; der pferde<br \/>\nund was da wann zul\u00e4ssig ist oder nicht, geht.<\/p>\n<h2>ursprung der pferde<\/h2>\n<p>die ersten vorl\u00e4ufer der pferde (dasetwa hundegro\u00dfe hyracotherium) lebten bereits vor 55 millionen jahren in nordamerika.<br \/>\naus ihnen entstanden mehrere die ersten pferdearten, wie sie vor rund 10 millionen jahren in nordamerika lebten.<br \/>\nteils in den graslandschaften der great plains, teils in w\u00e4ldern.<\/p>\n<p>aus diesen teils von unseren heutigen pferden sehr unterschiedlichen arten<br \/>\nentwickelten sich die einhufigen graslandbewohner,<br \/>\ndie zur gattung equus wurde und sich\u00a0erst vor rund zwei millionen jahren aus nordamerika nach eurasien und afrika ausbreiteten.<\/p>\n<p>sie passten sich dort an die offenen landschaften und steppen an,<br \/>\ndie ihnen einen guten lebensraum boten.<br \/>\ndie letzte \u00fcberlebende wildpferdart ist das przewalski-pferd.<br \/>\nan ihm k\u00f6nnen wir die typischen merkmale der anpassung ans leben in der steppe sehen:<br \/>\nein dickes fell, eine robuste natur und eine ausgepr\u00e4gte sozialstruktur.<\/p>\n<p>die heutigen hauspferde sind auf eine bestimmte gruppe von wildpferden im nordkaukasus zur\u00fcckzuf\u00fchren<br \/>\nund wurden vor rund 4.000 bis 5.000 jahren domestiziert.<\/p>\n<p>durch die selektion des menschen haben sich die heutigen pferdearten mit all ihren unterschieden entwickelt.<br \/>\nwir finden an kalte klimazonen angepasste kleinw\u00fcchsige pferde wie die islander vor,<br \/>\nkennen schnelle l\u00e4ufer aus den ariden regionen nordafrikas und alles dazwischen,<br \/>\nin allen gr\u00f6\u00dfen vom winzigen shetty bis zum riesigen shirehorse.<\/p>\n<h2>lebensraum steppe<\/h2>\n<p>steppen sind weite graslandschaften mit wenig b\u00e4umen.<br \/>\ndie offenen fl\u00e4chen kommen dem fluchttier pferd nat\u00fcrlich entgegen,<br \/>\nweil es feinde rasch herannahen sieht und schnell fliehen kann.<br \/>\nund sie bieten viel ausreichend gras als nahrung.<\/p>\n<p>klimatisch zeichnen sich steppen durch ein gem\u00e4\u00dfigtes klima aus,<br \/>\nsie haben hei\u00dfe sommer und kalte winter und &#8211; je nach h\u00f6henlage &#8211;<br \/>\noft hohe temperaturschwankungen zwischen tag und nacht.<\/p>\n<p>vor allem aber sind steppen trocken.<br \/>\ndie luftfeuchtigkeit ist sehr niedrig,<br \/>\nder jahresniederschlag betr\u00e4gt oft nur 200 bis 400 mm pro jahr und entf\u00e4llt h\u00e4ufig auf eine sehr kurze saison.<br \/>\n(im vergleich: in deutschland und \u00f6sterreich liegt der jahresniederschlag im schnitt bei 1000 bis 1200 mm)<\/p>\n<h2>pferde im sommer<\/h2>\n<p>das argument &#8222;steppentier&#8220; kommt immer dann,<br \/>\nwenn die sommerhitze zuschl\u00e4gt und die frage auftaucht,<br \/>\nob pferde nun noch bewegt werden sollen oder gar zur arbeit (z.b. zum kutschen-ziehen) herangezogen werden d\u00fcrfen.<\/p>\n<p>beantworten l\u00e4sst sich diese frage mit dem verweis auf die steppe nicht.<\/p>\n<p>denn erstens bringt den modernen pferderassen der verweis auf die evolution\u00e4ren urspr\u00fcnge wenig,<br \/>\nweil sie inzwischen an verschiedensten lebensr\u00e4ume angepasst wurden<br \/>\nund unter die einzelnen tiere unter ganz anderen bedingungen aufgewachsen sind.<\/p>\n<p>zweitens aber haben wir jedenfalls in mitteleuropa kein steppenklima!<br \/>\nunsere hitze ist feucht und h\u00e4ufig schw\u00fcl,<br \/>\nbegleitet von oft hohem insektendruck und wenig wind.<br \/>\nganz anders als in den herkunftssteppen der pferde.<\/p>\n<p>aufschluss dar\u00fcber, was den pferden zumutbar ist, geben uns am besten die pferde selbst.<br \/>\nn\u00e4mlich dann, wenn sie selbst die wahlm\u00f6glichkeit haben,<br \/>\nob sie sich lieber im schatten oder der sonne aufhalten,<br \/>\nob sie lieber ruhe halten oder sich bewegen.<\/p>\n<p>studien und beobachtungen haben gezeigt,<br \/>\ndass pferde bei sommerlicher hitze selbst dann den schatten oder stall bevorzugen,<br \/>\nwenn es dort kein futterangebot gibt (das nur im freien verf\u00fcgbar w\u00e4re)<br \/>\nund dass sie zur hei\u00dfesten tageszeit siesta halten<br \/>\nund freiwillig erst gegen abend wieder rausgehen und sich bewegen.<\/p>\n<p>von wegen: das steppentier rennt bei jeder hitze rum!<\/p>\n<p>\u00fcbrigens:<br \/>\nanleihen beim steppen-erbe der pferde sollte man sich eher bei der f\u00fctterungsart nehmen,<br \/>\nwildlebende pferde verbringen 14 &#8211; 18 stunden des tages mit grasen.<br \/>\nauch der verdauungstrakt des hauspferdes ist auf eine kontinuierliche nahrungszufuhr angelegt.<br \/>\nzweimal t\u00e4glich eine schnitte heu und dazu kraftfutter werden dem in keiner weise gerecht.<\/p>\n<p>&nbsp;<\/p>\n","protected":false},"excerpt":{"rendered":"<p>es hei\u00dft ja oft, dass pferde steppentiere sind. stimmt das aber \u00fcberhaupt? und wenn ja, was folgert daraus? will man pferden artgem\u00e4\u00dfe haltungsbedingungen erm\u00f6glichen, ist die frage ja nicht unwesentlich. nicht zuletzt auch dann, wenn es um die &#8222;nutzung&#8220; der pferde und was da wann zul\u00e4ssig ist oder nicht, geht. ursprung der pferde die ersten [&hellip;]<\/p>\n","protected":false},"author":1,"featured_media":700,"comment_status":"closed","ping_status":"closed","sticky":false,"template":"","format":"standard","meta":{"footnotes":""},"categories":[1],"tags":[],"class_list":["post-698","post","type-post","status-publish","format-standard","has-post-thumbnail","hentry","category-allgemein","post-wrapper","thrv_wrapper"],"yoast_head":"<!-- This site is optimized with the Yoast SEO plugin v27.2 - https:\/\/yoast.com\/product\/yoast-seo-wordpress\/ -->\n<title>sind pferde wirklich steppentiere? - denktier pferd<\/title>\n<meta name=\"description\" content=\"angeblich sind pferde steppentiere und vertragen hitze gut. stimmt das aber wirklich und was hei\u00dft das im sommer?\" \/>\n<meta name=\"robots\" content=\"index, follow, max-snippet:-1, max-image-preview:large, max-video-preview:-1\" \/>\n<link rel=\"canonical\" href=\"https:\/\/denktier.at\/pferd\/2024\/07\/26\/sind-pferde-wirklich-steppentiere\/\" \/>\n<meta property=\"og:locale\" content=\"de_DE\" \/>\n<meta property=\"og:type\" content=\"article\" \/>\n<meta property=\"og:title\" content=\"sind pferde wirklich steppentiere? - denktier pferd\" \/>\n<meta property=\"og:description\" content=\"angeblich sind pferde steppentiere und vertragen hitze gut. stimmt das aber wirklich und was hei\u00dft das im sommer?\" \/>\n<meta property=\"og:url\" content=\"https:\/\/denktier.at\/pferd\/2024\/07\/26\/sind-pferde-wirklich-steppentiere\/\" \/>\n<meta property=\"og:site_name\" content=\"denktier pferd\" \/>\n<meta property=\"article:published_time\" content=\"2024-07-26T12:30:11+00:00\" \/>\n<meta property=\"og:image\" content=\"https:\/\/denktier.at\/pferd\/wp-content\/uploads\/2024\/07\/pferde-blog-18.jpg\" \/>\n\t<meta property=\"og:image:width\" content=\"1640\" \/>\n\t<meta property=\"og:image:height\" content=\"924\" \/>\n\t<meta property=\"og:image:type\" content=\"image\/jpeg\" \/>\n<meta name=\"author\" content=\"brigid\" \/>\n<meta name=\"twitter:card\" content=\"summary_large_image\" \/>\n<meta name=\"twitter:label1\" content=\"Verfasst von\" \/>\n\t<meta name=\"twitter:data1\" content=\"brigid\" \/>\n\t<meta name=\"twitter:label2\" content=\"Gesch\u00e4tzte Lesezeit\" \/>\n\t<meta name=\"twitter:data2\" content=\"4 Minuten\" \/>\n<script type=\"application\/ld+json\" class=\"yoast-schema-graph\">{\"@context\":\"https:\/\/schema.org\",\"@graph\":[{\"@type\":\"Article\",\"@id\":\"https:\/\/denktier.at\/pferd\/2024\/07\/26\/sind-pferde-wirklich-steppentiere\/#article\",\"isPartOf\":{\"@id\":\"https:\/\/denktier.at\/pferd\/2024\/07\/26\/sind-pferde-wirklich-steppentiere\/\"},\"author\":{\"name\":\"brigid\",\"@id\":\"https:\/\/denktier.at\/pferd\/#\/schema\/person\/a450dfa4b955cd9290eeb589dc2caddf\"},\"headline\":\"sind pferde wirklich steppentiere?\",\"datePublished\":\"2024-07-26T12:30:11+00:00\",\"mainEntityOfPage\":{\"@id\":\"https:\/\/denktier.at\/pferd\/2024\/07\/26\/sind-pferde-wirklich-steppentiere\/\"},\"wordCount\":652,\"image\":{\"@id\":\"https:\/\/denktier.at\/pferd\/2024\/07\/26\/sind-pferde-wirklich-steppentiere\/#primaryimage\"},\"thumbnailUrl\":\"https:\/\/denktier.at\/pferd\/wp-content\/uploads\/2024\/07\/pferde-blog-18.jpg\",\"inLanguage\":\"de-AT\"},{\"@type\":\"WebPage\",\"@id\":\"https:\/\/denktier.at\/pferd\/2024\/07\/26\/sind-pferde-wirklich-steppentiere\/\",\"url\":\"https:\/\/denktier.at\/pferd\/2024\/07\/26\/sind-pferde-wirklich-steppentiere\/\",\"name\":\"sind pferde wirklich steppentiere? - denktier pferd\",\"isPartOf\":{\"@id\":\"https:\/\/denktier.at\/pferd\/#website\"},\"primaryImageOfPage\":{\"@id\":\"https:\/\/denktier.at\/pferd\/2024\/07\/26\/sind-pferde-wirklich-steppentiere\/#primaryimage\"},\"image\":{\"@id\":\"https:\/\/denktier.at\/pferd\/2024\/07\/26\/sind-pferde-wirklich-steppentiere\/#primaryimage\"},\"thumbnailUrl\":\"https:\/\/denktier.at\/pferd\/wp-content\/uploads\/2024\/07\/pferde-blog-18.jpg\",\"datePublished\":\"2024-07-26T12:30:11+00:00\",\"author\":{\"@id\":\"https:\/\/denktier.at\/pferd\/#\/schema\/person\/a450dfa4b955cd9290eeb589dc2caddf\"},\"description\":\"angeblich sind pferde steppentiere und vertragen hitze gut. stimmt das aber wirklich und was hei\u00dft das im sommer?\",\"breadcrumb\":{\"@id\":\"https:\/\/denktier.at\/pferd\/2024\/07\/26\/sind-pferde-wirklich-steppentiere\/#breadcrumb\"},\"inLanguage\":\"de-AT\",\"potentialAction\":[{\"@type\":\"ReadAction\",\"target\":[\"https:\/\/denktier.at\/pferd\/2024\/07\/26\/sind-pferde-wirklich-steppentiere\/\"]}]},{\"@type\":\"ImageObject\",\"inLanguage\":\"de-AT\",\"@id\":\"https:\/\/denktier.at\/pferd\/2024\/07\/26\/sind-pferde-wirklich-steppentiere\/#primaryimage\",\"url\":\"https:\/\/denktier.at\/pferd\/wp-content\/uploads\/2024\/07\/pferde-blog-18.jpg\",\"contentUrl\":\"https:\/\/denktier.at\/pferd\/wp-content\/uploads\/2024\/07\/pferde-blog-18.jpg\",\"width\":1640,\"height\":924,\"caption\":\"steppentier pferd\"},{\"@type\":\"BreadcrumbList\",\"@id\":\"https:\/\/denktier.at\/pferd\/2024\/07\/26\/sind-pferde-wirklich-steppentiere\/#breadcrumb\",\"itemListElement\":[{\"@type\":\"ListItem\",\"position\":1,\"name\":\"Home\",\"item\":\"https:\/\/denktier.at\/pferd\/\"},{\"@type\":\"ListItem\",\"position\":2,\"name\":\"sind pferde wirklich steppentiere?\"}]},{\"@type\":\"WebSite\",\"@id\":\"https:\/\/denktier.at\/pferd\/#website\",\"url\":\"https:\/\/denktier.at\/pferd\/\",\"name\":\"denktier pferd\",\"description\":\"\",\"potentialAction\":[{\"@type\":\"SearchAction\",\"target\":{\"@type\":\"EntryPoint\",\"urlTemplate\":\"https:\/\/denktier.at\/pferd\/?s={search_term_string}\"},\"query-input\":{\"@type\":\"PropertyValueSpecification\",\"valueRequired\":true,\"valueName\":\"search_term_string\"}}],\"inLanguage\":\"de-AT\"},{\"@type\":\"Person\",\"@id\":\"https:\/\/denktier.at\/pferd\/#\/schema\/person\/a450dfa4b955cd9290eeb589dc2caddf\",\"name\":\"brigid\",\"image\":{\"@type\":\"ImageObject\",\"inLanguage\":\"de-AT\",\"@id\":\"https:\/\/secure.gravatar.com\/avatar\/e4194f972046db80294d79daa065f609498fda96e97e70bb961ac7e8afd9a3cb?s=96&d=mm&r=g\",\"url\":\"https:\/\/secure.gravatar.com\/avatar\/e4194f972046db80294d79daa065f609498fda96e97e70bb961ac7e8afd9a3cb?s=96&d=mm&r=g\",\"contentUrl\":\"https:\/\/secure.gravatar.com\/avatar\/e4194f972046db80294d79daa065f609498fda96e97e70bb961ac7e8afd9a3cb?s=96&d=mm&r=g\",\"caption\":\"brigid\"},\"sameAs\":[\"https:\/\/denktier.at\/pferd\"],\"url\":\"https:\/\/denktier.at\/pferd\/author\/brigid\/\"}]}<\/script>\n<!-- \/ Yoast SEO plugin. -->","yoast_head_json":{"title":"sind pferde wirklich steppentiere? - denktier pferd","description":"angeblich sind pferde steppentiere und vertragen hitze gut. stimmt das aber wirklich und was hei\u00dft das im sommer?","robots":{"index":"index","follow":"follow","max-snippet":"max-snippet:-1","max-image-preview":"max-image-preview:large","max-video-preview":"max-video-preview:-1"},"canonical":"https:\/\/denktier.at\/pferd\/2024\/07\/26\/sind-pferde-wirklich-steppentiere\/","og_locale":"de_DE","og_type":"article","og_title":"sind pferde wirklich steppentiere? - denktier pferd","og_description":"angeblich sind pferde steppentiere und vertragen hitze gut. stimmt das aber wirklich und was hei\u00dft das im sommer?","og_url":"https:\/\/denktier.at\/pferd\/2024\/07\/26\/sind-pferde-wirklich-steppentiere\/","og_site_name":"denktier pferd","article_published_time":"2024-07-26T12:30:11+00:00","og_image":[{"width":1640,"height":924,"url":"https:\/\/denktier.at\/pferd\/wp-content\/uploads\/2024\/07\/pferde-blog-18.jpg","type":"image\/jpeg"}],"author":"brigid","twitter_card":"summary_large_image","twitter_misc":{"Verfasst von":"brigid","Gesch\u00e4tzte Lesezeit":"4 Minuten"},"schema":{"@context":"https:\/\/schema.org","@graph":[{"@type":"Article","@id":"https:\/\/denktier.at\/pferd\/2024\/07\/26\/sind-pferde-wirklich-steppentiere\/#article","isPartOf":{"@id":"https:\/\/denktier.at\/pferd\/2024\/07\/26\/sind-pferde-wirklich-steppentiere\/"},"author":{"name":"brigid","@id":"https:\/\/denktier.at\/pferd\/#\/schema\/person\/a450dfa4b955cd9290eeb589dc2caddf"},"headline":"sind pferde wirklich steppentiere?","datePublished":"2024-07-26T12:30:11+00:00","mainEntityOfPage":{"@id":"https:\/\/denktier.at\/pferd\/2024\/07\/26\/sind-pferde-wirklich-steppentiere\/"},"wordCount":652,"image":{"@id":"https:\/\/denktier.at\/pferd\/2024\/07\/26\/sind-pferde-wirklich-steppentiere\/#primaryimage"},"thumbnailUrl":"https:\/\/denktier.at\/pferd\/wp-content\/uploads\/2024\/07\/pferde-blog-18.jpg","inLanguage":"de-AT"},{"@type":"WebPage","@id":"https:\/\/denktier.at\/pferd\/2024\/07\/26\/sind-pferde-wirklich-steppentiere\/","url":"https:\/\/denktier.at\/pferd\/2024\/07\/26\/sind-pferde-wirklich-steppentiere\/","name":"sind pferde wirklich steppentiere? - denktier pferd","isPartOf":{"@id":"https:\/\/denktier.at\/pferd\/#website"},"primaryImageOfPage":{"@id":"https:\/\/denktier.at\/pferd\/2024\/07\/26\/sind-pferde-wirklich-steppentiere\/#primaryimage"},"image":{"@id":"https:\/\/denktier.at\/pferd\/2024\/07\/26\/sind-pferde-wirklich-steppentiere\/#primaryimage"},"thumbnailUrl":"https:\/\/denktier.at\/pferd\/wp-content\/uploads\/2024\/07\/pferde-blog-18.jpg","datePublished":"2024-07-26T12:30:11+00:00","author":{"@id":"https:\/\/denktier.at\/pferd\/#\/schema\/person\/a450dfa4b955cd9290eeb589dc2caddf"},"description":"angeblich sind pferde steppentiere und vertragen hitze gut. stimmt das aber wirklich und was hei\u00dft das im sommer?","breadcrumb":{"@id":"https:\/\/denktier.at\/pferd\/2024\/07\/26\/sind-pferde-wirklich-steppentiere\/#breadcrumb"},"inLanguage":"de-AT","potentialAction":[{"@type":"ReadAction","target":["https:\/\/denktier.at\/pferd\/2024\/07\/26\/sind-pferde-wirklich-steppentiere\/"]}]},{"@type":"ImageObject","inLanguage":"de-AT","@id":"https:\/\/denktier.at\/pferd\/2024\/07\/26\/sind-pferde-wirklich-steppentiere\/#primaryimage","url":"https:\/\/denktier.at\/pferd\/wp-content\/uploads\/2024\/07\/pferde-blog-18.jpg","contentUrl":"https:\/\/denktier.at\/pferd\/wp-content\/uploads\/2024\/07\/pferde-blog-18.jpg","width":1640,"height":924,"caption":"steppentier pferd"},{"@type":"BreadcrumbList","@id":"https:\/\/denktier.at\/pferd\/2024\/07\/26\/sind-pferde-wirklich-steppentiere\/#breadcrumb","itemListElement":[{"@type":"ListItem","position":1,"name":"Home","item":"https:\/\/denktier.at\/pferd\/"},{"@type":"ListItem","position":2,"name":"sind pferde wirklich steppentiere?"}]},{"@type":"WebSite","@id":"https:\/\/denktier.at\/pferd\/#website","url":"https:\/\/denktier.at\/pferd\/","name":"denktier pferd","description":"","potentialAction":[{"@type":"SearchAction","target":{"@type":"EntryPoint","urlTemplate":"https:\/\/denktier.at\/pferd\/?s={search_term_string}"},"query-input":{"@type":"PropertyValueSpecification","valueRequired":true,"valueName":"search_term_string"}}],"inLanguage":"de-AT"},{"@type":"Person","@id":"https:\/\/denktier.at\/pferd\/#\/schema\/person\/a450dfa4b955cd9290eeb589dc2caddf","name":"brigid","image":{"@type":"ImageObject","inLanguage":"de-AT","@id":"https:\/\/secure.gravatar.com\/avatar\/e4194f972046db80294d79daa065f609498fda96e97e70bb961ac7e8afd9a3cb?s=96&d=mm&r=g","url":"https:\/\/secure.gravatar.com\/avatar\/e4194f972046db80294d79daa065f609498fda96e97e70bb961ac7e8afd9a3cb?s=96&d=mm&r=g","contentUrl":"https:\/\/secure.gravatar.com\/avatar\/e4194f972046db80294d79daa065f609498fda96e97e70bb961ac7e8afd9a3cb?s=96&d=mm&r=g","caption":"brigid"},"sameAs":["https:\/\/denktier.at\/pferd"],"url":"https:\/\/denktier.at\/pferd\/author\/brigid\/"}]}},"_links":{"self":[{"href":"https:\/\/denktier.at\/pferd\/wp-json\/wp\/v2\/posts\/698","targetHints":{"allow":["GET"]}}],"collection":[{"href":"https:\/\/denktier.at\/pferd\/wp-json\/wp\/v2\/posts"}],"about":[{"href":"https:\/\/denktier.at\/pferd\/wp-json\/wp\/v2\/types\/post"}],"author":[{"embeddable":true,"href":"https:\/\/denktier.at\/pferd\/wp-json\/wp\/v2\/users\/1"}],"replies":[{"embeddable":true,"href":"https:\/\/denktier.at\/pferd\/wp-json\/wp\/v2\/comments?post=698"}],"version-history":[{"count":2,"href":"https:\/\/denktier.at\/pferd\/wp-json\/wp\/v2\/posts\/698\/revisions"}],"predecessor-version":[{"id":701,"href":"https:\/\/denktier.at\/pferd\/wp-json\/wp\/v2\/posts\/698\/revisions\/701"}],"wp:featuredmedia":[{"embeddable":true,"href":"https:\/\/denktier.at\/pferd\/wp-json\/wp\/v2\/media\/700"}],"wp:attachment":[{"href":"https:\/\/denktier.at\/pferd\/wp-json\/wp\/v2\/media?parent=698"}],"wp:term":[{"taxonomy":"category","embeddable":true,"href":"https:\/\/denktier.at\/pferd\/wp-json\/wp\/v2\/categories?post=698"},{"taxonomy":"post_tag","embeddable":true,"href":"https:\/\/denktier.at\/pferd\/wp-json\/wp\/v2\/tags?post=698"}],"curies":[{"name":"wp","href":"https:\/\/api.w.org\/{rel}","templated":true}]}}