{"id":685,"date":"2024-06-14T18:21:09","date_gmt":"2024-06-14T16:21:09","guid":{"rendered":"https:\/\/denktier.at\/pferd\/?p=685"},"modified":"2024-06-14T18:27:30","modified_gmt":"2024-06-14T16:27:30","slug":"was-tun-wenn-das-pferd-kopfscheu-ist","status":"publish","type":"post","link":"https:\/\/denktier.at\/pferd\/2024\/06\/14\/was-tun-wenn-das-pferd-kopfscheu-ist\/","title":{"rendered":"was tun, wenn das pferd kopfscheu ist?"},"content":{"rendered":"<p>als kopfscheu bezeichnet man ein pferd dann, wenn es sehr empfindlich oder \u00e4ngstlich auf ber\u00fchrungen oder auf generell jegliches hantieren am kopf reagiert.<\/p>\n<p>das macht den umgang mit dem pferd alles andere als einfach!<br \/>\nes macht auch dem pferd das aufeinandertreffen mit dem menschen schwer.<br \/>\ndenn der will ihm ja immer an den kopf &#8211; schon allein beim simplen aufhalftern.<\/p>\n<p>wie stark das ph\u00e4nomen ausgepr\u00e4gt ist, variiert.<br \/>\ndas spektrum reicht von pferden, die nur ber\u00fchrungen an den ohren unangenehm empfinden<br \/>\n\u00fcber solche, die den kopf generell entziehen<br \/>\nbis hin zu pferden, die man kaum aufhalftern kann, weil sie einen nicht ran lassen.<\/p>\n<h2><strong>ursachen<\/strong><\/h2>\n<p>das pferd hat daf\u00fcr gute gr\u00fcnde.<br \/>\ndie muss man als erstes verstehen, bevor man sich daran machen kann,<br \/>\ndie kopfscheue &#8222;wegzutrainieren&#8220;.<\/p>\n<p>zwei haupts\u00e4chliche ursachen m\u00fcssen wir dabei auseinanderhalten:<\/p>\n<p><strong>schmerzen und schlechte erfahrungen.<\/strong><\/p>\n<p>schmerzempfindungen bei ber\u00fchrungen am kopf f\u00fchren nat\u00fcrlich dazu,<br \/>\ndass das pferd den kopf wegzieht.<\/p>\n<p>ganz typisch ist ber\u00fchrungsempfindlichkeit in der n\u00e4he der ohren,<\/p>\n<p>wenn das pferd (wie leider h\u00e4ufig der fall) unter verspannungen im genick<br \/>\noder problemen in den ersten wirbeln der halswirbels\u00e4ule leidet.<\/p>\n<p>zahn- und kieferprobleme sind eine weitere h\u00e4ufige ursache f\u00fcr schmerzgeschehen im kopfbereich<br \/>\nund f\u00fchren ebenfalls dazu, dass sich das pferd im gesamten kopfbereich ungern anfassen l\u00e4sst.<\/p>\n<p>in diesem fall ist das direkte behandeln der ursache der n\u00f6tige erste schritt.<br \/>\nsolange die schmerzen bestehen, machen trainingsma\u00dfnahmen keinerlei sinn.<\/p>\n<p>die k\u00f6nnen allerdings danach noch erforderlich sein,<br \/>\nwenn das pferd die schmerzen als negative erfahrungen abgespeichert hat<br \/>\nund nun bei jeder ber\u00fchrung wieder mit schmerzen rechnet,<br \/>\nauch wenn die ursache schon behoben ist.<\/p>\n<p>das ist so wie bei jeglicher art von schlechter erfahrung.<br \/>\nwurde das pferd grob behandelt oder gar am kopf geschlagen,<br \/>\nwurde es durch gewaltsames festhalten am kopf zu unangenehmen dingen (wie wurmpasten oder zahnbehandlung ohne sedierung) gezwungen,<br \/>\noder ist gar schon beim ersten gew\u00f6hnen des rohen pferdes an halfter und gef\u00fchrt werden unsanft vorgegangen worden,<br \/>\ndann speichert das pferd ab:<\/p>\n<p><em>&#8222;wenn mir der mensch an den kopf will, wird es unangenehm.&#8220;<\/em><\/p>\n<p>kein wunder, wenn es sich dem dann entziehen will und kopfscheu reagiert!<\/p>\n<p>wobei man genau unterscheiden muss,<br \/>\nob es um die direkte ber\u00fchrung geht oder ob jegliches hantieren in kopfn\u00e4he,<br \/>\nmanchmal auch nur im vorderen halsbereich, schon ein scheuen ausl\u00f6st.<\/p>\n<p>&nbsp;<\/p>\n<h2><strong>ber\u00fchren oder hantieren?<\/strong><\/h2>\n<p>die kopfscheuen pferde fallen n\u00e4mlich in zwei kategorien:<br \/>\ndie einen m\u00f6gen nur die menschliche hand direkt am kopf oder teilen des kopfes nicht,<br \/>\nlassen aber anderes wie aufhalftern halbwegs problemlos geschehen.<\/p>\n<p>die anderen haben wenig probleme mit (sanften) ber\u00fchrungen,<br \/>\nlassen sich auch an den ohren oder am maul kraulen,<br \/>\ndoch wehe man kommt mit halfter oder zaumzeug,<br \/>\nmit fliegenspray oder gar mit wurmpaste oder der tierarzt mit der spritze!<\/p>\n<p>bei der zweiten gruppe ist die ursache leicht erratbar.<br \/>\nes liegen eindeutig negative erfahrungen, vielleicht sogar traumatische erlebnisse vor.<br \/>\nund denen kommt man nicht von heute auf morgen bei.<\/p>\n<p>das braucht erstens zeit und geduld<br \/>\nund zweitens die richtige herangehensweise.<\/p>\n<h2><strong>training f\u00fcr kopfscheue pferde<\/strong><\/h2>\n<p>bevor man das training mit meinem kopfscheuen pferd angeht,<br \/>\nsollte man darauf achten, dass das pferd m\u00f6glichst wenig stress hat<br \/>\nund wirklich entspannt ist.<\/p>\n<p>also nicht grad an einem windigen tag mit gro\u00dfer unruhe in der herde<br \/>\noder gleich nach einem stallwechsel oder einem tierarztbesuch anfangen.<\/p>\n<p>je gestresster das pferd ist, desto schneller reagiert es \u00fcbersensibel und scheut vor unangenehmen dingen zur\u00fcck.<br \/>\nwie auch umgekehrt jede angstreaktion (und nichts anderes ist die kopfscheue) den stresspegel hochtreibt.<\/p>\n<p>ruhe und gelassenheit sind auch der schl\u00fcssel f\u00fcr das eigentliche training gegen die kopfscheue.<br \/>\nalso f\u00fcr ruhige umgebung sorgen, selber cool und geduldig bleiben und dann behutsam und schritt f\u00fcr schritt vorgehen.<\/p>\n<p>und zwar folgenderma\u00dfen:<\/p>\n<ol>\n<li><strong> schrittweise desensibilisierung<\/strong><\/li>\n<\/ol>\n<p style=\"padding-left: 40px;\">das pferd muss vorsichtig an ber\u00fchrungen \/hantieren am kopf gew\u00f6hnt werden.<br \/>\ndazu fangen wir in einem bereich an, wo es das noch gut akzeptieren kann, und arbeiten uns schrittweise vor.<br \/>\nmanchmal hilft es, nicht die hand selber, sondern ein tuch, einen schwamm oder eine weiche b\u00fcrste zu nehmen.<br \/>\ndas ziel ist es, dass das pferd die ber\u00fchrung als neutral oder sogar angenehm erlebt.<\/p>\n<ol start=\"2\">\n<li><strong> keine schnellen bewegungen<\/strong><\/li>\n<\/ol>\n<p style=\"padding-left: 40px;\">schnelle bewegungen grade in kopfn\u00e4he erschrecken das pferd und machen es noch misstrauischer.<br \/>\ndaher bitte \u00fcberrumpeln oder &#8222;schnelll, schnell&#8220; das halfter raufziehen, damit man es hinter sich hat,<br \/>\ndas gelingt einem sowieso kaum und es macht das pferd f\u00fcrs n\u00e4chste mal noch misstrauischer.<\/p>\n<ol start=\"3\">\n<li><strong> keine tricks<\/strong><br \/>\nder versuch, das pferd auszutricksen, geht ebenfalls nach hinten los.<br \/>\nes auf der einen seite ablenken oder ihm futter vor die nase halten,<br \/>\num schnell irgendwas zu machen, was es sich sonst nicht gefallen lie\u00dfe,<br \/>\nfunktioniert vielleicht das eine mal.<br \/>\ndoch beim n\u00e4chsten mal ist das pferd auf der hut oder es f\u00e4ngt sogar an, genau diese man\u00f6ver ebenfalls zu f\u00fcrchten.<\/li>\n<li><strong> kein festhalten<\/strong><\/li>\n<\/ol>\n<p style=\"padding-left: 40px;\">jedes festhalten am kopf macht die sache schlimmer und produziert mehr angst oder mehr widerstand.<br \/>\ndas pferd erlebt den zwang als zus\u00e4tzlichen grund, den kopf eben nicht vertrauensvoll herzugeben,<br \/>\nund f\u00fchlt sich als fluchttiert sofort in gefahr.<br \/>\nman kommt damit innerhalb k\u00fcrzester zeit nur ein pferd, das sich erst recht wehrt<br \/>\nund schlie\u00dflich von niemandem mehr gehalten werden kann.<\/p>\n<ol start=\"5\">\n<li><strong> von hinten anfangen<\/strong><\/li>\n<\/ol>\n<p style=\"padding-left: 40px;\">direkt auf das problem am kopfende zuzusteuern, ist in der regel der schwierigste weg.<br \/>\nbesser ist es, das pferd an ber\u00fchrungen am restlichen k\u00f6rper zu gew\u00f6hnen<br \/>\nund sich buchst\u00e4blich von hinten nach vorne zu arbeiten.<br \/>\ndas gilt \u00fcbrigens auch im \u00fcbertragenen sinn:<br \/>\nwer die hinterhand des pferdes aktiviert, sorgt durch besseres gleichgewicht f\u00fcr mehr sicherheit beim pferd<br \/>\nund durch die dann m\u00f6gliche dehnung f\u00fcr mehr entspannung im genick.<\/p>\n<p>&nbsp;<\/p>\n<ol start=\"6\">\n<li><strong> nicht zuviel auf einmal<\/strong><br \/>\ndie trainingsschritten zur gew\u00f6hnung an ber\u00fchrungen oder hantieren am kopf kosten das pferd \u00fcberwindung.<br \/>\nes soll ja seinen bisherigen reflex &#8222;kopf wegziehen&#8220; ablegen und seine angst ablegen.<br \/>\n\u00fcberwindung kostet kraft.<br \/>\ndaher gilt es: nicht zuviel auf einmal \u00fcben<br \/>\nund aufh\u00f6ren, solange es gut geht und bevor es dem pferd zu viel wird.<\/li>\n<\/ol>\n<p>&nbsp;<\/p>\n<h2><strong>vertrauen<\/strong><\/h2>\n<p>das ziel beim training mit dem kopfscheuen pferd besteht darin, dass es vertrauen fasst.<br \/>\nnur so kann es seine angst vor der ber\u00fchrung oder vor dem hantieren in kopfn\u00e4he ablegen.<\/p>\n<p>je nach vorgeschichte des pferdes und je nach dem grad seiner sensibilit\u00e4t kann das auch l\u00e4nger dauern.<\/p>\n<p>liegt grunds\u00e4tzlich ein schwieriges verh\u00e4ltnis zum menschen vor,<br \/>\nzahlt es sich aus, auch weitergehend in den vertrauensaufbau zu investieren<br \/>\nund dem pferd viel zeit und gelegenheit f\u00fcr positive erlebnisse mit dem menschen zu geben.<\/p>\n<p>&nbsp;<\/p>\n","protected":false},"excerpt":{"rendered":"<p>als kopfscheu bezeichnet man ein pferd dann, wenn es sehr empfindlich oder \u00e4ngstlich auf ber\u00fchrungen oder auf generell jegliches hantieren am kopf reagiert. das macht den umgang mit dem pferd alles andere als einfach! es macht auch dem pferd das aufeinandertreffen mit dem menschen schwer. denn der will ihm ja immer an den kopf &#8211; [&hellip;]<\/p>\n","protected":false},"author":1,"featured_media":686,"comment_status":"closed","ping_status":"closed","sticky":false,"template":"","format":"standard","meta":{"footnotes":""},"categories":[1],"tags":[],"class_list":["post-685","post","type-post","status-publish","format-standard","has-post-thumbnail","hentry","category-allgemein","post-wrapper","thrv_wrapper"],"yoast_head":"<!-- This site is optimized with the Yoast SEO plugin v27.2 - https:\/\/yoast.com\/product\/yoast-seo-wordpress\/ -->\n<title>was tun, wenn das pferd kopfscheu ist? - denktier pferd<\/title>\n<meta name=\"description\" content=\"kopfscheue pferde reagieren wegen schmerzen oder wegen schlechter erfahrungen \u00e4ngstlich. was hilft da nun am besten?\" \/>\n<meta name=\"robots\" content=\"index, follow, max-snippet:-1, max-image-preview:large, max-video-preview:-1\" \/>\n<link rel=\"canonical\" href=\"https:\/\/denktier.at\/pferd\/2024\/06\/14\/was-tun-wenn-das-pferd-kopfscheu-ist\/\" \/>\n<meta property=\"og:locale\" content=\"de_DE\" \/>\n<meta property=\"og:type\" content=\"article\" \/>\n<meta property=\"og:title\" content=\"was tun, wenn das pferd kopfscheu ist? - denktier pferd\" \/>\n<meta property=\"og:description\" content=\"kopfscheue pferde reagieren wegen schmerzen oder wegen schlechter erfahrungen \u00e4ngstlich. was hilft da nun am besten?\" \/>\n<meta property=\"og:url\" content=\"https:\/\/denktier.at\/pferd\/2024\/06\/14\/was-tun-wenn-das-pferd-kopfscheu-ist\/\" \/>\n<meta property=\"og:site_name\" content=\"denktier pferd\" \/>\n<meta property=\"article:published_time\" content=\"2024-06-14T16:21:09+00:00\" \/>\n<meta property=\"article:modified_time\" content=\"2024-06-14T16:27:30+00:00\" \/>\n<meta property=\"og:image\" content=\"https:\/\/denktier.at\/pferd\/wp-content\/uploads\/2024\/06\/pferde-blog-18.jpg\" \/>\n\t<meta property=\"og:image:width\" content=\"1640\" \/>\n\t<meta property=\"og:image:height\" content=\"924\" \/>\n\t<meta property=\"og:image:type\" content=\"image\/jpeg\" \/>\n<meta name=\"author\" content=\"brigid\" \/>\n<meta name=\"twitter:card\" content=\"summary_large_image\" \/>\n<meta name=\"twitter:label1\" content=\"Verfasst von\" \/>\n\t<meta name=\"twitter:data1\" content=\"brigid\" \/>\n\t<meta name=\"twitter:label2\" content=\"Gesch\u00e4tzte Lesezeit\" \/>\n\t<meta name=\"twitter:data2\" content=\"8 Minuten\" \/>\n<script type=\"application\/ld+json\" class=\"yoast-schema-graph\">{\"@context\":\"https:\/\/schema.org\",\"@graph\":[{\"@type\":\"Article\",\"@id\":\"https:\/\/denktier.at\/pferd\/2024\/06\/14\/was-tun-wenn-das-pferd-kopfscheu-ist\/#article\",\"isPartOf\":{\"@id\":\"https:\/\/denktier.at\/pferd\/2024\/06\/14\/was-tun-wenn-das-pferd-kopfscheu-ist\/\"},\"author\":{\"name\":\"brigid\",\"@id\":\"https:\/\/denktier.at\/pferd\/#\/schema\/person\/a450dfa4b955cd9290eeb589dc2caddf\"},\"headline\":\"was tun, wenn das pferd kopfscheu ist?\",\"datePublished\":\"2024-06-14T16:21:09+00:00\",\"dateModified\":\"2024-06-14T16:27:30+00:00\",\"mainEntityOfPage\":{\"@id\":\"https:\/\/denktier.at\/pferd\/2024\/06\/14\/was-tun-wenn-das-pferd-kopfscheu-ist\/\"},\"wordCount\":1126,\"image\":{\"@id\":\"https:\/\/denktier.at\/pferd\/2024\/06\/14\/was-tun-wenn-das-pferd-kopfscheu-ist\/#primaryimage\"},\"thumbnailUrl\":\"https:\/\/denktier.at\/pferd\/wp-content\/uploads\/2024\/06\/pferde-blog-18.jpg\",\"inLanguage\":\"de-AT\"},{\"@type\":\"WebPage\",\"@id\":\"https:\/\/denktier.at\/pferd\/2024\/06\/14\/was-tun-wenn-das-pferd-kopfscheu-ist\/\",\"url\":\"https:\/\/denktier.at\/pferd\/2024\/06\/14\/was-tun-wenn-das-pferd-kopfscheu-ist\/\",\"name\":\"was tun, wenn das pferd kopfscheu ist? - denktier pferd\",\"isPartOf\":{\"@id\":\"https:\/\/denktier.at\/pferd\/#website\"},\"primaryImageOfPage\":{\"@id\":\"https:\/\/denktier.at\/pferd\/2024\/06\/14\/was-tun-wenn-das-pferd-kopfscheu-ist\/#primaryimage\"},\"image\":{\"@id\":\"https:\/\/denktier.at\/pferd\/2024\/06\/14\/was-tun-wenn-das-pferd-kopfscheu-ist\/#primaryimage\"},\"thumbnailUrl\":\"https:\/\/denktier.at\/pferd\/wp-content\/uploads\/2024\/06\/pferde-blog-18.jpg\",\"datePublished\":\"2024-06-14T16:21:09+00:00\",\"dateModified\":\"2024-06-14T16:27:30+00:00\",\"author\":{\"@id\":\"https:\/\/denktier.at\/pferd\/#\/schema\/person\/a450dfa4b955cd9290eeb589dc2caddf\"},\"description\":\"kopfscheue pferde reagieren wegen schmerzen oder wegen schlechter erfahrungen \u00e4ngstlich. was hilft da nun am besten?\",\"breadcrumb\":{\"@id\":\"https:\/\/denktier.at\/pferd\/2024\/06\/14\/was-tun-wenn-das-pferd-kopfscheu-ist\/#breadcrumb\"},\"inLanguage\":\"de-AT\",\"potentialAction\":[{\"@type\":\"ReadAction\",\"target\":[\"https:\/\/denktier.at\/pferd\/2024\/06\/14\/was-tun-wenn-das-pferd-kopfscheu-ist\/\"]}]},{\"@type\":\"ImageObject\",\"inLanguage\":\"de-AT\",\"@id\":\"https:\/\/denktier.at\/pferd\/2024\/06\/14\/was-tun-wenn-das-pferd-kopfscheu-ist\/#primaryimage\",\"url\":\"https:\/\/denktier.at\/pferd\/wp-content\/uploads\/2024\/06\/pferde-blog-18.jpg\",\"contentUrl\":\"https:\/\/denktier.at\/pferd\/wp-content\/uploads\/2024\/06\/pferde-blog-18.jpg\",\"width\":1640,\"height\":924,\"caption\":\"pferd kopfscheu\"},{\"@type\":\"BreadcrumbList\",\"@id\":\"https:\/\/denktier.at\/pferd\/2024\/06\/14\/was-tun-wenn-das-pferd-kopfscheu-ist\/#breadcrumb\",\"itemListElement\":[{\"@type\":\"ListItem\",\"position\":1,\"name\":\"Home\",\"item\":\"https:\/\/denktier.at\/pferd\/\"},{\"@type\":\"ListItem\",\"position\":2,\"name\":\"was tun, wenn das pferd kopfscheu ist?\"}]},{\"@type\":\"WebSite\",\"@id\":\"https:\/\/denktier.at\/pferd\/#website\",\"url\":\"https:\/\/denktier.at\/pferd\/\",\"name\":\"denktier pferd\",\"description\":\"\",\"potentialAction\":[{\"@type\":\"SearchAction\",\"target\":{\"@type\":\"EntryPoint\",\"urlTemplate\":\"https:\/\/denktier.at\/pferd\/?s={search_term_string}\"},\"query-input\":{\"@type\":\"PropertyValueSpecification\",\"valueRequired\":true,\"valueName\":\"search_term_string\"}}],\"inLanguage\":\"de-AT\"},{\"@type\":\"Person\",\"@id\":\"https:\/\/denktier.at\/pferd\/#\/schema\/person\/a450dfa4b955cd9290eeb589dc2caddf\",\"name\":\"brigid\",\"image\":{\"@type\":\"ImageObject\",\"inLanguage\":\"de-AT\",\"@id\":\"https:\/\/secure.gravatar.com\/avatar\/e4194f972046db80294d79daa065f609498fda96e97e70bb961ac7e8afd9a3cb?s=96&d=mm&r=g\",\"url\":\"https:\/\/secure.gravatar.com\/avatar\/e4194f972046db80294d79daa065f609498fda96e97e70bb961ac7e8afd9a3cb?s=96&d=mm&r=g\",\"contentUrl\":\"https:\/\/secure.gravatar.com\/avatar\/e4194f972046db80294d79daa065f609498fda96e97e70bb961ac7e8afd9a3cb?s=96&d=mm&r=g\",\"caption\":\"brigid\"},\"sameAs\":[\"https:\/\/denktier.at\/pferd\"],\"url\":\"https:\/\/denktier.at\/pferd\/author\/brigid\/\"}]}<\/script>\n<!-- \/ Yoast SEO plugin. -->","yoast_head_json":{"title":"was tun, wenn das pferd kopfscheu ist? - denktier pferd","description":"kopfscheue pferde reagieren wegen schmerzen oder wegen schlechter erfahrungen \u00e4ngstlich. was hilft da nun am besten?","robots":{"index":"index","follow":"follow","max-snippet":"max-snippet:-1","max-image-preview":"max-image-preview:large","max-video-preview":"max-video-preview:-1"},"canonical":"https:\/\/denktier.at\/pferd\/2024\/06\/14\/was-tun-wenn-das-pferd-kopfscheu-ist\/","og_locale":"de_DE","og_type":"article","og_title":"was tun, wenn das pferd kopfscheu ist? - denktier pferd","og_description":"kopfscheue pferde reagieren wegen schmerzen oder wegen schlechter erfahrungen \u00e4ngstlich. was hilft da nun am besten?","og_url":"https:\/\/denktier.at\/pferd\/2024\/06\/14\/was-tun-wenn-das-pferd-kopfscheu-ist\/","og_site_name":"denktier pferd","article_published_time":"2024-06-14T16:21:09+00:00","article_modified_time":"2024-06-14T16:27:30+00:00","og_image":[{"width":1640,"height":924,"url":"https:\/\/denktier.at\/pferd\/wp-content\/uploads\/2024\/06\/pferde-blog-18.jpg","type":"image\/jpeg"}],"author":"brigid","twitter_card":"summary_large_image","twitter_misc":{"Verfasst von":"brigid","Gesch\u00e4tzte Lesezeit":"8 Minuten"},"schema":{"@context":"https:\/\/schema.org","@graph":[{"@type":"Article","@id":"https:\/\/denktier.at\/pferd\/2024\/06\/14\/was-tun-wenn-das-pferd-kopfscheu-ist\/#article","isPartOf":{"@id":"https:\/\/denktier.at\/pferd\/2024\/06\/14\/was-tun-wenn-das-pferd-kopfscheu-ist\/"},"author":{"name":"brigid","@id":"https:\/\/denktier.at\/pferd\/#\/schema\/person\/a450dfa4b955cd9290eeb589dc2caddf"},"headline":"was tun, wenn das pferd kopfscheu ist?","datePublished":"2024-06-14T16:21:09+00:00","dateModified":"2024-06-14T16:27:30+00:00","mainEntityOfPage":{"@id":"https:\/\/denktier.at\/pferd\/2024\/06\/14\/was-tun-wenn-das-pferd-kopfscheu-ist\/"},"wordCount":1126,"image":{"@id":"https:\/\/denktier.at\/pferd\/2024\/06\/14\/was-tun-wenn-das-pferd-kopfscheu-ist\/#primaryimage"},"thumbnailUrl":"https:\/\/denktier.at\/pferd\/wp-content\/uploads\/2024\/06\/pferde-blog-18.jpg","inLanguage":"de-AT"},{"@type":"WebPage","@id":"https:\/\/denktier.at\/pferd\/2024\/06\/14\/was-tun-wenn-das-pferd-kopfscheu-ist\/","url":"https:\/\/denktier.at\/pferd\/2024\/06\/14\/was-tun-wenn-das-pferd-kopfscheu-ist\/","name":"was tun, wenn das pferd kopfscheu ist? - denktier pferd","isPartOf":{"@id":"https:\/\/denktier.at\/pferd\/#website"},"primaryImageOfPage":{"@id":"https:\/\/denktier.at\/pferd\/2024\/06\/14\/was-tun-wenn-das-pferd-kopfscheu-ist\/#primaryimage"},"image":{"@id":"https:\/\/denktier.at\/pferd\/2024\/06\/14\/was-tun-wenn-das-pferd-kopfscheu-ist\/#primaryimage"},"thumbnailUrl":"https:\/\/denktier.at\/pferd\/wp-content\/uploads\/2024\/06\/pferde-blog-18.jpg","datePublished":"2024-06-14T16:21:09+00:00","dateModified":"2024-06-14T16:27:30+00:00","author":{"@id":"https:\/\/denktier.at\/pferd\/#\/schema\/person\/a450dfa4b955cd9290eeb589dc2caddf"},"description":"kopfscheue pferde reagieren wegen schmerzen oder wegen schlechter erfahrungen \u00e4ngstlich. was hilft da nun am besten?","breadcrumb":{"@id":"https:\/\/denktier.at\/pferd\/2024\/06\/14\/was-tun-wenn-das-pferd-kopfscheu-ist\/#breadcrumb"},"inLanguage":"de-AT","potentialAction":[{"@type":"ReadAction","target":["https:\/\/denktier.at\/pferd\/2024\/06\/14\/was-tun-wenn-das-pferd-kopfscheu-ist\/"]}]},{"@type":"ImageObject","inLanguage":"de-AT","@id":"https:\/\/denktier.at\/pferd\/2024\/06\/14\/was-tun-wenn-das-pferd-kopfscheu-ist\/#primaryimage","url":"https:\/\/denktier.at\/pferd\/wp-content\/uploads\/2024\/06\/pferde-blog-18.jpg","contentUrl":"https:\/\/denktier.at\/pferd\/wp-content\/uploads\/2024\/06\/pferde-blog-18.jpg","width":1640,"height":924,"caption":"pferd kopfscheu"},{"@type":"BreadcrumbList","@id":"https:\/\/denktier.at\/pferd\/2024\/06\/14\/was-tun-wenn-das-pferd-kopfscheu-ist\/#breadcrumb","itemListElement":[{"@type":"ListItem","position":1,"name":"Home","item":"https:\/\/denktier.at\/pferd\/"},{"@type":"ListItem","position":2,"name":"was tun, wenn das pferd kopfscheu ist?"}]},{"@type":"WebSite","@id":"https:\/\/denktier.at\/pferd\/#website","url":"https:\/\/denktier.at\/pferd\/","name":"denktier pferd","description":"","potentialAction":[{"@type":"SearchAction","target":{"@type":"EntryPoint","urlTemplate":"https:\/\/denktier.at\/pferd\/?s={search_term_string}"},"query-input":{"@type":"PropertyValueSpecification","valueRequired":true,"valueName":"search_term_string"}}],"inLanguage":"de-AT"},{"@type":"Person","@id":"https:\/\/denktier.at\/pferd\/#\/schema\/person\/a450dfa4b955cd9290eeb589dc2caddf","name":"brigid","image":{"@type":"ImageObject","inLanguage":"de-AT","@id":"https:\/\/secure.gravatar.com\/avatar\/e4194f972046db80294d79daa065f609498fda96e97e70bb961ac7e8afd9a3cb?s=96&d=mm&r=g","url":"https:\/\/secure.gravatar.com\/avatar\/e4194f972046db80294d79daa065f609498fda96e97e70bb961ac7e8afd9a3cb?s=96&d=mm&r=g","contentUrl":"https:\/\/secure.gravatar.com\/avatar\/e4194f972046db80294d79daa065f609498fda96e97e70bb961ac7e8afd9a3cb?s=96&d=mm&r=g","caption":"brigid"},"sameAs":["https:\/\/denktier.at\/pferd"],"url":"https:\/\/denktier.at\/pferd\/author\/brigid\/"}]}},"_links":{"self":[{"href":"https:\/\/denktier.at\/pferd\/wp-json\/wp\/v2\/posts\/685","targetHints":{"allow":["GET"]}}],"collection":[{"href":"https:\/\/denktier.at\/pferd\/wp-json\/wp\/v2\/posts"}],"about":[{"href":"https:\/\/denktier.at\/pferd\/wp-json\/wp\/v2\/types\/post"}],"author":[{"embeddable":true,"href":"https:\/\/denktier.at\/pferd\/wp-json\/wp\/v2\/users\/1"}],"replies":[{"embeddable":true,"href":"https:\/\/denktier.at\/pferd\/wp-json\/wp\/v2\/comments?post=685"}],"version-history":[{"count":4,"href":"https:\/\/denktier.at\/pferd\/wp-json\/wp\/v2\/posts\/685\/revisions"}],"predecessor-version":[{"id":690,"href":"https:\/\/denktier.at\/pferd\/wp-json\/wp\/v2\/posts\/685\/revisions\/690"}],"wp:featuredmedia":[{"embeddable":true,"href":"https:\/\/denktier.at\/pferd\/wp-json\/wp\/v2\/media\/686"}],"wp:attachment":[{"href":"https:\/\/denktier.at\/pferd\/wp-json\/wp\/v2\/media?parent=685"}],"wp:term":[{"taxonomy":"category","embeddable":true,"href":"https:\/\/denktier.at\/pferd\/wp-json\/wp\/v2\/categories?post=685"},{"taxonomy":"post_tag","embeddable":true,"href":"https:\/\/denktier.at\/pferd\/wp-json\/wp\/v2\/tags?post=685"}],"curies":[{"name":"wp","href":"https:\/\/api.w.org\/{rel}","templated":true}]}}