{"id":681,"date":"2024-05-24T19:57:48","date_gmt":"2024-05-24T17:57:48","guid":{"rendered":"https:\/\/denktier.at\/pferd\/?p=681"},"modified":"2024-05-24T19:57:48","modified_gmt":"2024-05-24T17:57:48","slug":"wann-duerfen-pferde-auf-die-weide","status":"publish","type":"post","link":"https:\/\/denktier.at\/pferd\/2024\/05\/24\/wann-duerfen-pferde-auf-die-weide\/","title":{"rendered":"wann d\u00fcrfen pferde auf die weide?"},"content":{"rendered":"<p>gibt&#8217;s einen sch\u00f6neren anblick, als wenn die pferde auf der weide stehen und gen\u00fcsslich grasen?<\/p>\n<p>doch vorsicht!<\/p>\n<p>die freude w\u00e4hrt kurz, wenn das pferd zu fr\u00fch und ohne richtige vorbereitung ins gras darf.<br \/>\neine abrupte umstellung der ern\u00e4hrung kann nicht nur verdauungsprobleme hervorrufen<br \/>\nsondern vor allem zur gef\u00fcrchteten hufrehe f\u00fchren.<br \/>\nim schlimmsten fall ist letztere ein todesurteil f\u00fcrs pferd.<\/p>\n<p>daher gilt: richtig anweiden ist essentiell!<\/p>\n<h2>vorsicht mit fr\u00fchlingsgras<\/h2>\n<p>das frische gras im fr\u00fchling ist nicht nur besonders reich an n\u00e4hrstoffen, sondern hat auch einen hohen fruktangehalt.<br \/>\nmit fruktan sch\u00fctzt sich das gras gegen gro\u00dfe temperaturschwankungen,<br \/>\nwie sie die kalten n\u00e4chte und warmen tage im fr\u00fchjahr mit sich bringen.<\/p>\n<p>als faustregel kann man sagen:<br \/>\nje fr\u00fcher im jahr, desto fruktanhaltiger ist das gras.<br \/>\n(ein \u00e4hnliches ph\u00e4nomen tritt \u00fcbrigens im herbst auch wieder auf).<br \/>\ndaher ist besonders mit den ersten gr\u00fcnen spitzen vorsicht geboten.<\/p>\n<h2>erst entwurmen<\/h2>\n<p>bevor es das erste mal auf die weide geht, steht erst noch was anderes an:<br \/>\ndas entwurmen.<\/p>\n<p>ob im stall alle pferde gleichzeitig regelm\u00e4\u00dfig entwurmt werden<br \/>\noder ob bedarfsorientiert mit kotproben vorgegangen wird und nur jene pferde entwurmt werden, die&#8217;s brauchen,<br \/>\nspielt dabei keine gro\u00dfe rolle.<\/p>\n<p>wichtig ist nur: kein pferd geht auf die weide, das noch unter wurmbefall leidet.<br \/>\nsonst schleppt man sich die w\u00fcrmer auf die weide und damit in die nahrung der ganzen herde.<\/p>\n<p>erst danach d\u00fcrfen die pferde zum gras.<br \/>\ndas aber nur kurz!<\/p>\n<h2>schrittweise anweiden<\/h2>\n<p>15 minuten sind in den ersten tagen mehr als genug.<br \/>\ndas gras ist ja jetzt besonders \u00fcppig &#8211; und die pferde besonders gierig darauf.<br \/>\nman sollte nicht untersch\u00e4tzen, wieviel sie da in k\u00fcrzester zeit in sich reinbaggern.<\/p>\n<p>wie schnell man danach steigert, da scheiden sich die geister.<\/p>\n<p>die vorsichtigen (wie ich) steigern alle 1-2 tage um 5 minuten und kommen so nach ca. zwei wochen auf einen einst\u00fcndigen weidegang.<br \/>\ndie herk\u00f6mmlichen steigern alle 2 tage um 15 minuten\u00a0 und sind damit schon nach einer woche bei einem einst\u00fcndigen weidegang.<\/p>\n<p>ab dann wird alle zwei tage um 15 minuten erh\u00f6ht, bis man die 2 stunden erreicht hat.<br \/>\nschlie\u00dflich steigert man im 30-minuten takt, bis 4 stunden grasen erreicht ist.<\/p>\n<p>realistischerweise gibt es sp\u00e4testens in dieser phase zumindest in offenstallungen sowieso einen anderen faktor,<br \/>\nder die weidezeiten limitiert:<\/p>\n<p>die insekten.<\/p>\n<h2>den ganzen tag auf der weide?<\/h2>\n<p>denn bei korrektem anweiden haben wir nun die jahreszeit erreicht,<br \/>\nwo es schnell sehr warm wird und kribbelm\u00fccken, gelsen und bremsen ihr unwesen treiben.<br \/>\nda bleiben jene pferde, die sich&#8217;s aussuchen k\u00f6nnen, lieber im stall als auf der wiese &#8211; au\u00dfer es ist windig genug.<\/p>\n<p>wie schnell man danach weiter steigern kann, bis die pferde den ganzen tag auf der weide bleiben k\u00f6nnen,<br \/>\nist daher stark wetterabh\u00e4ngig.<\/p>\n<p>inzwischen ist auch das gras nicht mehr so \u00fcppig,<br \/>\ndie weide vielleicht weitgehend abgegrast<br \/>\nund auf den weiteren weidefl\u00e4chen vermutlich das gras gem\u00e4ht und zum ersten schnitt heu verarbeitet worden,<br \/>\nerst danach kommen die pferde dort zum grasen hin.<br \/>\ndieses gras ist dann bei weitem nicht mehr so gef\u00e4hrlich wie das fr\u00fchlingsgras.<\/p>\n<p>man kann da nun gro\u00dfz\u00fcgig sein und die pferde den ganzen tag &#8211;<br \/>\noder was ihnen viel lieber ist: die ganze nacht &#8211; drau\u00dfen lassen<br \/>\nund ihnen schlie\u00dflich, wenn die haltungsbedingungen und der zustand der weidefl\u00e4chen es erlaubt,<br \/>\nden zugang zur weide g\u00e4nzlich freistellen.<\/p>\n<h2>nicht vergessen<\/h2>\n<p>was selbstverst\u00e4ndlich sein sollte, aber nicht oft genug betont werden kann:<\/p>\n<p>zus\u00e4tzliches heu sollte jederzeit verf\u00fcgbar sein.<br \/>\nviele pferde knabbern gern weiterhin am heu, auch wenn die weide verf\u00fcgbar ist.<\/p>\n<p>wasser braucht das pferd selbstverst\u00e4ndlich auch auf der weide.<br \/>\nund dass die weidefl\u00e4chen gepflegt und rotiert werden m\u00fcssen, um \u00fcberweidung zu vermeiden, sollte sich auch von selbst verstehen.<\/p>\n<p>bleibt dann nur noch, das eigene pferd genau zu beobachten,<br \/>\nwie es sich mit dem futterwechsel und der weide tut.<br \/>\ndie bed\u00fcrfnisse variieren ja doch von pferd zu pferd sehr deutlich.<br \/>\nda macht es schon sinn, ein auge drauf zu haben.<\/p>\n<p>erst dann n\u00e4mlich kann man das sch\u00f6ne bild von den pferden auf der weide auch wirklich gefahrlos genie\u00dfen.<\/p>\n<p>&nbsp;<\/p>\n","protected":false},"excerpt":{"rendered":"<p>gibt&#8217;s einen sch\u00f6neren anblick, als wenn die pferde auf der weide stehen und gen\u00fcsslich grasen? doch vorsicht! die freude w\u00e4hrt kurz, wenn das pferd zu fr\u00fch und ohne richtige vorbereitung ins gras darf. eine abrupte umstellung der ern\u00e4hrung kann nicht nur verdauungsprobleme hervorrufen sondern vor allem zur gef\u00fcrchteten hufrehe f\u00fchren. im schlimmsten fall ist letztere [&hellip;]<\/p>\n","protected":false},"author":1,"featured_media":682,"comment_status":"closed","ping_status":"closed","sticky":false,"template":"","format":"standard","meta":{"footnotes":""},"categories":[1],"tags":[],"class_list":["post-681","post","type-post","status-publish","format-standard","has-post-thumbnail","hentry","category-allgemein","post-wrapper","thrv_wrapper"],"yoast_head":"<!-- This site is optimized with the Yoast SEO plugin v27.2 - https:\/\/yoast.com\/product\/yoast-seo-wordpress\/ -->\n<title>wann d\u00fcrfen pferde auf die weide? - denktier pferd<\/title>\n<meta name=\"description\" content=\"damit das pferd gefahrlos auf die weide kann und das frische gr\u00fcn keinen gesundheitlichen schaden anrichtet, gilt es ein paar dinge zu beachten.\" \/>\n<meta name=\"robots\" content=\"index, follow, max-snippet:-1, max-image-preview:large, max-video-preview:-1\" \/>\n<link rel=\"canonical\" href=\"https:\/\/denktier.at\/pferd\/2024\/05\/24\/wann-duerfen-pferde-auf-die-weide\/\" \/>\n<meta property=\"og:locale\" content=\"de_DE\" \/>\n<meta property=\"og:type\" content=\"article\" \/>\n<meta property=\"og:title\" content=\"wann d\u00fcrfen pferde auf die weide? - denktier pferd\" \/>\n<meta property=\"og:description\" content=\"damit das pferd gefahrlos auf die weide kann und das frische gr\u00fcn keinen gesundheitlichen schaden anrichtet, gilt es ein paar dinge zu beachten.\" \/>\n<meta property=\"og:url\" content=\"https:\/\/denktier.at\/pferd\/2024\/05\/24\/wann-duerfen-pferde-auf-die-weide\/\" \/>\n<meta property=\"og:site_name\" content=\"denktier pferd\" \/>\n<meta property=\"article:published_time\" content=\"2024-05-24T17:57:48+00:00\" \/>\n<meta property=\"og:image\" content=\"https:\/\/denktier.at\/pferd\/wp-content\/uploads\/2024\/05\/pferde-blog-17.jpg\" \/>\n\t<meta property=\"og:image:width\" content=\"1640\" \/>\n\t<meta property=\"og:image:height\" content=\"924\" \/>\n\t<meta property=\"og:image:type\" content=\"image\/jpeg\" \/>\n<meta name=\"author\" content=\"brigid\" \/>\n<meta name=\"twitter:card\" content=\"summary_large_image\" \/>\n<meta name=\"twitter:label1\" content=\"Verfasst von\" \/>\n\t<meta name=\"twitter:data1\" content=\"brigid\" \/>\n\t<meta name=\"twitter:label2\" content=\"Gesch\u00e4tzte Lesezeit\" \/>\n\t<meta name=\"twitter:data2\" content=\"2 Minuten\" \/>\n<script type=\"application\/ld+json\" class=\"yoast-schema-graph\">{\"@context\":\"https:\/\/schema.org\",\"@graph\":[{\"@type\":\"Article\",\"@id\":\"https:\/\/denktier.at\/pferd\/2024\/05\/24\/wann-duerfen-pferde-auf-die-weide\/#article\",\"isPartOf\":{\"@id\":\"https:\/\/denktier.at\/pferd\/2024\/05\/24\/wann-duerfen-pferde-auf-die-weide\/\"},\"author\":{\"name\":\"brigid\",\"@id\":\"https:\/\/denktier.at\/pferd\/#\/schema\/person\/a450dfa4b955cd9290eeb589dc2caddf\"},\"headline\":\"wann d\u00fcrfen pferde auf die weide?\",\"datePublished\":\"2024-05-24T17:57:48+00:00\",\"mainEntityOfPage\":{\"@id\":\"https:\/\/denktier.at\/pferd\/2024\/05\/24\/wann-duerfen-pferde-auf-die-weide\/\"},\"wordCount\":720,\"image\":{\"@id\":\"https:\/\/denktier.at\/pferd\/2024\/05\/24\/wann-duerfen-pferde-auf-die-weide\/#primaryimage\"},\"thumbnailUrl\":\"https:\/\/denktier.at\/pferd\/wp-content\/uploads\/2024\/05\/pferde-blog-17.jpg\",\"inLanguage\":\"de-AT\"},{\"@type\":\"WebPage\",\"@id\":\"https:\/\/denktier.at\/pferd\/2024\/05\/24\/wann-duerfen-pferde-auf-die-weide\/\",\"url\":\"https:\/\/denktier.at\/pferd\/2024\/05\/24\/wann-duerfen-pferde-auf-die-weide\/\",\"name\":\"wann d\u00fcrfen pferde auf die weide? - denktier pferd\",\"isPartOf\":{\"@id\":\"https:\/\/denktier.at\/pferd\/#website\"},\"primaryImageOfPage\":{\"@id\":\"https:\/\/denktier.at\/pferd\/2024\/05\/24\/wann-duerfen-pferde-auf-die-weide\/#primaryimage\"},\"image\":{\"@id\":\"https:\/\/denktier.at\/pferd\/2024\/05\/24\/wann-duerfen-pferde-auf-die-weide\/#primaryimage\"},\"thumbnailUrl\":\"https:\/\/denktier.at\/pferd\/wp-content\/uploads\/2024\/05\/pferde-blog-17.jpg\",\"datePublished\":\"2024-05-24T17:57:48+00:00\",\"author\":{\"@id\":\"https:\/\/denktier.at\/pferd\/#\/schema\/person\/a450dfa4b955cd9290eeb589dc2caddf\"},\"description\":\"damit das pferd gefahrlos auf die weide kann und das frische gr\u00fcn keinen gesundheitlichen schaden anrichtet, gilt es ein paar dinge zu beachten.\",\"breadcrumb\":{\"@id\":\"https:\/\/denktier.at\/pferd\/2024\/05\/24\/wann-duerfen-pferde-auf-die-weide\/#breadcrumb\"},\"inLanguage\":\"de-AT\",\"potentialAction\":[{\"@type\":\"ReadAction\",\"target\":[\"https:\/\/denktier.at\/pferd\/2024\/05\/24\/wann-duerfen-pferde-auf-die-weide\/\"]}]},{\"@type\":\"ImageObject\",\"inLanguage\":\"de-AT\",\"@id\":\"https:\/\/denktier.at\/pferd\/2024\/05\/24\/wann-duerfen-pferde-auf-die-weide\/#primaryimage\",\"url\":\"https:\/\/denktier.at\/pferd\/wp-content\/uploads\/2024\/05\/pferde-blog-17.jpg\",\"contentUrl\":\"https:\/\/denktier.at\/pferd\/wp-content\/uploads\/2024\/05\/pferde-blog-17.jpg\",\"width\":1640,\"height\":924,\"caption\":\"pferd weide\"},{\"@type\":\"BreadcrumbList\",\"@id\":\"https:\/\/denktier.at\/pferd\/2024\/05\/24\/wann-duerfen-pferde-auf-die-weide\/#breadcrumb\",\"itemListElement\":[{\"@type\":\"ListItem\",\"position\":1,\"name\":\"Home\",\"item\":\"https:\/\/denktier.at\/pferd\/\"},{\"@type\":\"ListItem\",\"position\":2,\"name\":\"wann d\u00fcrfen pferde auf die weide?\"}]},{\"@type\":\"WebSite\",\"@id\":\"https:\/\/denktier.at\/pferd\/#website\",\"url\":\"https:\/\/denktier.at\/pferd\/\",\"name\":\"denktier pferd\",\"description\":\"\",\"potentialAction\":[{\"@type\":\"SearchAction\",\"target\":{\"@type\":\"EntryPoint\",\"urlTemplate\":\"https:\/\/denktier.at\/pferd\/?s={search_term_string}\"},\"query-input\":{\"@type\":\"PropertyValueSpecification\",\"valueRequired\":true,\"valueName\":\"search_term_string\"}}],\"inLanguage\":\"de-AT\"},{\"@type\":\"Person\",\"@id\":\"https:\/\/denktier.at\/pferd\/#\/schema\/person\/a450dfa4b955cd9290eeb589dc2caddf\",\"name\":\"brigid\",\"image\":{\"@type\":\"ImageObject\",\"inLanguage\":\"de-AT\",\"@id\":\"https:\/\/secure.gravatar.com\/avatar\/e4194f972046db80294d79daa065f609498fda96e97e70bb961ac7e8afd9a3cb?s=96&d=mm&r=g\",\"url\":\"https:\/\/secure.gravatar.com\/avatar\/e4194f972046db80294d79daa065f609498fda96e97e70bb961ac7e8afd9a3cb?s=96&d=mm&r=g\",\"contentUrl\":\"https:\/\/secure.gravatar.com\/avatar\/e4194f972046db80294d79daa065f609498fda96e97e70bb961ac7e8afd9a3cb?s=96&d=mm&r=g\",\"caption\":\"brigid\"},\"sameAs\":[\"https:\/\/denktier.at\/pferd\"],\"url\":\"https:\/\/denktier.at\/pferd\/author\/brigid\/\"}]}<\/script>\n<!-- \/ Yoast SEO plugin. -->","yoast_head_json":{"title":"wann d\u00fcrfen pferde auf die weide? - denktier pferd","description":"damit das pferd gefahrlos auf die weide kann und das frische gr\u00fcn keinen gesundheitlichen schaden anrichtet, gilt es ein paar dinge zu beachten.","robots":{"index":"index","follow":"follow","max-snippet":"max-snippet:-1","max-image-preview":"max-image-preview:large","max-video-preview":"max-video-preview:-1"},"canonical":"https:\/\/denktier.at\/pferd\/2024\/05\/24\/wann-duerfen-pferde-auf-die-weide\/","og_locale":"de_DE","og_type":"article","og_title":"wann d\u00fcrfen pferde auf die weide? - denktier pferd","og_description":"damit das pferd gefahrlos auf die weide kann und das frische gr\u00fcn keinen gesundheitlichen schaden anrichtet, gilt es ein paar dinge zu beachten.","og_url":"https:\/\/denktier.at\/pferd\/2024\/05\/24\/wann-duerfen-pferde-auf-die-weide\/","og_site_name":"denktier pferd","article_published_time":"2024-05-24T17:57:48+00:00","og_image":[{"width":1640,"height":924,"url":"https:\/\/denktier.at\/pferd\/wp-content\/uploads\/2024\/05\/pferde-blog-17.jpg","type":"image\/jpeg"}],"author":"brigid","twitter_card":"summary_large_image","twitter_misc":{"Verfasst von":"brigid","Gesch\u00e4tzte Lesezeit":"2 Minuten"},"schema":{"@context":"https:\/\/schema.org","@graph":[{"@type":"Article","@id":"https:\/\/denktier.at\/pferd\/2024\/05\/24\/wann-duerfen-pferde-auf-die-weide\/#article","isPartOf":{"@id":"https:\/\/denktier.at\/pferd\/2024\/05\/24\/wann-duerfen-pferde-auf-die-weide\/"},"author":{"name":"brigid","@id":"https:\/\/denktier.at\/pferd\/#\/schema\/person\/a450dfa4b955cd9290eeb589dc2caddf"},"headline":"wann d\u00fcrfen pferde auf die weide?","datePublished":"2024-05-24T17:57:48+00:00","mainEntityOfPage":{"@id":"https:\/\/denktier.at\/pferd\/2024\/05\/24\/wann-duerfen-pferde-auf-die-weide\/"},"wordCount":720,"image":{"@id":"https:\/\/denktier.at\/pferd\/2024\/05\/24\/wann-duerfen-pferde-auf-die-weide\/#primaryimage"},"thumbnailUrl":"https:\/\/denktier.at\/pferd\/wp-content\/uploads\/2024\/05\/pferde-blog-17.jpg","inLanguage":"de-AT"},{"@type":"WebPage","@id":"https:\/\/denktier.at\/pferd\/2024\/05\/24\/wann-duerfen-pferde-auf-die-weide\/","url":"https:\/\/denktier.at\/pferd\/2024\/05\/24\/wann-duerfen-pferde-auf-die-weide\/","name":"wann d\u00fcrfen pferde auf die weide? - denktier pferd","isPartOf":{"@id":"https:\/\/denktier.at\/pferd\/#website"},"primaryImageOfPage":{"@id":"https:\/\/denktier.at\/pferd\/2024\/05\/24\/wann-duerfen-pferde-auf-die-weide\/#primaryimage"},"image":{"@id":"https:\/\/denktier.at\/pferd\/2024\/05\/24\/wann-duerfen-pferde-auf-die-weide\/#primaryimage"},"thumbnailUrl":"https:\/\/denktier.at\/pferd\/wp-content\/uploads\/2024\/05\/pferde-blog-17.jpg","datePublished":"2024-05-24T17:57:48+00:00","author":{"@id":"https:\/\/denktier.at\/pferd\/#\/schema\/person\/a450dfa4b955cd9290eeb589dc2caddf"},"description":"damit das pferd gefahrlos auf die weide kann und das frische gr\u00fcn keinen gesundheitlichen schaden anrichtet, gilt es ein paar dinge zu beachten.","breadcrumb":{"@id":"https:\/\/denktier.at\/pferd\/2024\/05\/24\/wann-duerfen-pferde-auf-die-weide\/#breadcrumb"},"inLanguage":"de-AT","potentialAction":[{"@type":"ReadAction","target":["https:\/\/denktier.at\/pferd\/2024\/05\/24\/wann-duerfen-pferde-auf-die-weide\/"]}]},{"@type":"ImageObject","inLanguage":"de-AT","@id":"https:\/\/denktier.at\/pferd\/2024\/05\/24\/wann-duerfen-pferde-auf-die-weide\/#primaryimage","url":"https:\/\/denktier.at\/pferd\/wp-content\/uploads\/2024\/05\/pferde-blog-17.jpg","contentUrl":"https:\/\/denktier.at\/pferd\/wp-content\/uploads\/2024\/05\/pferde-blog-17.jpg","width":1640,"height":924,"caption":"pferd weide"},{"@type":"BreadcrumbList","@id":"https:\/\/denktier.at\/pferd\/2024\/05\/24\/wann-duerfen-pferde-auf-die-weide\/#breadcrumb","itemListElement":[{"@type":"ListItem","position":1,"name":"Home","item":"https:\/\/denktier.at\/pferd\/"},{"@type":"ListItem","position":2,"name":"wann d\u00fcrfen pferde auf die weide?"}]},{"@type":"WebSite","@id":"https:\/\/denktier.at\/pferd\/#website","url":"https:\/\/denktier.at\/pferd\/","name":"denktier pferd","description":"","potentialAction":[{"@type":"SearchAction","target":{"@type":"EntryPoint","urlTemplate":"https:\/\/denktier.at\/pferd\/?s={search_term_string}"},"query-input":{"@type":"PropertyValueSpecification","valueRequired":true,"valueName":"search_term_string"}}],"inLanguage":"de-AT"},{"@type":"Person","@id":"https:\/\/denktier.at\/pferd\/#\/schema\/person\/a450dfa4b955cd9290eeb589dc2caddf","name":"brigid","image":{"@type":"ImageObject","inLanguage":"de-AT","@id":"https:\/\/secure.gravatar.com\/avatar\/e4194f972046db80294d79daa065f609498fda96e97e70bb961ac7e8afd9a3cb?s=96&d=mm&r=g","url":"https:\/\/secure.gravatar.com\/avatar\/e4194f972046db80294d79daa065f609498fda96e97e70bb961ac7e8afd9a3cb?s=96&d=mm&r=g","contentUrl":"https:\/\/secure.gravatar.com\/avatar\/e4194f972046db80294d79daa065f609498fda96e97e70bb961ac7e8afd9a3cb?s=96&d=mm&r=g","caption":"brigid"},"sameAs":["https:\/\/denktier.at\/pferd"],"url":"https:\/\/denktier.at\/pferd\/author\/brigid\/"}]}},"_links":{"self":[{"href":"https:\/\/denktier.at\/pferd\/wp-json\/wp\/v2\/posts\/681","targetHints":{"allow":["GET"]}}],"collection":[{"href":"https:\/\/denktier.at\/pferd\/wp-json\/wp\/v2\/posts"}],"about":[{"href":"https:\/\/denktier.at\/pferd\/wp-json\/wp\/v2\/types\/post"}],"author":[{"embeddable":true,"href":"https:\/\/denktier.at\/pferd\/wp-json\/wp\/v2\/users\/1"}],"replies":[{"embeddable":true,"href":"https:\/\/denktier.at\/pferd\/wp-json\/wp\/v2\/comments?post=681"}],"version-history":[{"count":1,"href":"https:\/\/denktier.at\/pferd\/wp-json\/wp\/v2\/posts\/681\/revisions"}],"predecessor-version":[{"id":683,"href":"https:\/\/denktier.at\/pferd\/wp-json\/wp\/v2\/posts\/681\/revisions\/683"}],"wp:featuredmedia":[{"embeddable":true,"href":"https:\/\/denktier.at\/pferd\/wp-json\/wp\/v2\/media\/682"}],"wp:attachment":[{"href":"https:\/\/denktier.at\/pferd\/wp-json\/wp\/v2\/media?parent=681"}],"wp:term":[{"taxonomy":"category","embeddable":true,"href":"https:\/\/denktier.at\/pferd\/wp-json\/wp\/v2\/categories?post=681"},{"taxonomy":"post_tag","embeddable":true,"href":"https:\/\/denktier.at\/pferd\/wp-json\/wp\/v2\/tags?post=681"}],"curies":[{"name":"wp","href":"https:\/\/api.w.org\/{rel}","templated":true}]}}