{"id":677,"date":"2024-05-10T19:21:02","date_gmt":"2024-05-10T17:21:02","guid":{"rendered":"https:\/\/denktier.at\/pferd\/?p=677"},"modified":"2024-05-10T19:21:02","modified_gmt":"2024-05-10T17:21:02","slug":"wenn-das-pferd-nicht-vom-stall-weggehen-mag","status":"publish","type":"post","link":"https:\/\/denktier.at\/pferd\/2024\/05\/10\/wenn-das-pferd-nicht-vom-stall-weggehen-mag\/","title":{"rendered":"wenn das pferd nicht vom stall weggehen mag"},"content":{"rendered":"<p>spazierg\u00e4nge oder ausritte werden stressig, wenn das pferd nicht vom stall oder vom hof weggehen mag<br \/>\nund stattdessen nerv\u00f6s herumzappelt oder st\u00e4ndig nach der herde wiehert.<\/p>\n<p>als erkl\u00e4rung muss dann oft herhalten,<br \/>\ndass der mensch angeblich zu wenig f\u00fchrungsqualit\u00e4t habe,<br \/>\nsich nicht ausreichend durchsetzen kann und ihm das pferd nicht vertraut.<\/p>\n<p>daran ist etwas wahres, aber nur wenig.<br \/>\nwahr ist, dass unsicherheit und anspannung vom menschen aufs pferd \u00fcberspringen.<\/p>\n<p>wenn man schon damit rechnet, dass es beim weggehen vom hof gleich wieder theater gibt,<br \/>\nbleiben die wenigstens ganz locker und entspannt.<br \/>\nso gesehen ist was wahres dran.<\/p>\n<p>die wahren ursachen liegen aber in aller regel tiefer.<br \/>\nhier mal die drei h\u00e4ufigsten (und l\u00f6sungsans\u00e4tze dazu)<\/p>\n<h2>1. unsicherheit ohne herde<\/h2>\n<p>wie sehr ein pferd die gesellschaft seiner herde braucht,<br \/>\nh\u00e4ngt stark von der sozialisation, den erfahrungen und dem pferdetypus ab.<\/p>\n<p>ein pferd, das von klein auf viel und positiven kontakt zum menschen hatte<br \/>\nund zu einerm eher menschenbezogenen und eigenst\u00e4ndigen typus geh\u00f6rt,<br \/>\nhat eher keine probleme, sich mit dem menschen alleine sicher zu f\u00fchlen.<\/p>\n<p>anders sieht es bei einem pferd aus, dass sehr stark auf herdenverband gepr\u00e4gt ist (wie isl\u00e4nder zum beispiel),<br \/>\ndas die ersten lebensjahre roh in der herde und mit wenig menschenkontakt verbracht hat<br \/>\nund das wom\u00f6glich gleich am anfang mit einzel-ausfl\u00fcgen \u00fcberfordert wurde.<\/p>\n<p>so ein pferd erlebt die welt drau\u00dfen als viel schwieriger<br \/>\nund f\u00fchlt sich ohne andere pferde einfach nicht sicher genug.<br \/>\nklar will es dann von den anderen nicht weg.<\/p>\n<p><strong>was hilft:\u00a0<\/strong><br \/>\nerst mal viel in den aufbau einer freundlichen beziehung und von vertrauen zum menschen investieren.<br \/>\ndas kann man anfangs gut in sichtweite von herdengenossen machen, sp\u00e4ter dann auch alleine &#8211;<br \/>\nund zwar am gewohnten hofgel\u00e4nde, noch gar nicht drau\u00dfen.<\/p>\n<p>wenn dabei alles entspanng (!) abl\u00e4uft, geht es ab ins gel\u00e4nde.<br \/>\nerst mal nur kurz und in begleitung von wenigstens einem weiteren pferd,<br \/>\nsp\u00e4ter dann l\u00e4ngere strecken in gesellschaft und schlie\u00dflich auch mal ein st\u00fcck alleine.<\/p>\n<h2>2. \u00fcberforderung drau\u00dfen<\/h2>\n<p>die umgebung des stalls spielt eine wichtige rolle dabei,<br \/>\nwie gern und wie leicht sich das pferd vom hof wegf\u00fchren l\u00e4sst.<\/p>\n<p>je turbulenter es da zu geht,<br \/>\nje mehr autos und traktoren und l\u00e4rm es ausgesetzt ist<br \/>\nund je mehr schwierige oder erschreckende begegnungen drohen,<br \/>\ndesto unangenehmer wird es drau\u00dfen f\u00fcrs pferd.<\/p>\n<p>wer geht schon freiwillig von der sch\u00f6nen weide mitten ins laute get\u00fcmmel,<br \/>\nwenn dort drau\u00dfen alles keinen spa\u00df macht?<\/p>\n<p>besonders leicht f\u00fchlen sich jene pferde \u00fcberfordert,<br \/>\ndie in ihren ersten lebensjahren nicht viel kennengelernt haben,<br \/>\ndie ein sch\u00f6nes und ruhige pferdeleben auf koppeln und weiden hatten,<br \/>\naber von der restlichen welt wenig mitbekommen haben.<\/p>\n<p>geht man mit denen in vom hof nur in die felder und w\u00e4lder,<br \/>\nwird man keine gro\u00dfen probleme haben.<br \/>\ndoch wehe, man muss erst durch die siedlung, an einer bahnstrecke entlang<br \/>\noder durch unbekanntes terrain.<\/p>\n<p>da steigt der stresspegel beim pferd ganz schnell &#8211;<br \/>\nund der lerneffekt kommt dazu: drau\u00dfen ist es ungut, da will ich nicht hin.<\/p>\n<p><strong>was hilft:\u00a0<\/strong><br \/>\nda der stressfaktor eine so gro\u00dfe rolle spielt,<br \/>\nist es wichtig, auf einen generell niedrigen stresspegel zu achten,<br \/>\nbevor man sich ins schwierigere gel\u00e4nde raus wagt.<\/p>\n<p>das sollte man mit dem pferd dann erst mal happenweise \u00fcben.<br \/>\nes geht darum, ihm die welt drau\u00dfen schrittweise zu zeigen<br \/>\nund es damit vertraut zu machen, was es da zu erwarten hat.<\/p>\n<p>und zwar so, dass das pferd eine positive erfahrung mitnimmt,<br \/>\nohne \u00fcberfordert zu sein.<br \/>\ngeht man da anfangs behutsam vor und garantiert schutz vor \u00fcberforderung,<br \/>\nwird man schnell immer gr\u00f6\u00dfere kreise ziehen k\u00f6nnen, und das in aller ruhe.<\/p>\n<h2>3. negative erlebnisse im gel\u00e4nde<\/h2>\n<p>schlie\u00dflich gibt es noch jene pferde, die &#8222;pl\u00f6tzlich&#8220; nicht mehr vom hof weg wollen.<br \/>\nzu denen z\u00e4hlen jene, die grad erst in den neuen stall \u00fcbersiedelt sind<br \/>\nund noch mit der umstellung und all dem neuen zu k\u00e4mpfen haben.<br \/>\nda kann es in den ersten wochen &#8211; wenn nicht sogar monaten &#8211; dauern,<br \/>\nbis sich das pferd wieder sicher genug f\u00fchlt.<\/p>\n<p>es kann allerdings auch vorkommen,<br \/>\ndass das pferd das gel\u00e4nde mit negativen erlebnissen verkn\u00fcpft hat<br \/>\nund deswegen nicht mehr raus will.<\/p>\n<p>das kann sich auf eine bestimmte strecke beschr\u00e4nken,<br \/>\nwo es einen unguten zwischenfall gibt und wo es nun nicht mehr hin will.<\/p>\n<p>das kann aber auch generell alles drau\u00dfen sein,<br \/>\nweil es ausritte als unangenehm erlebt &#8211;<br \/>\nwegen der reitweise, wegen schmerzen, wegen der bodenbeschaffenheit,<br \/>\nwegen der kontrolle, die der mensch drau\u00dfen verst\u00e4rkt (und oft \u00fcber den z\u00fcgel) aus\u00fcbt.<\/p>\n<p>das pferd stellt eine assoziiert dann das rausgehen mit den unangenehmen dingen,<br \/>\ndie ihm drau\u00dfen widerfahren &#8211; und will daher nicht raus.<\/p>\n<p><strong>was hilft:\u00a0<\/strong><br \/>\ngeht es um eine bestimmte stelle oder strecke, dann hilft die vorsichtige ann\u00e4herung.<br \/>\nimmer nur ein kleines st\u00fcck in die richtung, ruhe reinbringen (kopf senken abfragen, selber entspannen, futterbelohnung&#8230;),<br \/>\ndann wieder umkehren und retour.<br \/>\nund so weiter.<\/p>\n<p>liegt es daran, dass das pferd gar nichts drau\u00dfen mag,<br \/>\nsollte man erst testen, ob das gleich gilt f\u00fcr spazierengehen am f\u00fchrstrick wie f\u00fcr reiten.<br \/>\nmanche gehen am strick problemlos mit und machen nur unterm sattel theater &#8211;<br \/>\nda w\u00e4ren dann die passform des sattels und die reitweise drau\u00dfen zu \u00fcberpr\u00fcfen.<\/p>\n<p>andersrum ist es seltener: das pferd geht drau\u00dfen nur unterm sattel, nicht aber am f\u00fchrstrick gut.<br \/>\ndann hei\u00dft es zur\u00fcck an den start und mal eine korrekte f\u00fchrtechnik und kommunikation vom boden aus aufbauen<br \/>\n(wer mag, kann sich dazu die kostenlose <span style=\"color: #d40018;\"><a style=\"color: #d40018;\" href=\"https:\/\/denktier.ck.page\/cfc5116bdf\" target=\"_blank\" rel=\"noopener\">&#8222;f\u00fchr-challenge&#8220;<\/a><\/span> holen).<\/p>\n<p>eines gilt f\u00fcr alle drei ursachen:<br \/>\nmit zwang und druck macht man es nur schlimmer.<br \/>\nmit verst\u00e4ndnis und schrittweise erarbeiten klappt es am besten.<\/p>\n","protected":false},"excerpt":{"rendered":"<p>spazierg\u00e4nge oder ausritte werden stressig, wenn das pferd nicht vom stall oder vom hof weggehen mag und stattdessen nerv\u00f6s herumzappelt oder st\u00e4ndig nach der herde wiehert. als erkl\u00e4rung muss dann oft herhalten, dass der mensch angeblich zu wenig f\u00fchrungsqualit\u00e4t habe, sich nicht ausreichend durchsetzen kann und ihm das pferd nicht vertraut. daran ist etwas wahres, [&hellip;]<\/p>\n","protected":false},"author":1,"featured_media":678,"comment_status":"closed","ping_status":"closed","sticky":false,"template":"","format":"standard","meta":{"footnotes":""},"categories":[1],"tags":[],"class_list":["post-677","post","type-post","status-publish","format-standard","has-post-thumbnail","hentry","category-allgemein","post-wrapper","thrv_wrapper"],"yoast_head":"<!-- This site is optimized with the Yoast SEO plugin v27.2 - https:\/\/yoast.com\/product\/yoast-seo-wordpress\/ -->\n<title>wenn das pferd nicht vom stall weggehen mag - denktier pferd<\/title>\n<meta name=\"description\" content=\"es gibt verschiedene ursachen, warum ein pferd nicht vom stall weg mag - hier die h\u00e4ufigsten drei samt l\u00f6sungsans\u00e4tzen.\" \/>\n<meta name=\"robots\" content=\"index, follow, max-snippet:-1, max-image-preview:large, max-video-preview:-1\" \/>\n<link rel=\"canonical\" href=\"https:\/\/denktier.at\/pferd\/2024\/05\/10\/wenn-das-pferd-nicht-vom-stall-weggehen-mag\/\" \/>\n<meta property=\"og:locale\" content=\"de_DE\" \/>\n<meta property=\"og:type\" content=\"article\" \/>\n<meta property=\"og:title\" content=\"wenn das pferd nicht vom stall weggehen mag - denktier pferd\" \/>\n<meta property=\"og:description\" content=\"es gibt verschiedene ursachen, warum ein pferd nicht vom stall weg mag - hier die h\u00e4ufigsten drei samt l\u00f6sungsans\u00e4tzen.\" \/>\n<meta property=\"og:url\" content=\"https:\/\/denktier.at\/pferd\/2024\/05\/10\/wenn-das-pferd-nicht-vom-stall-weggehen-mag\/\" \/>\n<meta property=\"og:site_name\" content=\"denktier pferd\" \/>\n<meta property=\"article:published_time\" content=\"2024-05-10T17:21:02+00:00\" \/>\n<meta property=\"og:image\" content=\"https:\/\/denktier.at\/pferd\/wp-content\/uploads\/2024\/05\/pferde-blog-16.jpg\" \/>\n\t<meta property=\"og:image:width\" content=\"1640\" \/>\n\t<meta property=\"og:image:height\" content=\"924\" \/>\n\t<meta property=\"og:image:type\" content=\"image\/jpeg\" \/>\n<meta name=\"author\" content=\"brigid\" \/>\n<meta name=\"twitter:card\" content=\"summary_large_image\" \/>\n<meta name=\"twitter:label1\" content=\"Verfasst von\" \/>\n\t<meta name=\"twitter:data1\" content=\"brigid\" \/>\n\t<meta name=\"twitter:label2\" content=\"Gesch\u00e4tzte Lesezeit\" \/>\n\t<meta name=\"twitter:data2\" content=\"2 Minuten\" \/>\n<script type=\"application\/ld+json\" class=\"yoast-schema-graph\">{\"@context\":\"https:\/\/schema.org\",\"@graph\":[{\"@type\":\"Article\",\"@id\":\"https:\/\/denktier.at\/pferd\/2024\/05\/10\/wenn-das-pferd-nicht-vom-stall-weggehen-mag\/#article\",\"isPartOf\":{\"@id\":\"https:\/\/denktier.at\/pferd\/2024\/05\/10\/wenn-das-pferd-nicht-vom-stall-weggehen-mag\/\"},\"author\":{\"name\":\"brigid\",\"@id\":\"https:\/\/denktier.at\/pferd\/#\/schema\/person\/a450dfa4b955cd9290eeb589dc2caddf\"},\"headline\":\"wenn das pferd nicht vom stall weggehen mag\",\"datePublished\":\"2024-05-10T17:21:02+00:00\",\"mainEntityOfPage\":{\"@id\":\"https:\/\/denktier.at\/pferd\/2024\/05\/10\/wenn-das-pferd-nicht-vom-stall-weggehen-mag\/\"},\"wordCount\":994,\"image\":{\"@id\":\"https:\/\/denktier.at\/pferd\/2024\/05\/10\/wenn-das-pferd-nicht-vom-stall-weggehen-mag\/#primaryimage\"},\"thumbnailUrl\":\"https:\/\/denktier.at\/pferd\/wp-content\/uploads\/2024\/05\/pferde-blog-16.jpg\",\"inLanguage\":\"de-AT\"},{\"@type\":\"WebPage\",\"@id\":\"https:\/\/denktier.at\/pferd\/2024\/05\/10\/wenn-das-pferd-nicht-vom-stall-weggehen-mag\/\",\"url\":\"https:\/\/denktier.at\/pferd\/2024\/05\/10\/wenn-das-pferd-nicht-vom-stall-weggehen-mag\/\",\"name\":\"wenn das pferd nicht vom stall weggehen mag - denktier pferd\",\"isPartOf\":{\"@id\":\"https:\/\/denktier.at\/pferd\/#website\"},\"primaryImageOfPage\":{\"@id\":\"https:\/\/denktier.at\/pferd\/2024\/05\/10\/wenn-das-pferd-nicht-vom-stall-weggehen-mag\/#primaryimage\"},\"image\":{\"@id\":\"https:\/\/denktier.at\/pferd\/2024\/05\/10\/wenn-das-pferd-nicht-vom-stall-weggehen-mag\/#primaryimage\"},\"thumbnailUrl\":\"https:\/\/denktier.at\/pferd\/wp-content\/uploads\/2024\/05\/pferde-blog-16.jpg\",\"datePublished\":\"2024-05-10T17:21:02+00:00\",\"author\":{\"@id\":\"https:\/\/denktier.at\/pferd\/#\/schema\/person\/a450dfa4b955cd9290eeb589dc2caddf\"},\"description\":\"es gibt verschiedene ursachen, warum ein pferd nicht vom stall weg mag - hier die h\u00e4ufigsten drei samt l\u00f6sungsans\u00e4tzen.\",\"breadcrumb\":{\"@id\":\"https:\/\/denktier.at\/pferd\/2024\/05\/10\/wenn-das-pferd-nicht-vom-stall-weggehen-mag\/#breadcrumb\"},\"inLanguage\":\"de-AT\",\"potentialAction\":[{\"@type\":\"ReadAction\",\"target\":[\"https:\/\/denktier.at\/pferd\/2024\/05\/10\/wenn-das-pferd-nicht-vom-stall-weggehen-mag\/\"]}]},{\"@type\":\"ImageObject\",\"inLanguage\":\"de-AT\",\"@id\":\"https:\/\/denktier.at\/pferd\/2024\/05\/10\/wenn-das-pferd-nicht-vom-stall-weggehen-mag\/#primaryimage\",\"url\":\"https:\/\/denktier.at\/pferd\/wp-content\/uploads\/2024\/05\/pferde-blog-16.jpg\",\"contentUrl\":\"https:\/\/denktier.at\/pferd\/wp-content\/uploads\/2024\/05\/pferde-blog-16.jpg\",\"width\":1640,\"height\":924,\"caption\":\"pferd vom stall weg\"},{\"@type\":\"BreadcrumbList\",\"@id\":\"https:\/\/denktier.at\/pferd\/2024\/05\/10\/wenn-das-pferd-nicht-vom-stall-weggehen-mag\/#breadcrumb\",\"itemListElement\":[{\"@type\":\"ListItem\",\"position\":1,\"name\":\"Home\",\"item\":\"https:\/\/denktier.at\/pferd\/\"},{\"@type\":\"ListItem\",\"position\":2,\"name\":\"wenn das pferd nicht vom stall weggehen mag\"}]},{\"@type\":\"WebSite\",\"@id\":\"https:\/\/denktier.at\/pferd\/#website\",\"url\":\"https:\/\/denktier.at\/pferd\/\",\"name\":\"denktier pferd\",\"description\":\"\",\"potentialAction\":[{\"@type\":\"SearchAction\",\"target\":{\"@type\":\"EntryPoint\",\"urlTemplate\":\"https:\/\/denktier.at\/pferd\/?s={search_term_string}\"},\"query-input\":{\"@type\":\"PropertyValueSpecification\",\"valueRequired\":true,\"valueName\":\"search_term_string\"}}],\"inLanguage\":\"de-AT\"},{\"@type\":\"Person\",\"@id\":\"https:\/\/denktier.at\/pferd\/#\/schema\/person\/a450dfa4b955cd9290eeb589dc2caddf\",\"name\":\"brigid\",\"image\":{\"@type\":\"ImageObject\",\"inLanguage\":\"de-AT\",\"@id\":\"https:\/\/secure.gravatar.com\/avatar\/e4194f972046db80294d79daa065f609498fda96e97e70bb961ac7e8afd9a3cb?s=96&d=mm&r=g\",\"url\":\"https:\/\/secure.gravatar.com\/avatar\/e4194f972046db80294d79daa065f609498fda96e97e70bb961ac7e8afd9a3cb?s=96&d=mm&r=g\",\"contentUrl\":\"https:\/\/secure.gravatar.com\/avatar\/e4194f972046db80294d79daa065f609498fda96e97e70bb961ac7e8afd9a3cb?s=96&d=mm&r=g\",\"caption\":\"brigid\"},\"sameAs\":[\"https:\/\/denktier.at\/pferd\"],\"url\":\"https:\/\/denktier.at\/pferd\/author\/brigid\/\"}]}<\/script>\n<!-- \/ Yoast SEO plugin. -->","yoast_head_json":{"title":"wenn das pferd nicht vom stall weggehen mag - denktier pferd","description":"es gibt verschiedene ursachen, warum ein pferd nicht vom stall weg mag - hier die h\u00e4ufigsten drei samt l\u00f6sungsans\u00e4tzen.","robots":{"index":"index","follow":"follow","max-snippet":"max-snippet:-1","max-image-preview":"max-image-preview:large","max-video-preview":"max-video-preview:-1"},"canonical":"https:\/\/denktier.at\/pferd\/2024\/05\/10\/wenn-das-pferd-nicht-vom-stall-weggehen-mag\/","og_locale":"de_DE","og_type":"article","og_title":"wenn das pferd nicht vom stall weggehen mag - denktier pferd","og_description":"es gibt verschiedene ursachen, warum ein pferd nicht vom stall weg mag - hier die h\u00e4ufigsten drei samt l\u00f6sungsans\u00e4tzen.","og_url":"https:\/\/denktier.at\/pferd\/2024\/05\/10\/wenn-das-pferd-nicht-vom-stall-weggehen-mag\/","og_site_name":"denktier pferd","article_published_time":"2024-05-10T17:21:02+00:00","og_image":[{"width":1640,"height":924,"url":"https:\/\/denktier.at\/pferd\/wp-content\/uploads\/2024\/05\/pferde-blog-16.jpg","type":"image\/jpeg"}],"author":"brigid","twitter_card":"summary_large_image","twitter_misc":{"Verfasst von":"brigid","Gesch\u00e4tzte Lesezeit":"2 Minuten"},"schema":{"@context":"https:\/\/schema.org","@graph":[{"@type":"Article","@id":"https:\/\/denktier.at\/pferd\/2024\/05\/10\/wenn-das-pferd-nicht-vom-stall-weggehen-mag\/#article","isPartOf":{"@id":"https:\/\/denktier.at\/pferd\/2024\/05\/10\/wenn-das-pferd-nicht-vom-stall-weggehen-mag\/"},"author":{"name":"brigid","@id":"https:\/\/denktier.at\/pferd\/#\/schema\/person\/a450dfa4b955cd9290eeb589dc2caddf"},"headline":"wenn das pferd nicht vom stall weggehen mag","datePublished":"2024-05-10T17:21:02+00:00","mainEntityOfPage":{"@id":"https:\/\/denktier.at\/pferd\/2024\/05\/10\/wenn-das-pferd-nicht-vom-stall-weggehen-mag\/"},"wordCount":994,"image":{"@id":"https:\/\/denktier.at\/pferd\/2024\/05\/10\/wenn-das-pferd-nicht-vom-stall-weggehen-mag\/#primaryimage"},"thumbnailUrl":"https:\/\/denktier.at\/pferd\/wp-content\/uploads\/2024\/05\/pferde-blog-16.jpg","inLanguage":"de-AT"},{"@type":"WebPage","@id":"https:\/\/denktier.at\/pferd\/2024\/05\/10\/wenn-das-pferd-nicht-vom-stall-weggehen-mag\/","url":"https:\/\/denktier.at\/pferd\/2024\/05\/10\/wenn-das-pferd-nicht-vom-stall-weggehen-mag\/","name":"wenn das pferd nicht vom stall weggehen mag - denktier pferd","isPartOf":{"@id":"https:\/\/denktier.at\/pferd\/#website"},"primaryImageOfPage":{"@id":"https:\/\/denktier.at\/pferd\/2024\/05\/10\/wenn-das-pferd-nicht-vom-stall-weggehen-mag\/#primaryimage"},"image":{"@id":"https:\/\/denktier.at\/pferd\/2024\/05\/10\/wenn-das-pferd-nicht-vom-stall-weggehen-mag\/#primaryimage"},"thumbnailUrl":"https:\/\/denktier.at\/pferd\/wp-content\/uploads\/2024\/05\/pferde-blog-16.jpg","datePublished":"2024-05-10T17:21:02+00:00","author":{"@id":"https:\/\/denktier.at\/pferd\/#\/schema\/person\/a450dfa4b955cd9290eeb589dc2caddf"},"description":"es gibt verschiedene ursachen, warum ein pferd nicht vom stall weg mag - hier die h\u00e4ufigsten drei samt l\u00f6sungsans\u00e4tzen.","breadcrumb":{"@id":"https:\/\/denktier.at\/pferd\/2024\/05\/10\/wenn-das-pferd-nicht-vom-stall-weggehen-mag\/#breadcrumb"},"inLanguage":"de-AT","potentialAction":[{"@type":"ReadAction","target":["https:\/\/denktier.at\/pferd\/2024\/05\/10\/wenn-das-pferd-nicht-vom-stall-weggehen-mag\/"]}]},{"@type":"ImageObject","inLanguage":"de-AT","@id":"https:\/\/denktier.at\/pferd\/2024\/05\/10\/wenn-das-pferd-nicht-vom-stall-weggehen-mag\/#primaryimage","url":"https:\/\/denktier.at\/pferd\/wp-content\/uploads\/2024\/05\/pferde-blog-16.jpg","contentUrl":"https:\/\/denktier.at\/pferd\/wp-content\/uploads\/2024\/05\/pferde-blog-16.jpg","width":1640,"height":924,"caption":"pferd vom stall weg"},{"@type":"BreadcrumbList","@id":"https:\/\/denktier.at\/pferd\/2024\/05\/10\/wenn-das-pferd-nicht-vom-stall-weggehen-mag\/#breadcrumb","itemListElement":[{"@type":"ListItem","position":1,"name":"Home","item":"https:\/\/denktier.at\/pferd\/"},{"@type":"ListItem","position":2,"name":"wenn das pferd nicht vom stall weggehen mag"}]},{"@type":"WebSite","@id":"https:\/\/denktier.at\/pferd\/#website","url":"https:\/\/denktier.at\/pferd\/","name":"denktier pferd","description":"","potentialAction":[{"@type":"SearchAction","target":{"@type":"EntryPoint","urlTemplate":"https:\/\/denktier.at\/pferd\/?s={search_term_string}"},"query-input":{"@type":"PropertyValueSpecification","valueRequired":true,"valueName":"search_term_string"}}],"inLanguage":"de-AT"},{"@type":"Person","@id":"https:\/\/denktier.at\/pferd\/#\/schema\/person\/a450dfa4b955cd9290eeb589dc2caddf","name":"brigid","image":{"@type":"ImageObject","inLanguage":"de-AT","@id":"https:\/\/secure.gravatar.com\/avatar\/e4194f972046db80294d79daa065f609498fda96e97e70bb961ac7e8afd9a3cb?s=96&d=mm&r=g","url":"https:\/\/secure.gravatar.com\/avatar\/e4194f972046db80294d79daa065f609498fda96e97e70bb961ac7e8afd9a3cb?s=96&d=mm&r=g","contentUrl":"https:\/\/secure.gravatar.com\/avatar\/e4194f972046db80294d79daa065f609498fda96e97e70bb961ac7e8afd9a3cb?s=96&d=mm&r=g","caption":"brigid"},"sameAs":["https:\/\/denktier.at\/pferd"],"url":"https:\/\/denktier.at\/pferd\/author\/brigid\/"}]}},"_links":{"self":[{"href":"https:\/\/denktier.at\/pferd\/wp-json\/wp\/v2\/posts\/677","targetHints":{"allow":["GET"]}}],"collection":[{"href":"https:\/\/denktier.at\/pferd\/wp-json\/wp\/v2\/posts"}],"about":[{"href":"https:\/\/denktier.at\/pferd\/wp-json\/wp\/v2\/types\/post"}],"author":[{"embeddable":true,"href":"https:\/\/denktier.at\/pferd\/wp-json\/wp\/v2\/users\/1"}],"replies":[{"embeddable":true,"href":"https:\/\/denktier.at\/pferd\/wp-json\/wp\/v2\/comments?post=677"}],"version-history":[{"count":1,"href":"https:\/\/denktier.at\/pferd\/wp-json\/wp\/v2\/posts\/677\/revisions"}],"predecessor-version":[{"id":679,"href":"https:\/\/denktier.at\/pferd\/wp-json\/wp\/v2\/posts\/677\/revisions\/679"}],"wp:featuredmedia":[{"embeddable":true,"href":"https:\/\/denktier.at\/pferd\/wp-json\/wp\/v2\/media\/678"}],"wp:attachment":[{"href":"https:\/\/denktier.at\/pferd\/wp-json\/wp\/v2\/media?parent=677"}],"wp:term":[{"taxonomy":"category","embeddable":true,"href":"https:\/\/denktier.at\/pferd\/wp-json\/wp\/v2\/categories?post=677"},{"taxonomy":"post_tag","embeddable":true,"href":"https:\/\/denktier.at\/pferd\/wp-json\/wp\/v2\/tags?post=677"}],"curies":[{"name":"wp","href":"https:\/\/api.w.org\/{rel}","templated":true}]}}