{"id":666,"date":"2024-04-12T20:03:12","date_gmt":"2024-04-12T18:03:12","guid":{"rendered":"https:\/\/denktier.at\/pferd\/?p=666"},"modified":"2024-04-12T20:03:12","modified_gmt":"2024-04-12T18:03:12","slug":"korrekte-zahnbehandlung-beim-pferd-es-geht-um-mehr-als-die-gesundheit","status":"publish","type":"post","link":"https:\/\/denktier.at\/pferd\/2024\/04\/12\/korrekte-zahnbehandlung-beim-pferd-es-geht-um-mehr-als-die-gesundheit\/","title":{"rendered":"korrekte zahnbehandlung beim pferd: es geht um mehr als die gesundheit"},"content":{"rendered":"<p>zahnbehandlungen beim pferd werden gern als eher medizinisches thema betrachtet.<br \/>\ndoch ihre bedeutung ist wesentlich gr\u00f6\u00dfer!<\/p>\n<p>ist das pferd launisch oder ungut in der herde?<br \/>\ngeht es gegen das gebiss oder setzt es die hinterhand nicht richtig?<\/p>\n<p>das kann alles mit den z\u00e4hnen zusammenh\u00e4ngen!<\/p>\n<h2>die pferdez\u00e4hne<\/h2>\n<p>die z\u00e4hne der pferde unterscheiden sich von unseren ma\u00dfgeblich.<br \/>\nsie wachsen n\u00e4mlich immer weiter, etwa 2 &#8211; 3 mm pro jahr.<br \/>\ndas liegt daran, dass die nat\u00fcrliche ern\u00e4hrung der pferde aus grobfaserigem pflanzenmaterial besteht<br \/>\nund sich die z\u00e4hne beim zermahlen abnutzen.<br \/>\ndaher schiebt die natur &#8222;ersatz&#8220; nach.<\/p>\n<p>bei der heutigen ern\u00e4hrung und lebensweise der pferde kann das aber zu problemen f\u00fchren.<br \/>\nungleichm\u00e4\u00dfige abnutzung der z\u00e4hne f\u00fchrt zu haken und kanten, die ihrerseits verletzungen im maul hervorrufen k\u00f6nnen.<br \/>\nfehlstellungen der z\u00e4hne durch ungleichm\u00e4\u00dfiges wachstum ver\u00e4ndern die balance im kiefer &#8211;<br \/>\nund in folge die balance im gesamten pferdek\u00f6rper.<\/p>\n<p>bleiben die z\u00e4hne unbehandelt, kann das sogar so weit f\u00fchren,<br \/>\ndass das pferd nicht mehr richtig kauen und schlucken kann.<br \/>\nes kaut auf dem heu herum und spuckt zu rollen gedrehtes fasermaterial wieder aus.<\/p>\n<p>die nahrung kann nicht mehr ordentlich gekaut und verwertet werden.<br \/>\ndas pferd hat mit problemen der verdauung zu k\u00e4mpfen und verliert gewicht.<\/p>\n<p>grade bei alten pferden sollte man besonders aufpassen:<br \/>\nsie nehmen oft nicht altersbedingt ab, sondern weil die z\u00e4hne schon so schlecht sind.<\/p>\n<p>zahnprobleme haben aber noch ganz andere folgen.<\/p>\n<h2>fehlende rittigkeit<\/h2>\n<p>wenn ein pferd sich nicht richtig biegt,<br \/>\nsich im genick verwirft oder die hinterhand nicht aktiv einsetzt,<br \/>\nwird das problem \u00fcblicherweise mit training und gymnastizierung angegangen.<\/p>\n<p>was durchaus sinn macht.<br \/>\naber nur, wenn man davor die z\u00e4hne gecheckt hat!<\/p>\n<p>denn man kann noch so viel \u00fcben, es wird nichts bringen,<br \/>\nwenn zahnprobleme dahinter stecken.<\/p>\n<p>das pferd versucht, schmerzhaften maulverletzungen oder scharfen kanten<br \/>\ndurch eine kopfhaltung zu entgehen, die das lindert.<br \/>\ndas hat folgend f\u00fcr den gesamten bewegungsapparat und den gang.<\/p>\n<p>einen besonderen zusammenhang gibt es zwischen dem kiefergelenk und dem becken.<br \/>\nist das eine blockiert &#8211; zum beispiel das kiefergelenk wegen zahnschmerzen &#8211;<br \/>\ndann ist automatisch das andere ebenfalls blockiert.<\/p>\n<p>bei\u00dft das pferd vorne &#8222;die z\u00e4hne zusammen&#8220;, blockiert also das kiefergelenk,<br \/>\ndann wird man sich plagen, ordentlich schub und untertreten aus der hinterhand zu bekommen.<br \/>\nes geht einfach nicht.<\/p>\n<p>mal ganz abgesehen davon, dass zahnschmerzen und die trense im maul sich auch nicht besonders gut vertragen.<\/p>\n<h2>schmerzen und stress<\/h2>\n<p>schmerzen im maul durch scharfe zahnkanten<br \/>\noder richtige zahnschmerzen (ja, karies und entz\u00fcndete z\u00e4hne gibt es auch bei pferden!)<br \/>\nschlagen auch dem pferd aufs gem\u00fct.<\/p>\n<p>schmerzen sind ein gro\u00dfer stressfaktor,<br \/>\nsie machen gereizt oder nerv\u00f6s und beeintr\u00e4chtigen das wohlbefinden.<\/p>\n<p>den stress merkt man dann oft auch in der herde<br \/>\noder im verhalten des pferdes dem menschen gegen\u00fcber &#8211;<br \/>\nbesonders, wenn der an den kopf des pferdes will<br \/>\noder wenn es ans reiten (insbesondere das auftrensen) geht.<\/p>\n<p>bevor man das verhalten auf widersetzlichkeit des pferdes oder einen schlechten charakter schiebt, gilt auch hier wieder:<br \/>\nbitte die z\u00e4hne von einem darauf spezialisierten tierarzt anschauen lassen.<\/p>\n<p>die regelm\u00e4\u00dfige, jedenfalls j\u00e4hrliche &#8211; bei bedarf h\u00e4ufigere &#8211; zahnbehandlung durch einen spezialisten geh\u00f6rt zur grundversorgung des pferdes.<br \/>\ndie z\u00e4hne als (mit)ausl\u00f6ser sollten auch bei verhaltensproblemen des pferdes in der herde und gegen\u00fcber dem menschen immer mitgedacht werden. ganz besonders aber bei problemen beim reiten.<\/p>\n<p>nat\u00fcrlich sind nicht immer und an allem die z\u00e4hne schuld.<br \/>\nganz im gegenteil.<br \/>\nes sollte aber immer ausgeschlossen werden, dass ein zahnproblem dahintersteckt.<br \/>\nam besten dadurch, dass man die z\u00e4hne so gesund erh\u00e4lt wie nur m\u00f6glich.<\/p>\n<p>&nbsp;<\/p>\n","protected":false},"excerpt":{"rendered":"<p>zahnbehandlungen beim pferd werden gern als eher medizinisches thema betrachtet. doch ihre bedeutung ist wesentlich gr\u00f6\u00dfer! ist das pferd launisch oder ungut in der herde? geht es gegen das gebiss oder setzt es die hinterhand nicht richtig? das kann alles mit den z\u00e4hnen zusammenh\u00e4ngen! die pferdez\u00e4hne die z\u00e4hne der pferde unterscheiden sich von unseren ma\u00dfgeblich. [&hellip;]<\/p>\n","protected":false},"author":1,"featured_media":669,"comment_status":"closed","ping_status":"closed","sticky":false,"template":"","format":"standard","meta":{"footnotes":""},"categories":[1],"tags":[],"class_list":["post-666","post","type-post","status-publish","format-standard","has-post-thumbnail","hentry","category-allgemein","post-wrapper","thrv_wrapper"],"yoast_head":"<!-- This site is optimized with the Yoast SEO plugin v27.2 - https:\/\/yoast.com\/product\/yoast-seo-wordpress\/ -->\n<title>korrekte zahnbehandlung beim pferd: es geht um mehr als die gesundheit - denktier pferd<\/title>\n<meta name=\"description\" content=\"die zahnbehandlung f\u00fcrs pferd ist nicht nur eine frage der gesundheit, sondern mindestens so eine der rittigkeit und des verhaltens.\" \/>\n<meta name=\"robots\" content=\"index, follow, max-snippet:-1, max-image-preview:large, max-video-preview:-1\" \/>\n<link rel=\"canonical\" href=\"https:\/\/denktier.at\/pferd\/2024\/04\/12\/korrekte-zahnbehandlung-beim-pferd-es-geht-um-mehr-als-die-gesundheit\/\" \/>\n<meta property=\"og:locale\" content=\"de_DE\" \/>\n<meta property=\"og:type\" content=\"article\" \/>\n<meta property=\"og:title\" content=\"korrekte zahnbehandlung beim pferd: es geht um mehr als die gesundheit - denktier pferd\" \/>\n<meta property=\"og:description\" content=\"die zahnbehandlung f\u00fcrs pferd ist nicht nur eine frage der gesundheit, sondern mindestens so eine der rittigkeit und des verhaltens.\" \/>\n<meta property=\"og:url\" content=\"https:\/\/denktier.at\/pferd\/2024\/04\/12\/korrekte-zahnbehandlung-beim-pferd-es-geht-um-mehr-als-die-gesundheit\/\" \/>\n<meta property=\"og:site_name\" content=\"denktier pferd\" \/>\n<meta property=\"article:published_time\" content=\"2024-04-12T18:03:12+00:00\" \/>\n<meta property=\"og:image\" content=\"https:\/\/denktier.at\/pferd\/wp-content\/uploads\/2024\/04\/pferde-blog-15.jpg\" \/>\n\t<meta property=\"og:image:width\" content=\"1640\" \/>\n\t<meta property=\"og:image:height\" content=\"924\" \/>\n\t<meta property=\"og:image:type\" content=\"image\/jpeg\" \/>\n<meta name=\"author\" content=\"brigid\" \/>\n<meta name=\"twitter:card\" content=\"summary_large_image\" \/>\n<meta name=\"twitter:label1\" content=\"Verfasst von\" \/>\n\t<meta name=\"twitter:data1\" content=\"brigid\" \/>\n\t<meta name=\"twitter:label2\" content=\"Gesch\u00e4tzte Lesezeit\" \/>\n\t<meta name=\"twitter:data2\" content=\"5 Minuten\" \/>\n<script type=\"application\/ld+json\" class=\"yoast-schema-graph\">{\"@context\":\"https:\/\/schema.org\",\"@graph\":[{\"@type\":\"Article\",\"@id\":\"https:\/\/denktier.at\/pferd\/2024\/04\/12\/korrekte-zahnbehandlung-beim-pferd-es-geht-um-mehr-als-die-gesundheit\/#article\",\"isPartOf\":{\"@id\":\"https:\/\/denktier.at\/pferd\/2024\/04\/12\/korrekte-zahnbehandlung-beim-pferd-es-geht-um-mehr-als-die-gesundheit\/\"},\"author\":{\"name\":\"brigid\",\"@id\":\"https:\/\/denktier.at\/pferd\/#\/schema\/person\/a450dfa4b955cd9290eeb589dc2caddf\"},\"headline\":\"korrekte zahnbehandlung beim pferd: es geht um mehr als die gesundheit\",\"datePublished\":\"2024-04-12T18:03:12+00:00\",\"mainEntityOfPage\":{\"@id\":\"https:\/\/denktier.at\/pferd\/2024\/04\/12\/korrekte-zahnbehandlung-beim-pferd-es-geht-um-mehr-als-die-gesundheit\/\"},\"wordCount\":632,\"image\":{\"@id\":\"https:\/\/denktier.at\/pferd\/2024\/04\/12\/korrekte-zahnbehandlung-beim-pferd-es-geht-um-mehr-als-die-gesundheit\/#primaryimage\"},\"thumbnailUrl\":\"https:\/\/denktier.at\/pferd\/wp-content\/uploads\/2024\/04\/pferde-blog-15.jpg\",\"inLanguage\":\"de-AT\"},{\"@type\":\"WebPage\",\"@id\":\"https:\/\/denktier.at\/pferd\/2024\/04\/12\/korrekte-zahnbehandlung-beim-pferd-es-geht-um-mehr-als-die-gesundheit\/\",\"url\":\"https:\/\/denktier.at\/pferd\/2024\/04\/12\/korrekte-zahnbehandlung-beim-pferd-es-geht-um-mehr-als-die-gesundheit\/\",\"name\":\"korrekte zahnbehandlung beim pferd: es geht um mehr als die gesundheit - denktier pferd\",\"isPartOf\":{\"@id\":\"https:\/\/denktier.at\/pferd\/#website\"},\"primaryImageOfPage\":{\"@id\":\"https:\/\/denktier.at\/pferd\/2024\/04\/12\/korrekte-zahnbehandlung-beim-pferd-es-geht-um-mehr-als-die-gesundheit\/#primaryimage\"},\"image\":{\"@id\":\"https:\/\/denktier.at\/pferd\/2024\/04\/12\/korrekte-zahnbehandlung-beim-pferd-es-geht-um-mehr-als-die-gesundheit\/#primaryimage\"},\"thumbnailUrl\":\"https:\/\/denktier.at\/pferd\/wp-content\/uploads\/2024\/04\/pferde-blog-15.jpg\",\"datePublished\":\"2024-04-12T18:03:12+00:00\",\"author\":{\"@id\":\"https:\/\/denktier.at\/pferd\/#\/schema\/person\/a450dfa4b955cd9290eeb589dc2caddf\"},\"description\":\"die zahnbehandlung f\u00fcrs pferd ist nicht nur eine frage der gesundheit, sondern mindestens so eine der rittigkeit und des verhaltens.\",\"breadcrumb\":{\"@id\":\"https:\/\/denktier.at\/pferd\/2024\/04\/12\/korrekte-zahnbehandlung-beim-pferd-es-geht-um-mehr-als-die-gesundheit\/#breadcrumb\"},\"inLanguage\":\"de-AT\",\"potentialAction\":[{\"@type\":\"ReadAction\",\"target\":[\"https:\/\/denktier.at\/pferd\/2024\/04\/12\/korrekte-zahnbehandlung-beim-pferd-es-geht-um-mehr-als-die-gesundheit\/\"]}]},{\"@type\":\"ImageObject\",\"inLanguage\":\"de-AT\",\"@id\":\"https:\/\/denktier.at\/pferd\/2024\/04\/12\/korrekte-zahnbehandlung-beim-pferd-es-geht-um-mehr-als-die-gesundheit\/#primaryimage\",\"url\":\"https:\/\/denktier.at\/pferd\/wp-content\/uploads\/2024\/04\/pferde-blog-15.jpg\",\"contentUrl\":\"https:\/\/denktier.at\/pferd\/wp-content\/uploads\/2024\/04\/pferde-blog-15.jpg\",\"width\":1640,\"height\":924,\"caption\":\"zahnbehandlung pferd\"},{\"@type\":\"BreadcrumbList\",\"@id\":\"https:\/\/denktier.at\/pferd\/2024\/04\/12\/korrekte-zahnbehandlung-beim-pferd-es-geht-um-mehr-als-die-gesundheit\/#breadcrumb\",\"itemListElement\":[{\"@type\":\"ListItem\",\"position\":1,\"name\":\"Home\",\"item\":\"https:\/\/denktier.at\/pferd\/\"},{\"@type\":\"ListItem\",\"position\":2,\"name\":\"korrekte zahnbehandlung beim pferd: es geht um mehr als die gesundheit\"}]},{\"@type\":\"WebSite\",\"@id\":\"https:\/\/denktier.at\/pferd\/#website\",\"url\":\"https:\/\/denktier.at\/pferd\/\",\"name\":\"denktier pferd\",\"description\":\"\",\"potentialAction\":[{\"@type\":\"SearchAction\",\"target\":{\"@type\":\"EntryPoint\",\"urlTemplate\":\"https:\/\/denktier.at\/pferd\/?s={search_term_string}\"},\"query-input\":{\"@type\":\"PropertyValueSpecification\",\"valueRequired\":true,\"valueName\":\"search_term_string\"}}],\"inLanguage\":\"de-AT\"},{\"@type\":\"Person\",\"@id\":\"https:\/\/denktier.at\/pferd\/#\/schema\/person\/a450dfa4b955cd9290eeb589dc2caddf\",\"name\":\"brigid\",\"image\":{\"@type\":\"ImageObject\",\"inLanguage\":\"de-AT\",\"@id\":\"https:\/\/secure.gravatar.com\/avatar\/e4194f972046db80294d79daa065f609498fda96e97e70bb961ac7e8afd9a3cb?s=96&d=mm&r=g\",\"url\":\"https:\/\/secure.gravatar.com\/avatar\/e4194f972046db80294d79daa065f609498fda96e97e70bb961ac7e8afd9a3cb?s=96&d=mm&r=g\",\"contentUrl\":\"https:\/\/secure.gravatar.com\/avatar\/e4194f972046db80294d79daa065f609498fda96e97e70bb961ac7e8afd9a3cb?s=96&d=mm&r=g\",\"caption\":\"brigid\"},\"sameAs\":[\"https:\/\/denktier.at\/pferd\"],\"url\":\"https:\/\/denktier.at\/pferd\/author\/brigid\/\"}]}<\/script>\n<!-- \/ Yoast SEO plugin. -->","yoast_head_json":{"title":"korrekte zahnbehandlung beim pferd: es geht um mehr als die gesundheit - denktier pferd","description":"die zahnbehandlung f\u00fcrs pferd ist nicht nur eine frage der gesundheit, sondern mindestens so eine der rittigkeit und des verhaltens.","robots":{"index":"index","follow":"follow","max-snippet":"max-snippet:-1","max-image-preview":"max-image-preview:large","max-video-preview":"max-video-preview:-1"},"canonical":"https:\/\/denktier.at\/pferd\/2024\/04\/12\/korrekte-zahnbehandlung-beim-pferd-es-geht-um-mehr-als-die-gesundheit\/","og_locale":"de_DE","og_type":"article","og_title":"korrekte zahnbehandlung beim pferd: es geht um mehr als die gesundheit - denktier pferd","og_description":"die zahnbehandlung f\u00fcrs pferd ist nicht nur eine frage der gesundheit, sondern mindestens so eine der rittigkeit und des verhaltens.","og_url":"https:\/\/denktier.at\/pferd\/2024\/04\/12\/korrekte-zahnbehandlung-beim-pferd-es-geht-um-mehr-als-die-gesundheit\/","og_site_name":"denktier pferd","article_published_time":"2024-04-12T18:03:12+00:00","og_image":[{"width":1640,"height":924,"url":"https:\/\/denktier.at\/pferd\/wp-content\/uploads\/2024\/04\/pferde-blog-15.jpg","type":"image\/jpeg"}],"author":"brigid","twitter_card":"summary_large_image","twitter_misc":{"Verfasst von":"brigid","Gesch\u00e4tzte Lesezeit":"5 Minuten"},"schema":{"@context":"https:\/\/schema.org","@graph":[{"@type":"Article","@id":"https:\/\/denktier.at\/pferd\/2024\/04\/12\/korrekte-zahnbehandlung-beim-pferd-es-geht-um-mehr-als-die-gesundheit\/#article","isPartOf":{"@id":"https:\/\/denktier.at\/pferd\/2024\/04\/12\/korrekte-zahnbehandlung-beim-pferd-es-geht-um-mehr-als-die-gesundheit\/"},"author":{"name":"brigid","@id":"https:\/\/denktier.at\/pferd\/#\/schema\/person\/a450dfa4b955cd9290eeb589dc2caddf"},"headline":"korrekte zahnbehandlung beim pferd: es geht um mehr als die gesundheit","datePublished":"2024-04-12T18:03:12+00:00","mainEntityOfPage":{"@id":"https:\/\/denktier.at\/pferd\/2024\/04\/12\/korrekte-zahnbehandlung-beim-pferd-es-geht-um-mehr-als-die-gesundheit\/"},"wordCount":632,"image":{"@id":"https:\/\/denktier.at\/pferd\/2024\/04\/12\/korrekte-zahnbehandlung-beim-pferd-es-geht-um-mehr-als-die-gesundheit\/#primaryimage"},"thumbnailUrl":"https:\/\/denktier.at\/pferd\/wp-content\/uploads\/2024\/04\/pferde-blog-15.jpg","inLanguage":"de-AT"},{"@type":"WebPage","@id":"https:\/\/denktier.at\/pferd\/2024\/04\/12\/korrekte-zahnbehandlung-beim-pferd-es-geht-um-mehr-als-die-gesundheit\/","url":"https:\/\/denktier.at\/pferd\/2024\/04\/12\/korrekte-zahnbehandlung-beim-pferd-es-geht-um-mehr-als-die-gesundheit\/","name":"korrekte zahnbehandlung beim pferd: es geht um mehr als die gesundheit - denktier pferd","isPartOf":{"@id":"https:\/\/denktier.at\/pferd\/#website"},"primaryImageOfPage":{"@id":"https:\/\/denktier.at\/pferd\/2024\/04\/12\/korrekte-zahnbehandlung-beim-pferd-es-geht-um-mehr-als-die-gesundheit\/#primaryimage"},"image":{"@id":"https:\/\/denktier.at\/pferd\/2024\/04\/12\/korrekte-zahnbehandlung-beim-pferd-es-geht-um-mehr-als-die-gesundheit\/#primaryimage"},"thumbnailUrl":"https:\/\/denktier.at\/pferd\/wp-content\/uploads\/2024\/04\/pferde-blog-15.jpg","datePublished":"2024-04-12T18:03:12+00:00","author":{"@id":"https:\/\/denktier.at\/pferd\/#\/schema\/person\/a450dfa4b955cd9290eeb589dc2caddf"},"description":"die zahnbehandlung f\u00fcrs pferd ist nicht nur eine frage der gesundheit, sondern mindestens so eine der rittigkeit und des verhaltens.","breadcrumb":{"@id":"https:\/\/denktier.at\/pferd\/2024\/04\/12\/korrekte-zahnbehandlung-beim-pferd-es-geht-um-mehr-als-die-gesundheit\/#breadcrumb"},"inLanguage":"de-AT","potentialAction":[{"@type":"ReadAction","target":["https:\/\/denktier.at\/pferd\/2024\/04\/12\/korrekte-zahnbehandlung-beim-pferd-es-geht-um-mehr-als-die-gesundheit\/"]}]},{"@type":"ImageObject","inLanguage":"de-AT","@id":"https:\/\/denktier.at\/pferd\/2024\/04\/12\/korrekte-zahnbehandlung-beim-pferd-es-geht-um-mehr-als-die-gesundheit\/#primaryimage","url":"https:\/\/denktier.at\/pferd\/wp-content\/uploads\/2024\/04\/pferde-blog-15.jpg","contentUrl":"https:\/\/denktier.at\/pferd\/wp-content\/uploads\/2024\/04\/pferde-blog-15.jpg","width":1640,"height":924,"caption":"zahnbehandlung pferd"},{"@type":"BreadcrumbList","@id":"https:\/\/denktier.at\/pferd\/2024\/04\/12\/korrekte-zahnbehandlung-beim-pferd-es-geht-um-mehr-als-die-gesundheit\/#breadcrumb","itemListElement":[{"@type":"ListItem","position":1,"name":"Home","item":"https:\/\/denktier.at\/pferd\/"},{"@type":"ListItem","position":2,"name":"korrekte zahnbehandlung beim pferd: es geht um mehr als die gesundheit"}]},{"@type":"WebSite","@id":"https:\/\/denktier.at\/pferd\/#website","url":"https:\/\/denktier.at\/pferd\/","name":"denktier pferd","description":"","potentialAction":[{"@type":"SearchAction","target":{"@type":"EntryPoint","urlTemplate":"https:\/\/denktier.at\/pferd\/?s={search_term_string}"},"query-input":{"@type":"PropertyValueSpecification","valueRequired":true,"valueName":"search_term_string"}}],"inLanguage":"de-AT"},{"@type":"Person","@id":"https:\/\/denktier.at\/pferd\/#\/schema\/person\/a450dfa4b955cd9290eeb589dc2caddf","name":"brigid","image":{"@type":"ImageObject","inLanguage":"de-AT","@id":"https:\/\/secure.gravatar.com\/avatar\/e4194f972046db80294d79daa065f609498fda96e97e70bb961ac7e8afd9a3cb?s=96&d=mm&r=g","url":"https:\/\/secure.gravatar.com\/avatar\/e4194f972046db80294d79daa065f609498fda96e97e70bb961ac7e8afd9a3cb?s=96&d=mm&r=g","contentUrl":"https:\/\/secure.gravatar.com\/avatar\/e4194f972046db80294d79daa065f609498fda96e97e70bb961ac7e8afd9a3cb?s=96&d=mm&r=g","caption":"brigid"},"sameAs":["https:\/\/denktier.at\/pferd"],"url":"https:\/\/denktier.at\/pferd\/author\/brigid\/"}]}},"_links":{"self":[{"href":"https:\/\/denktier.at\/pferd\/wp-json\/wp\/v2\/posts\/666","targetHints":{"allow":["GET"]}}],"collection":[{"href":"https:\/\/denktier.at\/pferd\/wp-json\/wp\/v2\/posts"}],"about":[{"href":"https:\/\/denktier.at\/pferd\/wp-json\/wp\/v2\/types\/post"}],"author":[{"embeddable":true,"href":"https:\/\/denktier.at\/pferd\/wp-json\/wp\/v2\/users\/1"}],"replies":[{"embeddable":true,"href":"https:\/\/denktier.at\/pferd\/wp-json\/wp\/v2\/comments?post=666"}],"version-history":[{"count":3,"href":"https:\/\/denktier.at\/pferd\/wp-json\/wp\/v2\/posts\/666\/revisions"}],"predecessor-version":[{"id":670,"href":"https:\/\/denktier.at\/pferd\/wp-json\/wp\/v2\/posts\/666\/revisions\/670"}],"wp:featuredmedia":[{"embeddable":true,"href":"https:\/\/denktier.at\/pferd\/wp-json\/wp\/v2\/media\/669"}],"wp:attachment":[{"href":"https:\/\/denktier.at\/pferd\/wp-json\/wp\/v2\/media?parent=666"}],"wp:term":[{"taxonomy":"category","embeddable":true,"href":"https:\/\/denktier.at\/pferd\/wp-json\/wp\/v2\/categories?post=666"},{"taxonomy":"post_tag","embeddable":true,"href":"https:\/\/denktier.at\/pferd\/wp-json\/wp\/v2\/tags?post=666"}],"curies":[{"name":"wp","href":"https:\/\/api.w.org\/{rel}","templated":true}]}}