{"id":657,"date":"2024-02-23T20:03:28","date_gmt":"2024-02-23T19:03:28","guid":{"rendered":"https:\/\/denktier.at\/pferd\/?p=657"},"modified":"2024-02-23T20:03:51","modified_gmt":"2024-02-23T19:03:51","slug":"vorsicht-vor-langen-fresspausen-beim-pferd","status":"publish","type":"post","link":"https:\/\/denktier.at\/pferd\/2024\/02\/23\/vorsicht-vor-langen-fresspausen-beim-pferd\/","title":{"rendered":"vorsicht vor langen fresspausen beim pferd"},"content":{"rendered":"<p>die natur hat das pferd f\u00fcr kontinuierliche futteraufnahme ausgestattet, lange fresspausen kommen dabei nicht vor.<br \/>\nihr magen- und darmtrakt ist f\u00fcr die verdauung von faserreichem futter wie heu oder gras optimiert.<br \/>\nsie brauchen daher eine regelm\u00e4\u00dfige zufuhr an raufutter, um eine gesunde verdauung aufrecht zu erhalten.<\/p>\n<h2>ausreichende fresszeiten<\/h2>\n<p>neben der qualit\u00e4t des raufutters sind daher ausreichend lange fresszeiten essentiell f\u00fcr das pferd.<br \/>\n&#8222;ausreichend&#8220; hei\u00dft dabei: rund um die uhr gem\u00fctlich vor sich hinknabbern und fressen.<\/p>\n<p>nur morgens und abends eine schnitte heu und daf\u00fcr t\u00fcchtig kraftfutter ist daher grundverkehrt.<br \/>\nin vielen stallungen mit boxenhaltungen klappt die versorgung zwar untertags dank heuraufen und koppelgang,<br \/>\nallerdings entstehen in der nacht lange fresspausen, weil die heuschnitte der abendmahlzeit schnell weggeputzt ist<br \/>\nund das pferd dann die ganze nacht ohne futter in er box steht.<\/p>\n<p>die fresspausen beim pferd sollten aber h\u00f6chstens vier stunden betragen,<br \/>\nsonst drohen n\u00e4mlich gesundheitliche risiken und verhaltensprobleme, allen voran:<\/p>\n<h2 style=\"padding-left: 80px;\">1. verdauungsprobleme und kolikgefahr<\/h2>\n<p style=\"padding-left: 80px;\">zu den akute gefahren von langen fresspausen geh\u00f6ren verdauungsst\u00f6rungen und koligen.<br \/>\nbekommt der darmtrakt zu lange keinen nachschub an raufutter, kann eine verlangsamung der darmbewegung auftreten,<br \/>\ndie wiederum das risiko von verstopfung, kotwasser-bildung oder koliken erh\u00f6ht.<\/p>\n<p style=\"padding-left: 80px;\">weniger auff\u00e4llig, aber umso weiter verbreitet sind beeintr\u00e4chtigungen der magenschleimhaut oder die bildung von magengeschw\u00fcren.<br \/>\nbleibt das pferd n\u00e4mlich l\u00e4ngere zeit ohne futter, steigt die konzentration der magens\u00e4ure im magen zu sehr an und greift das empfindliche magengewebe an.<\/p>\n<p style=\"padding-left: 80px;\">besonders bei pferden, die noch weiteren stressfaktoren ausgesetzt sind, steigt damit die wahrscheinlichkeit von magengeschw\u00fcren.<br \/>\ndiese wiederum sind schmerzhaft, damit stressausl\u00f6send und sch\u00e4digen die futteraufnahme und verdauung weiter.<\/p>\n<p style=\"padding-left: 80px;\">ist die verdauung angeschlagen, sind probleme im stoffwechsel oft nicht weit.<br \/>\ndas pferd erkrankt an unerkl\u00e4rlichen hautproblemen, das hufmaterial verschlechtert sich oder die organische st\u00f6rungen (etwa der leber) treten auf.<\/p>\n<p style=\"padding-left: 80px;\">und alle, weil das pferd zu lange fresspausen ertragen muss.<\/p>\n<h2 style=\"padding-left: 80px;\">2. verhaltensprobleme<\/h2>\n<p style=\"padding-left: 80px;\">neben den gesundheitlichen problemen sollte man die auswirkungen auf das verhalten nicht \u00fcbersehen.<\/p>\n<p style=\"padding-left: 80px;\">wenn das pferd nicht wie es seiner natur entspricht den gr\u00f6\u00dften teil des tages mit fressen und kauen verbringt,<br \/>\nsondern stattdessen den halben tag mit grummelndem magen<br \/>\nohne bewegungsm\u00f6glichkeit und ohne besch\u00e4ftigung in einer box steht,<br \/>\ndarf man sich nicht wundern,<br \/>\nwenn es nicht ausgeglichen und entspannt ist.<\/p>\n<p style=\"padding-left: 80px;\">der entzug der fresst\u00e4tigkeit, die frustration\u00a0 und langeweile steigern den stresspegel<br \/>\nund k\u00f6nnen sogar in verhaltensstereotypien wie weben oder koppen m\u00fcnden.<\/p>\n<h2>f\u00fctterung und haltung optimieren<\/h2>\n<p>f\u00fctterung und fresszeiten sind untrennbar mit dem stallmanagement verbunden.<br \/>\nhaltungsweise und stallsystem bestimmen in der regel,<br \/>\nwann und wie die pferde gef\u00fcttert werden (k\u00f6nnen).<\/p>\n<p>ein offenstall mit freiem zugang zu heu (und futterstroh) rund um die uhr<br \/>\noder ein stallsystem mit rationierter raufuttergabe \u00fcber heunetze oder futterstationen,<br \/>\ndurch die\u00a0 es den ganzen tag und die nacht hindurch zugang zu raufutter gibt,<br \/>\nbieten den besten schutz vor langen fresspausen.<\/p>\n<p>und sch\u00fctzen damit die k\u00f6rperliche und mentale gesundheit des pferdes.<\/p>\n","protected":false},"excerpt":{"rendered":"<p>die natur hat das pferd f\u00fcr kontinuierliche futteraufnahme ausgestattet, lange fresspausen kommen dabei nicht vor. ihr magen- und darmtrakt ist f\u00fcr die verdauung von faserreichem futter wie heu oder gras optimiert. sie brauchen daher eine regelm\u00e4\u00dfige zufuhr an raufutter, um eine gesunde verdauung aufrecht zu erhalten. ausreichende fresszeiten neben der qualit\u00e4t des raufutters sind daher [&hellip;]<\/p>\n","protected":false},"author":1,"featured_media":658,"comment_status":"closed","ping_status":"closed","sticky":false,"template":"","format":"standard","meta":{"footnotes":""},"categories":[1,37],"tags":[],"class_list":["post-657","post","type-post","status-publish","format-standard","has-post-thumbnail","hentry","category-allgemein","category-verhalten","post-wrapper","thrv_wrapper"],"yoast_head":"<!-- This site is optimized with the Yoast SEO plugin v27.2 - https:\/\/yoast.com\/product\/yoast-seo-wordpress\/ -->\n<title>vorsicht vor langen fresspausen beim pferd - denktier pferd<\/title>\n<meta name=\"description\" content=\"zu lange fresspausen k\u00f6nnen beim pferd zu schwern gesundheitlichen st\u00f6rungen und verhaltensproblemen f\u00fchren.\" \/>\n<meta name=\"robots\" content=\"index, follow, max-snippet:-1, max-image-preview:large, max-video-preview:-1\" \/>\n<link rel=\"canonical\" href=\"https:\/\/denktier.at\/pferd\/2024\/02\/23\/vorsicht-vor-langen-fresspausen-beim-pferd\/\" \/>\n<meta property=\"og:locale\" content=\"de_DE\" \/>\n<meta property=\"og:type\" content=\"article\" \/>\n<meta property=\"og:title\" content=\"vorsicht vor langen fresspausen beim pferd - denktier pferd\" \/>\n<meta property=\"og:description\" content=\"zu lange fresspausen k\u00f6nnen beim pferd zu schwern gesundheitlichen st\u00f6rungen und verhaltensproblemen f\u00fchren.\" \/>\n<meta property=\"og:url\" content=\"https:\/\/denktier.at\/pferd\/2024\/02\/23\/vorsicht-vor-langen-fresspausen-beim-pferd\/\" \/>\n<meta property=\"og:site_name\" content=\"denktier pferd\" \/>\n<meta property=\"article:published_time\" content=\"2024-02-23T19:03:28+00:00\" \/>\n<meta property=\"article:modified_time\" content=\"2024-02-23T19:03:51+00:00\" \/>\n<meta property=\"og:image\" content=\"https:\/\/denktier.at\/pferd\/wp-content\/uploads\/2024\/02\/pferde-blog-13.jpg\" \/>\n\t<meta property=\"og:image:width\" content=\"1640\" \/>\n\t<meta property=\"og:image:height\" content=\"924\" \/>\n\t<meta property=\"og:image:type\" content=\"image\/jpeg\" \/>\n<meta name=\"author\" content=\"brigid\" \/>\n<meta name=\"twitter:card\" content=\"summary_large_image\" \/>\n<meta name=\"twitter:label1\" content=\"Verfasst von\" \/>\n\t<meta name=\"twitter:data1\" content=\"brigid\" \/>\n\t<meta name=\"twitter:label2\" content=\"Gesch\u00e4tzte Lesezeit\" \/>\n\t<meta name=\"twitter:data2\" content=\"5 Minuten\" \/>\n<script type=\"application\/ld+json\" class=\"yoast-schema-graph\">{\"@context\":\"https:\/\/schema.org\",\"@graph\":[{\"@type\":\"Article\",\"@id\":\"https:\/\/denktier.at\/pferd\/2024\/02\/23\/vorsicht-vor-langen-fresspausen-beim-pferd\/#article\",\"isPartOf\":{\"@id\":\"https:\/\/denktier.at\/pferd\/2024\/02\/23\/vorsicht-vor-langen-fresspausen-beim-pferd\/\"},\"author\":{\"name\":\"brigid\",\"@id\":\"https:\/\/denktier.at\/pferd\/#\/schema\/person\/a450dfa4b955cd9290eeb589dc2caddf\"},\"headline\":\"vorsicht vor langen fresspausen beim pferd\",\"datePublished\":\"2024-02-23T19:03:28+00:00\",\"dateModified\":\"2024-02-23T19:03:51+00:00\",\"mainEntityOfPage\":{\"@id\":\"https:\/\/denktier.at\/pferd\/2024\/02\/23\/vorsicht-vor-langen-fresspausen-beim-pferd\/\"},\"wordCount\":504,\"image\":{\"@id\":\"https:\/\/denktier.at\/pferd\/2024\/02\/23\/vorsicht-vor-langen-fresspausen-beim-pferd\/#primaryimage\"},\"thumbnailUrl\":\"https:\/\/denktier.at\/pferd\/wp-content\/uploads\/2024\/02\/pferde-blog-13.jpg\",\"articleSection\":{\"1\":\"verhalten\"},\"inLanguage\":\"de-AT\"},{\"@type\":\"WebPage\",\"@id\":\"https:\/\/denktier.at\/pferd\/2024\/02\/23\/vorsicht-vor-langen-fresspausen-beim-pferd\/\",\"url\":\"https:\/\/denktier.at\/pferd\/2024\/02\/23\/vorsicht-vor-langen-fresspausen-beim-pferd\/\",\"name\":\"vorsicht vor langen fresspausen beim pferd - denktier pferd\",\"isPartOf\":{\"@id\":\"https:\/\/denktier.at\/pferd\/#website\"},\"primaryImageOfPage\":{\"@id\":\"https:\/\/denktier.at\/pferd\/2024\/02\/23\/vorsicht-vor-langen-fresspausen-beim-pferd\/#primaryimage\"},\"image\":{\"@id\":\"https:\/\/denktier.at\/pferd\/2024\/02\/23\/vorsicht-vor-langen-fresspausen-beim-pferd\/#primaryimage\"},\"thumbnailUrl\":\"https:\/\/denktier.at\/pferd\/wp-content\/uploads\/2024\/02\/pferde-blog-13.jpg\",\"datePublished\":\"2024-02-23T19:03:28+00:00\",\"dateModified\":\"2024-02-23T19:03:51+00:00\",\"author\":{\"@id\":\"https:\/\/denktier.at\/pferd\/#\/schema\/person\/a450dfa4b955cd9290eeb589dc2caddf\"},\"description\":\"zu lange fresspausen k\u00f6nnen beim pferd zu schwern gesundheitlichen st\u00f6rungen und verhaltensproblemen f\u00fchren.\",\"breadcrumb\":{\"@id\":\"https:\/\/denktier.at\/pferd\/2024\/02\/23\/vorsicht-vor-langen-fresspausen-beim-pferd\/#breadcrumb\"},\"inLanguage\":\"de-AT\",\"potentialAction\":[{\"@type\":\"ReadAction\",\"target\":[\"https:\/\/denktier.at\/pferd\/2024\/02\/23\/vorsicht-vor-langen-fresspausen-beim-pferd\/\"]}]},{\"@type\":\"ImageObject\",\"inLanguage\":\"de-AT\",\"@id\":\"https:\/\/denktier.at\/pferd\/2024\/02\/23\/vorsicht-vor-langen-fresspausen-beim-pferd\/#primaryimage\",\"url\":\"https:\/\/denktier.at\/pferd\/wp-content\/uploads\/2024\/02\/pferde-blog-13.jpg\",\"contentUrl\":\"https:\/\/denktier.at\/pferd\/wp-content\/uploads\/2024\/02\/pferde-blog-13.jpg\",\"width\":1640,\"height\":924,\"caption\":\"fresspausen beim pferd\"},{\"@type\":\"BreadcrumbList\",\"@id\":\"https:\/\/denktier.at\/pferd\/2024\/02\/23\/vorsicht-vor-langen-fresspausen-beim-pferd\/#breadcrumb\",\"itemListElement\":[{\"@type\":\"ListItem\",\"position\":1,\"name\":\"Home\",\"item\":\"https:\/\/denktier.at\/pferd\/\"},{\"@type\":\"ListItem\",\"position\":2,\"name\":\"vorsicht vor langen fresspausen beim pferd\"}]},{\"@type\":\"WebSite\",\"@id\":\"https:\/\/denktier.at\/pferd\/#website\",\"url\":\"https:\/\/denktier.at\/pferd\/\",\"name\":\"denktier pferd\",\"description\":\"\",\"potentialAction\":[{\"@type\":\"SearchAction\",\"target\":{\"@type\":\"EntryPoint\",\"urlTemplate\":\"https:\/\/denktier.at\/pferd\/?s={search_term_string}\"},\"query-input\":{\"@type\":\"PropertyValueSpecification\",\"valueRequired\":true,\"valueName\":\"search_term_string\"}}],\"inLanguage\":\"de-AT\"},{\"@type\":\"Person\",\"@id\":\"https:\/\/denktier.at\/pferd\/#\/schema\/person\/a450dfa4b955cd9290eeb589dc2caddf\",\"name\":\"brigid\",\"image\":{\"@type\":\"ImageObject\",\"inLanguage\":\"de-AT\",\"@id\":\"https:\/\/secure.gravatar.com\/avatar\/e4194f972046db80294d79daa065f609498fda96e97e70bb961ac7e8afd9a3cb?s=96&d=mm&r=g\",\"url\":\"https:\/\/secure.gravatar.com\/avatar\/e4194f972046db80294d79daa065f609498fda96e97e70bb961ac7e8afd9a3cb?s=96&d=mm&r=g\",\"contentUrl\":\"https:\/\/secure.gravatar.com\/avatar\/e4194f972046db80294d79daa065f609498fda96e97e70bb961ac7e8afd9a3cb?s=96&d=mm&r=g\",\"caption\":\"brigid\"},\"sameAs\":[\"https:\/\/denktier.at\/pferd\"],\"url\":\"https:\/\/denktier.at\/pferd\/author\/brigid\/\"}]}<\/script>\n<!-- \/ Yoast SEO plugin. -->","yoast_head_json":{"title":"vorsicht vor langen fresspausen beim pferd - denktier pferd","description":"zu lange fresspausen k\u00f6nnen beim pferd zu schwern gesundheitlichen st\u00f6rungen und verhaltensproblemen f\u00fchren.","robots":{"index":"index","follow":"follow","max-snippet":"max-snippet:-1","max-image-preview":"max-image-preview:large","max-video-preview":"max-video-preview:-1"},"canonical":"https:\/\/denktier.at\/pferd\/2024\/02\/23\/vorsicht-vor-langen-fresspausen-beim-pferd\/","og_locale":"de_DE","og_type":"article","og_title":"vorsicht vor langen fresspausen beim pferd - denktier pferd","og_description":"zu lange fresspausen k\u00f6nnen beim pferd zu schwern gesundheitlichen st\u00f6rungen und verhaltensproblemen f\u00fchren.","og_url":"https:\/\/denktier.at\/pferd\/2024\/02\/23\/vorsicht-vor-langen-fresspausen-beim-pferd\/","og_site_name":"denktier pferd","article_published_time":"2024-02-23T19:03:28+00:00","article_modified_time":"2024-02-23T19:03:51+00:00","og_image":[{"width":1640,"height":924,"url":"https:\/\/denktier.at\/pferd\/wp-content\/uploads\/2024\/02\/pferde-blog-13.jpg","type":"image\/jpeg"}],"author":"brigid","twitter_card":"summary_large_image","twitter_misc":{"Verfasst von":"brigid","Gesch\u00e4tzte Lesezeit":"5 Minuten"},"schema":{"@context":"https:\/\/schema.org","@graph":[{"@type":"Article","@id":"https:\/\/denktier.at\/pferd\/2024\/02\/23\/vorsicht-vor-langen-fresspausen-beim-pferd\/#article","isPartOf":{"@id":"https:\/\/denktier.at\/pferd\/2024\/02\/23\/vorsicht-vor-langen-fresspausen-beim-pferd\/"},"author":{"name":"brigid","@id":"https:\/\/denktier.at\/pferd\/#\/schema\/person\/a450dfa4b955cd9290eeb589dc2caddf"},"headline":"vorsicht vor langen fresspausen beim pferd","datePublished":"2024-02-23T19:03:28+00:00","dateModified":"2024-02-23T19:03:51+00:00","mainEntityOfPage":{"@id":"https:\/\/denktier.at\/pferd\/2024\/02\/23\/vorsicht-vor-langen-fresspausen-beim-pferd\/"},"wordCount":504,"image":{"@id":"https:\/\/denktier.at\/pferd\/2024\/02\/23\/vorsicht-vor-langen-fresspausen-beim-pferd\/#primaryimage"},"thumbnailUrl":"https:\/\/denktier.at\/pferd\/wp-content\/uploads\/2024\/02\/pferde-blog-13.jpg","articleSection":{"1":"verhalten"},"inLanguage":"de-AT"},{"@type":"WebPage","@id":"https:\/\/denktier.at\/pferd\/2024\/02\/23\/vorsicht-vor-langen-fresspausen-beim-pferd\/","url":"https:\/\/denktier.at\/pferd\/2024\/02\/23\/vorsicht-vor-langen-fresspausen-beim-pferd\/","name":"vorsicht vor langen fresspausen beim pferd - denktier pferd","isPartOf":{"@id":"https:\/\/denktier.at\/pferd\/#website"},"primaryImageOfPage":{"@id":"https:\/\/denktier.at\/pferd\/2024\/02\/23\/vorsicht-vor-langen-fresspausen-beim-pferd\/#primaryimage"},"image":{"@id":"https:\/\/denktier.at\/pferd\/2024\/02\/23\/vorsicht-vor-langen-fresspausen-beim-pferd\/#primaryimage"},"thumbnailUrl":"https:\/\/denktier.at\/pferd\/wp-content\/uploads\/2024\/02\/pferde-blog-13.jpg","datePublished":"2024-02-23T19:03:28+00:00","dateModified":"2024-02-23T19:03:51+00:00","author":{"@id":"https:\/\/denktier.at\/pferd\/#\/schema\/person\/a450dfa4b955cd9290eeb589dc2caddf"},"description":"zu lange fresspausen k\u00f6nnen beim pferd zu schwern gesundheitlichen st\u00f6rungen und verhaltensproblemen f\u00fchren.","breadcrumb":{"@id":"https:\/\/denktier.at\/pferd\/2024\/02\/23\/vorsicht-vor-langen-fresspausen-beim-pferd\/#breadcrumb"},"inLanguage":"de-AT","potentialAction":[{"@type":"ReadAction","target":["https:\/\/denktier.at\/pferd\/2024\/02\/23\/vorsicht-vor-langen-fresspausen-beim-pferd\/"]}]},{"@type":"ImageObject","inLanguage":"de-AT","@id":"https:\/\/denktier.at\/pferd\/2024\/02\/23\/vorsicht-vor-langen-fresspausen-beim-pferd\/#primaryimage","url":"https:\/\/denktier.at\/pferd\/wp-content\/uploads\/2024\/02\/pferde-blog-13.jpg","contentUrl":"https:\/\/denktier.at\/pferd\/wp-content\/uploads\/2024\/02\/pferde-blog-13.jpg","width":1640,"height":924,"caption":"fresspausen beim pferd"},{"@type":"BreadcrumbList","@id":"https:\/\/denktier.at\/pferd\/2024\/02\/23\/vorsicht-vor-langen-fresspausen-beim-pferd\/#breadcrumb","itemListElement":[{"@type":"ListItem","position":1,"name":"Home","item":"https:\/\/denktier.at\/pferd\/"},{"@type":"ListItem","position":2,"name":"vorsicht vor langen fresspausen beim pferd"}]},{"@type":"WebSite","@id":"https:\/\/denktier.at\/pferd\/#website","url":"https:\/\/denktier.at\/pferd\/","name":"denktier pferd","description":"","potentialAction":[{"@type":"SearchAction","target":{"@type":"EntryPoint","urlTemplate":"https:\/\/denktier.at\/pferd\/?s={search_term_string}"},"query-input":{"@type":"PropertyValueSpecification","valueRequired":true,"valueName":"search_term_string"}}],"inLanguage":"de-AT"},{"@type":"Person","@id":"https:\/\/denktier.at\/pferd\/#\/schema\/person\/a450dfa4b955cd9290eeb589dc2caddf","name":"brigid","image":{"@type":"ImageObject","inLanguage":"de-AT","@id":"https:\/\/secure.gravatar.com\/avatar\/e4194f972046db80294d79daa065f609498fda96e97e70bb961ac7e8afd9a3cb?s=96&d=mm&r=g","url":"https:\/\/secure.gravatar.com\/avatar\/e4194f972046db80294d79daa065f609498fda96e97e70bb961ac7e8afd9a3cb?s=96&d=mm&r=g","contentUrl":"https:\/\/secure.gravatar.com\/avatar\/e4194f972046db80294d79daa065f609498fda96e97e70bb961ac7e8afd9a3cb?s=96&d=mm&r=g","caption":"brigid"},"sameAs":["https:\/\/denktier.at\/pferd"],"url":"https:\/\/denktier.at\/pferd\/author\/brigid\/"}]}},"_links":{"self":[{"href":"https:\/\/denktier.at\/pferd\/wp-json\/wp\/v2\/posts\/657","targetHints":{"allow":["GET"]}}],"collection":[{"href":"https:\/\/denktier.at\/pferd\/wp-json\/wp\/v2\/posts"}],"about":[{"href":"https:\/\/denktier.at\/pferd\/wp-json\/wp\/v2\/types\/post"}],"author":[{"embeddable":true,"href":"https:\/\/denktier.at\/pferd\/wp-json\/wp\/v2\/users\/1"}],"replies":[{"embeddable":true,"href":"https:\/\/denktier.at\/pferd\/wp-json\/wp\/v2\/comments?post=657"}],"version-history":[{"count":2,"href":"https:\/\/denktier.at\/pferd\/wp-json\/wp\/v2\/posts\/657\/revisions"}],"predecessor-version":[{"id":660,"href":"https:\/\/denktier.at\/pferd\/wp-json\/wp\/v2\/posts\/657\/revisions\/660"}],"wp:featuredmedia":[{"embeddable":true,"href":"https:\/\/denktier.at\/pferd\/wp-json\/wp\/v2\/media\/658"}],"wp:attachment":[{"href":"https:\/\/denktier.at\/pferd\/wp-json\/wp\/v2\/media?parent=657"}],"wp:term":[{"taxonomy":"category","embeddable":true,"href":"https:\/\/denktier.at\/pferd\/wp-json\/wp\/v2\/categories?post=657"},{"taxonomy":"post_tag","embeddable":true,"href":"https:\/\/denktier.at\/pferd\/wp-json\/wp\/v2\/tags?post=657"}],"curies":[{"name":"wp","href":"https:\/\/api.w.org\/{rel}","templated":true}]}}