{"id":619,"date":"2023-10-06T20:09:20","date_gmt":"2023-10-06T18:09:20","guid":{"rendered":"https:\/\/denktier.at\/pferd\/?p=619"},"modified":"2023-10-06T20:09:20","modified_gmt":"2023-10-06T18:09:20","slug":"was-ist-richtig-in-sachen-rangordnung-beim-pferd","status":"publish","type":"post","link":"https:\/\/denktier.at\/pferd\/2023\/10\/06\/was-ist-richtig-in-sachen-rangordnung-beim-pferd\/","title":{"rendered":"was ist richtig in sachen rangordnung beim pferd?"},"content":{"rendered":"<p>unser bild von der rangordnung unter pferden ist manchmal etwas verzerrt.<br \/>\ndas liegt zum einen daran, dass wir unter dem begriff rangordnung automatisch streng hierarchische strukturen wie im milit\u00e4r verstehen,<br \/>\nmit kommandogewalt und unterordnung sozusagen, und die ungefiltert aufs tierreich \u00fcbertragen.<\/p>\n<p>zum anderen ist es darauf zur\u00fcckzuf\u00fchren, dass wir kaum nat\u00fcrliches herdenverhalten beobachten k\u00f6nnen<br \/>\nund die dokus \u00fcber wildlebende pferde den hengstk\u00e4mpfen \u00fcberproportional viel platz einr\u00e4umen.<\/p>\n<p><img loading=\"lazy\" decoding=\"async\" class=\"wp-image-620 aligncenter\" src=\"https:\/\/denktier.at\/pferd\/wp-content\/uploads\/2023\/10\/pferde-blog-7.jpg\" alt=\"rangordnung beim pferd\" width=\"640\" height=\"361\" srcset=\"https:\/\/denktier.at\/pferd\/wp-content\/uploads\/2023\/10\/pferde-blog-7.jpg 1640w, https:\/\/denktier.at\/pferd\/wp-content\/uploads\/2023\/10\/pferde-blog-7-300x169.jpg 300w, https:\/\/denktier.at\/pferd\/wp-content\/uploads\/2023\/10\/pferde-blog-7-1024x577.jpg 1024w, https:\/\/denktier.at\/pferd\/wp-content\/uploads\/2023\/10\/pferde-blog-7-768x433.jpg 768w, https:\/\/denktier.at\/pferd\/wp-content\/uploads\/2023\/10\/pferde-blog-7-1536x865.jpg 1536w, https:\/\/denktier.at\/pferd\/wp-content\/uploads\/2023\/10\/pferde-blog-7-600x338.jpg 600w\" sizes=\"auto, (max-width: 640px) 100vw, 640px\" \/><\/p>\n<p>klar: das ist spektakul\u00e4r und liefert gute bilder.<br \/>\ndas wirkliche herdenleben und die echten f\u00fchrungsaufgaben sind hingegen recht langweilig anzusehen.<br \/>\noftmals merkt man von au\u00dfen als mensch kaum, dass da die leitstute oder der hengst der herde grade was tun.<\/p>\n<p>in freier wildbahn \u00fcbernimmt die f\u00fchrung der herde die leitstute,<br \/>\nsie geht buchst\u00e4blich voran und weist den weg.<br \/>\nwildlebende pferde legen ja t\u00e4glich gro\u00dfe strecken in einem weitl\u00e4ufigen gel\u00e4nde zur\u00fcck,<br \/>\nda sind die ortskenntnisse und die erfahrungen einer guten leitstute viel wert.<\/p>\n<p>der leithengst hat hingegen den job, die herde zusammen zu halten<br \/>\nund gegen angriffe von au\u00dfen zu verteidigen.<br \/>\ner ist also keineswegs der &#8222;boss&#8220; der gruppe,<br \/>\nsondern die verteidigungsinstanz.<\/p>\n<p>nicht zu vergessen: er ist auch der samenspender.<br \/>\nin jeder herde gibt es nur einen geschlechtlich aktiven hengst, der die nachkommen zeugt.<br \/>\ndie junghengste verlassen mit der geschlechtsreife die herde<br \/>\nund schlie\u00dfen sich in eigenen junghengsteherden zusammen &#8211;<br \/>\nein wirksamer schutz gegen inzucht.<\/p>\n<p>ob das nun den hengst zum &#8222;herrn&#8220; \u00fcber die stuten oder aber zu deren &#8222;diener&#8220; macht, sei dahingestellt&#8230;<\/p>\n<p>bei den herden unter menschlicher obhut sieht das sozialgef\u00fcge notwendigerweise anders aus.<br \/>\nerstens gibt es gar keinen hengst in der herde (jedenfalls nicht in gemischten herden)<br \/>\nund zweitens mag es zwar eine souver\u00e4ne stute geben,<br \/>\nsie hat aber keine aufgabe wahrzunehmen.<\/p>\n<p>dazu kommt, dass die herden (falls die pferde \u00fcberhaupt herdenleben haben) nicht lange gleich bleiben.<br \/>\ndurch stallwechsel, neuzug\u00e4nge und abwanderungen kommt es zu h\u00e4ufigen ver\u00e4nderungen in der herde.<\/p>\n<h2>herdendynamik<\/h2>\n<p>alles zusammen ergibt klarerweise eine v\u00f6llig andere dynamik in der herde als bei freilebenden pferden.<br \/>\nwelchen anteil hat nun die rangordnung am sozialgef\u00fcge?<\/p>\n<p>dazu eins gleich vorweg:<br \/>\ndie sozialbeziehungen unter pferden bestehen nicht nur aus rangordnung.<br \/>\npferde sind sogar besonders daf\u00fcr bekannt, dass sie freundschaften jenseits\u00a0 jeglichen &#8222;rangs&#8220; schlie\u00dfen und leben.<\/p>\n<p>au\u00dferdem ist die rangordnung nichts fixes,<br \/>\nsie \u00e4ndert sich selbst innerhalb einer gleichbleibenden gruppe gelegentlich<br \/>\nund manchmal existiert sie sogar nur anlassbezogen.<\/p>\n<p>denn die rangordnung exisitiert nicht im luftleeren raum,<br \/>\nsondern immer nur zwischen aktuell zwei pferden in einer bestimmten situation.<\/p>\n<p>ein beispiel:<br \/>\nwer ans futter darf, h\u00e4ngt nicht von einer fixen reihenfolge ab,<br \/>\nsondern davon, wem das futter gerade sehr wichtig ist,<br \/>\nwer das in dem moment f\u00fcr sich beansprucht,<br \/>\nwer diesen anspruch gegen andere durchsetzen m\u00f6chte<br \/>\nund wer das auch kann.<\/p>\n<p>es gibt genug pferde, die selbst ihr kraftfutter mit ihrem kumpel teilen w\u00fcrden,<br \/>\negal welchen &#8222;rang&#8220; der in der herde hat.<br \/>\nes gibt wieder andere, die sich in der herde sonst sehr zur\u00fcckhalten und h\u00e4ufig ausweichen,<br \/>\ndie ihr futter aber w\u00fctend verteidigen w\u00fcrden, wenn sich da jemand erdreistet.<\/p>\n<p>dasselbe gilt auch f\u00fcrs ausweichen:<br \/>\nimmer wieder kann man beobachten, dass sehr gelassene, &#8222;rangniedrige&#8220; pferde einfach ruhig stehen<br \/>\nund ein anderes schlicht um sie herum geht,<br \/>\nstatt darauf zu beharren, dass der nun gef\u00e4lligst zu weichen hat.<\/p>\n<p>ist ein pferd jedoch sehr nerv\u00f6s und hat es in der herde (noch) wenig r\u00fcckhalt,<br \/>\nl\u00e4uft es oft schon bei der kleinsten kleinigkeit davon,<br \/>\nobwohl es sich zum beispiel kurz danach an einem anderen vorbei zum heu dr\u00e4ngelt.<\/p>\n<p>wenn es also keine fixe rangordnung gibt,<br \/>\nworum geht es dann?<\/p>\n<h2>ressourcen<\/h2>\n<p>im englischen bezeichnet der begriff &#8222;resource holding potential&#8220; jenes konzept,<br \/>\ndas die veraltete vorstellung von der hierarchischen rangordnung abgel\u00f6st hat.<\/p>\n<p>man versteht darunter die f\u00e4higkeit eines pferdes,<br \/>\neine ressource f\u00fcr sich in anspruch zu nehmen und diesen anspruch durchsetzen zu k\u00f6nnen.<br \/>\nder deutsche begriff daf\u00fcr lautet &#8222;ressourcenkontrolle&#8220;.<\/p>\n<p>ob ein pferd ressourcenkontrolle aus\u00fcbt, h\u00e4ngt davon ab,<br \/>\nob es eine bestimmte ressource in dem moment \u00fcberhaupt haben m\u00f6chte.<\/p>\n<p>kein pferd, das gerade fresspause macht und in der sonne d\u00f6sen m\u00f6chte,<br \/>\nlegt es gleichzeitig darauf an, andere &#8222;rangniedrigere&#8220; von der heuraufe zu verdr\u00e4ngen.<br \/>\nkriegt es aber wieder hunger und will heu fressen, kann es schon sein,<br \/>\ndass es einen anderen von einem fressplatz verdr\u00e4ngt, den es haben will.<\/p>\n<p>zu den ressourcen z\u00e4hlt alles, was dem pferd wichtig ist, nicht nur das futter.<br \/>\nalso kraftfutter und heu, klar.<br \/>\naber auch liegepl\u00e4tze, das pl\u00e4tzchen in der sonne, der kratzbaum,<br \/>\nder sandplatz zum w\u00e4lzen, ja sogar der mensch.<\/p>\n<p>in der regel ergibt sich unser bild vom &#8222;ranghohen&#8220; pferd in der herde daraus,<br \/>\ndass es ein oder mehrere pferde in der gruppe gibt,<br \/>\ndie jederzeit jedes andere pferd von jeder ressource wegschicken k\u00f6nnen.<\/p>\n<p>je nachdem, wie sozial souver\u00e4n diese pferde mit mehr ressourcenkontrolle sind,<br \/>\nweichen die anderen problemlos aus, mucken dagegen auf und risikieren einen konflikt<br \/>\noder fl\u00fcchten bereits, denn der (ungut) ranghohe sich nur n\u00e4hert.<\/p>\n<p>was uns zu einem weiteren punkt bringt, der eine wichtige rolle f\u00fcrs sozialgef\u00fcge bietet.<\/p>\n<h2>platzangebot<\/h2>\n<p>wie harmonisch und friedlich es in einer herde zugeht &#8211;<br \/>\nauch zwischen den sogenannt rangniedrigen und ranghohen &#8211;<br \/>\nh\u00e4ngt neben der zusammenstellung der herde auch vom vorhandenen platz ab.<\/p>\n<p>je mehr platz die pferde haben, je weitl\u00e4ufiger die koppeln sind<br \/>\nund je mehr fresspl\u00e4tze es gibt, desto harmonsicher geht es zu.<\/p>\n<p>zu viele pferde auf beschr\u00e4nktem platz und engstellen hingegen f\u00fchren zu konflikten.<br \/>\ndie selbe herde, die auf einer winzigen koppel recht turublent sein kann<br \/>\nund wo die ranghohen tats\u00e4chlich ein regiment \u00fcber die anderen f\u00fchren,<br \/>\nkann sich unter anderen haltungsbedingungen mit deutlich besserm platzangebot ganz anders verhalten.<\/p>\n<p>denn das rangbezogene verhalten steht immer in engem zusammenhang mit stress.<br \/>\nuntersuchungen haben gezeigt, dass den meisten stress in einer herde ohnehin<br \/>\ndas rangh\u00f6chste tier einerseits und das rangniedrigste tier andererseits haben.<\/p>\n<p>gibt es nun zu wenig platz und muss man dauernd wen verdr\u00e4ngen oder auswichen,<br \/>\nsteigt der stresspegel.<br \/>\nwas wiederum das ressourcenbezogene verhalten heftiger werden l\u00e4sst<br \/>\nund zu noch mehr stress f\u00fchrt.<\/p>\n<p>nicht umsonst sieht man bei tieren in gefangenschaft viel mehr ressourcenkonflikte<br \/>\nund viel mehr hierarchische rangordnungsbeziehungen wie bei wildlebenden tieren.<\/p>\n<h2>flexible beziehungen<\/h2>\n<p>was man in einer harmonischen herde auch beobachten kann:<br \/>\nda freunden sich nicht nur die ranghohen pferde an, ganz im gegenteil.<\/p>\n<p>es gibt noch nicht mal immer eine klare reihenfolge.<br \/>\npferd A kann zwar pferd B vom futter vertreiben<br \/>\nund pferd B vertreibt seinerseits pferd C vom futter.<br \/>\nes kann aber vorkommen, dass pferd A weichen muss, wenn pferd C kommt.<br \/>\noder dass pferd C mit pferd A befreundet ist und vor pferd B nicht weicht, wenn pferd A dabei ist.<\/p>\n<p>dass der &#8222;rang&#8220; keine absolute gr\u00f6\u00dfe ist, die das pferd f\u00fcr sich als eigenschaft hat,<br \/>\nzeigt sich auch daran, dass schon mal ein pferd in der herde im einen stall sehr rangniedrig war,<br \/>\nin einem anderen stall aber pl\u00f6tzlich ranghoch in die herde einsteigt.<\/p>\n<p>so streng nehmen es die pferde selber also mit der rangordnung gar nicht.<br \/>\nwir sollten sie daher auch nicht \u00fcberbewerten<br \/>\nund schon gar nicht schlussfolgerungen auf das beziehung zwischen dem pferd und seinem menschen ziehen.<br \/>\nwas es mit den vermeintlich &#8222;dominanten&#8220; pferden auf sich hat,<br \/>\ndas ist dann thema im n\u00e4chsten blog-artikel.<br \/>\n(gleich blog abonnieren, wenn du das nicht verpassen magst!)<\/p>\n","protected":false},"excerpt":{"rendered":"<p>unser bild von der rangordnung unter pferden ist manchmal etwas verzerrt. das liegt zum einen daran, dass wir unter dem begriff rangordnung automatisch streng hierarchische strukturen wie im milit\u00e4r verstehen, mit kommandogewalt und unterordnung sozusagen, und die ungefiltert aufs tierreich \u00fcbertragen. zum anderen ist es darauf zur\u00fcckzuf\u00fchren, dass wir kaum nat\u00fcrliches herdenverhalten beobachten k\u00f6nnen und [&hellip;]<\/p>\n","protected":false},"author":1,"featured_media":620,"comment_status":"closed","ping_status":"closed","sticky":false,"template":"","format":"standard","meta":{"footnotes":""},"categories":[1],"tags":[],"class_list":["post-619","post","type-post","status-publish","format-standard","has-post-thumbnail","hentry","category-allgemein","post-wrapper","thrv_wrapper"],"yoast_head":"<!-- This site is optimized with the Yoast SEO plugin v27.2 - https:\/\/yoast.com\/product\/yoast-seo-wordpress\/ -->\n<title>was ist richtig in sachen rangordnung beim pferd? - denktier pferd<\/title>\n<meta name=\"description\" content=\"die rangordnung bei pferden ist gar nicht so starr, wie wir denken, und eigentlich mit einem anderen konzept viel besser erkl\u00e4rbar.\" \/>\n<meta name=\"robots\" content=\"index, follow, max-snippet:-1, max-image-preview:large, max-video-preview:-1\" \/>\n<link rel=\"canonical\" href=\"https:\/\/denktier.at\/pferd\/2023\/10\/06\/was-ist-richtig-in-sachen-rangordnung-beim-pferd\/\" \/>\n<meta property=\"og:locale\" content=\"de_DE\" \/>\n<meta property=\"og:type\" content=\"article\" \/>\n<meta property=\"og:title\" content=\"was ist richtig in sachen rangordnung beim pferd? - denktier pferd\" \/>\n<meta property=\"og:description\" content=\"die rangordnung bei pferden ist gar nicht so starr, wie wir denken, und eigentlich mit einem anderen konzept viel besser erkl\u00e4rbar.\" \/>\n<meta property=\"og:url\" content=\"https:\/\/denktier.at\/pferd\/2023\/10\/06\/was-ist-richtig-in-sachen-rangordnung-beim-pferd\/\" \/>\n<meta property=\"og:site_name\" content=\"denktier pferd\" \/>\n<meta property=\"article:published_time\" content=\"2023-10-06T18:09:20+00:00\" \/>\n<meta property=\"og:image\" content=\"https:\/\/denktier.at\/pferd\/wp-content\/uploads\/2023\/10\/pferde-blog-7.jpg\" \/>\n\t<meta property=\"og:image:width\" content=\"1640\" \/>\n\t<meta property=\"og:image:height\" content=\"924\" \/>\n\t<meta property=\"og:image:type\" content=\"image\/jpeg\" \/>\n<meta name=\"author\" content=\"brigid\" \/>\n<meta name=\"twitter:card\" content=\"summary_large_image\" \/>\n<meta name=\"twitter:label1\" content=\"Verfasst von\" \/>\n\t<meta name=\"twitter:data1\" content=\"brigid\" \/>\n\t<meta name=\"twitter:label2\" content=\"Gesch\u00e4tzte Lesezeit\" \/>\n\t<meta name=\"twitter:data2\" content=\"7 Minuten\" \/>\n<script type=\"application\/ld+json\" class=\"yoast-schema-graph\">{\"@context\":\"https:\/\/schema.org\",\"@graph\":[{\"@type\":\"Article\",\"@id\":\"https:\/\/denktier.at\/pferd\/2023\/10\/06\/was-ist-richtig-in-sachen-rangordnung-beim-pferd\/#article\",\"isPartOf\":{\"@id\":\"https:\/\/denktier.at\/pferd\/2023\/10\/06\/was-ist-richtig-in-sachen-rangordnung-beim-pferd\/\"},\"author\":{\"name\":\"brigid\",\"@id\":\"https:\/\/denktier.at\/pferd\/#\/schema\/person\/a450dfa4b955cd9290eeb589dc2caddf\"},\"headline\":\"was ist richtig in sachen rangordnung beim pferd?\",\"datePublished\":\"2023-10-06T18:09:20+00:00\",\"mainEntityOfPage\":{\"@id\":\"https:\/\/denktier.at\/pferd\/2023\/10\/06\/was-ist-richtig-in-sachen-rangordnung-beim-pferd\/\"},\"wordCount\":1268,\"image\":{\"@id\":\"https:\/\/denktier.at\/pferd\/2023\/10\/06\/was-ist-richtig-in-sachen-rangordnung-beim-pferd\/#primaryimage\"},\"thumbnailUrl\":\"https:\/\/denktier.at\/pferd\/wp-content\/uploads\/2023\/10\/pferde-blog-7.jpg\",\"inLanguage\":\"de-AT\"},{\"@type\":\"WebPage\",\"@id\":\"https:\/\/denktier.at\/pferd\/2023\/10\/06\/was-ist-richtig-in-sachen-rangordnung-beim-pferd\/\",\"url\":\"https:\/\/denktier.at\/pferd\/2023\/10\/06\/was-ist-richtig-in-sachen-rangordnung-beim-pferd\/\",\"name\":\"was ist richtig in sachen rangordnung beim pferd? - denktier pferd\",\"isPartOf\":{\"@id\":\"https:\/\/denktier.at\/pferd\/#website\"},\"primaryImageOfPage\":{\"@id\":\"https:\/\/denktier.at\/pferd\/2023\/10\/06\/was-ist-richtig-in-sachen-rangordnung-beim-pferd\/#primaryimage\"},\"image\":{\"@id\":\"https:\/\/denktier.at\/pferd\/2023\/10\/06\/was-ist-richtig-in-sachen-rangordnung-beim-pferd\/#primaryimage\"},\"thumbnailUrl\":\"https:\/\/denktier.at\/pferd\/wp-content\/uploads\/2023\/10\/pferde-blog-7.jpg\",\"datePublished\":\"2023-10-06T18:09:20+00:00\",\"author\":{\"@id\":\"https:\/\/denktier.at\/pferd\/#\/schema\/person\/a450dfa4b955cd9290eeb589dc2caddf\"},\"description\":\"die rangordnung bei pferden ist gar nicht so starr, wie wir denken, und eigentlich mit einem anderen konzept viel besser erkl\u00e4rbar.\",\"breadcrumb\":{\"@id\":\"https:\/\/denktier.at\/pferd\/2023\/10\/06\/was-ist-richtig-in-sachen-rangordnung-beim-pferd\/#breadcrumb\"},\"inLanguage\":\"de-AT\",\"potentialAction\":[{\"@type\":\"ReadAction\",\"target\":[\"https:\/\/denktier.at\/pferd\/2023\/10\/06\/was-ist-richtig-in-sachen-rangordnung-beim-pferd\/\"]}]},{\"@type\":\"ImageObject\",\"inLanguage\":\"de-AT\",\"@id\":\"https:\/\/denktier.at\/pferd\/2023\/10\/06\/was-ist-richtig-in-sachen-rangordnung-beim-pferd\/#primaryimage\",\"url\":\"https:\/\/denktier.at\/pferd\/wp-content\/uploads\/2023\/10\/pferde-blog-7.jpg\",\"contentUrl\":\"https:\/\/denktier.at\/pferd\/wp-content\/uploads\/2023\/10\/pferde-blog-7.jpg\",\"width\":1640,\"height\":924,\"caption\":\"rangordnung beim pferd\"},{\"@type\":\"BreadcrumbList\",\"@id\":\"https:\/\/denktier.at\/pferd\/2023\/10\/06\/was-ist-richtig-in-sachen-rangordnung-beim-pferd\/#breadcrumb\",\"itemListElement\":[{\"@type\":\"ListItem\",\"position\":1,\"name\":\"Home\",\"item\":\"https:\/\/denktier.at\/pferd\/\"},{\"@type\":\"ListItem\",\"position\":2,\"name\":\"was ist richtig in sachen rangordnung beim pferd?\"}]},{\"@type\":\"WebSite\",\"@id\":\"https:\/\/denktier.at\/pferd\/#website\",\"url\":\"https:\/\/denktier.at\/pferd\/\",\"name\":\"denktier pferd\",\"description\":\"\",\"potentialAction\":[{\"@type\":\"SearchAction\",\"target\":{\"@type\":\"EntryPoint\",\"urlTemplate\":\"https:\/\/denktier.at\/pferd\/?s={search_term_string}\"},\"query-input\":{\"@type\":\"PropertyValueSpecification\",\"valueRequired\":true,\"valueName\":\"search_term_string\"}}],\"inLanguage\":\"de-AT\"},{\"@type\":\"Person\",\"@id\":\"https:\/\/denktier.at\/pferd\/#\/schema\/person\/a450dfa4b955cd9290eeb589dc2caddf\",\"name\":\"brigid\",\"image\":{\"@type\":\"ImageObject\",\"inLanguage\":\"de-AT\",\"@id\":\"https:\/\/secure.gravatar.com\/avatar\/e4194f972046db80294d79daa065f609498fda96e97e70bb961ac7e8afd9a3cb?s=96&d=mm&r=g\",\"url\":\"https:\/\/secure.gravatar.com\/avatar\/e4194f972046db80294d79daa065f609498fda96e97e70bb961ac7e8afd9a3cb?s=96&d=mm&r=g\",\"contentUrl\":\"https:\/\/secure.gravatar.com\/avatar\/e4194f972046db80294d79daa065f609498fda96e97e70bb961ac7e8afd9a3cb?s=96&d=mm&r=g\",\"caption\":\"brigid\"},\"sameAs\":[\"https:\/\/denktier.at\/pferd\"],\"url\":\"https:\/\/denktier.at\/pferd\/author\/brigid\/\"}]}<\/script>\n<!-- \/ Yoast SEO plugin. -->","yoast_head_json":{"title":"was ist richtig in sachen rangordnung beim pferd? - denktier pferd","description":"die rangordnung bei pferden ist gar nicht so starr, wie wir denken, und eigentlich mit einem anderen konzept viel besser erkl\u00e4rbar.","robots":{"index":"index","follow":"follow","max-snippet":"max-snippet:-1","max-image-preview":"max-image-preview:large","max-video-preview":"max-video-preview:-1"},"canonical":"https:\/\/denktier.at\/pferd\/2023\/10\/06\/was-ist-richtig-in-sachen-rangordnung-beim-pferd\/","og_locale":"de_DE","og_type":"article","og_title":"was ist richtig in sachen rangordnung beim pferd? - denktier pferd","og_description":"die rangordnung bei pferden ist gar nicht so starr, wie wir denken, und eigentlich mit einem anderen konzept viel besser erkl\u00e4rbar.","og_url":"https:\/\/denktier.at\/pferd\/2023\/10\/06\/was-ist-richtig-in-sachen-rangordnung-beim-pferd\/","og_site_name":"denktier pferd","article_published_time":"2023-10-06T18:09:20+00:00","og_image":[{"width":1640,"height":924,"url":"https:\/\/denktier.at\/pferd\/wp-content\/uploads\/2023\/10\/pferde-blog-7.jpg","type":"image\/jpeg"}],"author":"brigid","twitter_card":"summary_large_image","twitter_misc":{"Verfasst von":"brigid","Gesch\u00e4tzte Lesezeit":"7 Minuten"},"schema":{"@context":"https:\/\/schema.org","@graph":[{"@type":"Article","@id":"https:\/\/denktier.at\/pferd\/2023\/10\/06\/was-ist-richtig-in-sachen-rangordnung-beim-pferd\/#article","isPartOf":{"@id":"https:\/\/denktier.at\/pferd\/2023\/10\/06\/was-ist-richtig-in-sachen-rangordnung-beim-pferd\/"},"author":{"name":"brigid","@id":"https:\/\/denktier.at\/pferd\/#\/schema\/person\/a450dfa4b955cd9290eeb589dc2caddf"},"headline":"was ist richtig in sachen rangordnung beim pferd?","datePublished":"2023-10-06T18:09:20+00:00","mainEntityOfPage":{"@id":"https:\/\/denktier.at\/pferd\/2023\/10\/06\/was-ist-richtig-in-sachen-rangordnung-beim-pferd\/"},"wordCount":1268,"image":{"@id":"https:\/\/denktier.at\/pferd\/2023\/10\/06\/was-ist-richtig-in-sachen-rangordnung-beim-pferd\/#primaryimage"},"thumbnailUrl":"https:\/\/denktier.at\/pferd\/wp-content\/uploads\/2023\/10\/pferde-blog-7.jpg","inLanguage":"de-AT"},{"@type":"WebPage","@id":"https:\/\/denktier.at\/pferd\/2023\/10\/06\/was-ist-richtig-in-sachen-rangordnung-beim-pferd\/","url":"https:\/\/denktier.at\/pferd\/2023\/10\/06\/was-ist-richtig-in-sachen-rangordnung-beim-pferd\/","name":"was ist richtig in sachen rangordnung beim pferd? - denktier pferd","isPartOf":{"@id":"https:\/\/denktier.at\/pferd\/#website"},"primaryImageOfPage":{"@id":"https:\/\/denktier.at\/pferd\/2023\/10\/06\/was-ist-richtig-in-sachen-rangordnung-beim-pferd\/#primaryimage"},"image":{"@id":"https:\/\/denktier.at\/pferd\/2023\/10\/06\/was-ist-richtig-in-sachen-rangordnung-beim-pferd\/#primaryimage"},"thumbnailUrl":"https:\/\/denktier.at\/pferd\/wp-content\/uploads\/2023\/10\/pferde-blog-7.jpg","datePublished":"2023-10-06T18:09:20+00:00","author":{"@id":"https:\/\/denktier.at\/pferd\/#\/schema\/person\/a450dfa4b955cd9290eeb589dc2caddf"},"description":"die rangordnung bei pferden ist gar nicht so starr, wie wir denken, und eigentlich mit einem anderen konzept viel besser erkl\u00e4rbar.","breadcrumb":{"@id":"https:\/\/denktier.at\/pferd\/2023\/10\/06\/was-ist-richtig-in-sachen-rangordnung-beim-pferd\/#breadcrumb"},"inLanguage":"de-AT","potentialAction":[{"@type":"ReadAction","target":["https:\/\/denktier.at\/pferd\/2023\/10\/06\/was-ist-richtig-in-sachen-rangordnung-beim-pferd\/"]}]},{"@type":"ImageObject","inLanguage":"de-AT","@id":"https:\/\/denktier.at\/pferd\/2023\/10\/06\/was-ist-richtig-in-sachen-rangordnung-beim-pferd\/#primaryimage","url":"https:\/\/denktier.at\/pferd\/wp-content\/uploads\/2023\/10\/pferde-blog-7.jpg","contentUrl":"https:\/\/denktier.at\/pferd\/wp-content\/uploads\/2023\/10\/pferde-blog-7.jpg","width":1640,"height":924,"caption":"rangordnung beim pferd"},{"@type":"BreadcrumbList","@id":"https:\/\/denktier.at\/pferd\/2023\/10\/06\/was-ist-richtig-in-sachen-rangordnung-beim-pferd\/#breadcrumb","itemListElement":[{"@type":"ListItem","position":1,"name":"Home","item":"https:\/\/denktier.at\/pferd\/"},{"@type":"ListItem","position":2,"name":"was ist richtig in sachen rangordnung beim pferd?"}]},{"@type":"WebSite","@id":"https:\/\/denktier.at\/pferd\/#website","url":"https:\/\/denktier.at\/pferd\/","name":"denktier pferd","description":"","potentialAction":[{"@type":"SearchAction","target":{"@type":"EntryPoint","urlTemplate":"https:\/\/denktier.at\/pferd\/?s={search_term_string}"},"query-input":{"@type":"PropertyValueSpecification","valueRequired":true,"valueName":"search_term_string"}}],"inLanguage":"de-AT"},{"@type":"Person","@id":"https:\/\/denktier.at\/pferd\/#\/schema\/person\/a450dfa4b955cd9290eeb589dc2caddf","name":"brigid","image":{"@type":"ImageObject","inLanguage":"de-AT","@id":"https:\/\/secure.gravatar.com\/avatar\/e4194f972046db80294d79daa065f609498fda96e97e70bb961ac7e8afd9a3cb?s=96&d=mm&r=g","url":"https:\/\/secure.gravatar.com\/avatar\/e4194f972046db80294d79daa065f609498fda96e97e70bb961ac7e8afd9a3cb?s=96&d=mm&r=g","contentUrl":"https:\/\/secure.gravatar.com\/avatar\/e4194f972046db80294d79daa065f609498fda96e97e70bb961ac7e8afd9a3cb?s=96&d=mm&r=g","caption":"brigid"},"sameAs":["https:\/\/denktier.at\/pferd"],"url":"https:\/\/denktier.at\/pferd\/author\/brigid\/"}]}},"_links":{"self":[{"href":"https:\/\/denktier.at\/pferd\/wp-json\/wp\/v2\/posts\/619","targetHints":{"allow":["GET"]}}],"collection":[{"href":"https:\/\/denktier.at\/pferd\/wp-json\/wp\/v2\/posts"}],"about":[{"href":"https:\/\/denktier.at\/pferd\/wp-json\/wp\/v2\/types\/post"}],"author":[{"embeddable":true,"href":"https:\/\/denktier.at\/pferd\/wp-json\/wp\/v2\/users\/1"}],"replies":[{"embeddable":true,"href":"https:\/\/denktier.at\/pferd\/wp-json\/wp\/v2\/comments?post=619"}],"version-history":[{"count":1,"href":"https:\/\/denktier.at\/pferd\/wp-json\/wp\/v2\/posts\/619\/revisions"}],"predecessor-version":[{"id":621,"href":"https:\/\/denktier.at\/pferd\/wp-json\/wp\/v2\/posts\/619\/revisions\/621"}],"wp:featuredmedia":[{"embeddable":true,"href":"https:\/\/denktier.at\/pferd\/wp-json\/wp\/v2\/media\/620"}],"wp:attachment":[{"href":"https:\/\/denktier.at\/pferd\/wp-json\/wp\/v2\/media?parent=619"}],"wp:term":[{"taxonomy":"category","embeddable":true,"href":"https:\/\/denktier.at\/pferd\/wp-json\/wp\/v2\/categories?post=619"},{"taxonomy":"post_tag","embeddable":true,"href":"https:\/\/denktier.at\/pferd\/wp-json\/wp\/v2\/tags?post=619"}],"curies":[{"name":"wp","href":"https:\/\/api.w.org\/{rel}","templated":true}]}}