{"id":613,"date":"2023-09-22T15:16:38","date_gmt":"2023-09-22T13:16:38","guid":{"rendered":"https:\/\/denktier.at\/pferd\/?p=613"},"modified":"2023-09-22T15:17:26","modified_gmt":"2023-09-22T13:17:26","slug":"hilfe-mein-pferd-ist-in-der-pubertaet","status":"publish","type":"post","link":"https:\/\/denktier.at\/pferd\/2023\/09\/22\/hilfe-mein-pferd-ist-in-der-pubertaet\/","title":{"rendered":"hilfe, mein pferd ist in der pubert\u00e4t!"},"content":{"rendered":"<p>auch pferde kommen in die pubert\u00e4t und machen es ihrem menschen dann nicht immer leicht.<br \/>\ndoch nicht alles, was auf die pubert\u00e4t geschoben wird, r\u00fchrt auch wirklich daher!<\/p>\n<p>wenn wir von pubert\u00e4t reden, m\u00fcssen wir zwei verschiedene phasen unterscheiden.<br \/>\ndas ist einmal das einsetzen der geschlechtsreife, die als &#8222;k\u00f6rperliche pubert\u00e4t&#8220; bezeichnet wird<br \/>\nund mit etwa eineinhalb bis zwei jahren stattfindet.<\/p>\n<p>bemerkbar macht sich das meist nur bei jenen, die mit einem junghengst arbeiten,<br \/>\nder mit dem einschie\u00dfen der hormone schon etwas ungeb\u00e4rdiger und aufgekratzter sein kann.<\/p>\n<p><img loading=\"lazy\" decoding=\"async\" class=\"alignnone wp-image-614\" src=\"https:\/\/denktier.at\/pferd\/wp-content\/uploads\/2023\/09\/pferde-blog-7-1.jpg\" alt=\"pferd in der pubert\u00e4t\" width=\"640\" height=\"361\" srcset=\"https:\/\/denktier.at\/pferd\/wp-content\/uploads\/2023\/09\/pferde-blog-7-1.jpg 1640w, https:\/\/denktier.at\/pferd\/wp-content\/uploads\/2023\/09\/pferde-blog-7-1-300x169.jpg 300w, https:\/\/denktier.at\/pferd\/wp-content\/uploads\/2023\/09\/pferde-blog-7-1-1024x577.jpg 1024w, https:\/\/denktier.at\/pferd\/wp-content\/uploads\/2023\/09\/pferde-blog-7-1-768x433.jpg 768w, https:\/\/denktier.at\/pferd\/wp-content\/uploads\/2023\/09\/pferde-blog-7-1-1536x865.jpg 1536w, https:\/\/denktier.at\/pferd\/wp-content\/uploads\/2023\/09\/pferde-blog-7-1-600x338.jpg 600w\" sizes=\"auto, (max-width: 640px) 100vw, 640px\" \/><\/p>\n<p>intensiver besch\u00e4ftigt uns die zweite phase der pubert\u00e4t, die soziale\/psychische pubert\u00e4t,<br \/>\nwo das pferd dann allm\u00e4hlich richtg erwachsen wird.<br \/>\ndieser zeitraum erstreckt sich meist \u00fcber mehrere jahre (im schnitt von 4 bis 7 oder 8 jahren).<\/p>\n<p>hier treten dann gerne probleme auf:<br \/>\ndas pferd wird widersetzlich.<br \/>\nes bockt und verweigert beim training.<br \/>\nes &#8222;spielt nicht mit&#8220; und macht unfug.<br \/>\nund und und&#8230;<\/p>\n<p>dahinter stecken drei verschiedene ursachen<br \/>\nund die pubert\u00e4t ist daran nur zum teil schuld<\/p>\n<h2 style=\"padding-left: 80px;\">1. regeln hinterfragen<\/h2>\n<p style=\"padding-left: 80px;\">es geh\u00f6rt zum erwachsenwerden dazu, dass man anf\u00e4ngt, regeln zu hinterfragen.<br \/>\nso auch beim pferd.<\/p>\n<p style=\"padding-left: 80px;\">je sicherer es wird, je st\u00e4rker es sich auch in der herde f\u00fchlt,<br \/>\ndesto eher stellt es auch in frage, ob das nun wirklich gilt, was der mensch sagt.<\/p>\n<p style=\"padding-left: 80px;\">vor allem dann, wenn dieser mensch die regeln nicht \u00fcber positive motivation aufgebaut hat<br \/>\n(also so, dass das pferd gern und sogar freiwillig mitspielt),<br \/>\nsondern &#8211; wie in der pferdausbildung noch gang und g\u00e4be &#8211; \u00fcber druck.<\/p>\n<p style=\"padding-left: 80px;\">druck allerdings ist etwas, was das heranwachsende pferd gar nicht vertr\u00e4gt.<br \/>\nsolange es kind war, hatte es nicht die innere st\u00e4rke sich dagegen aufzulehnen,<br \/>\njetzt allerdings wird es reifer und traut sich das schon eher.<\/p>\n<p style=\"padding-left: 80px;\">was viele dabei \u00fcbersehen:<br \/>\nes ist nur zu einem teil die pubert\u00e4t, die die etablierten regeln ins wanken bringt.<br \/>\nzu einem (oft viel gr\u00f6\u00dferen teil!) ist es die schlampigkeit des menschen.<\/p>\n<p style=\"padding-left: 80px;\">wenn der n\u00e4mlich regeln nur halbherzig einh\u00e4lt,<br \/>\n\u00f6fter mal f\u00fcnfe grade sein l\u00e4sst oder sich selber nicht an die regeln h\u00e4lt,<br \/>\nhat das nat\u00fcrlich einen lerneffekt:<\/p>\n<p style=\"padding-left: 80px;\">das pferd lernt, dass die regeln ohnehin nicht immer gelten.<br \/>\nes h\u00e4lt sich daher auch nicht immer ein. warum auch?<br \/>\ndas hat es ja vom menschen so gelernt.<\/p>\n<p style=\"padding-left: 80px;\">die inkonsequenz des menschen oder fehlende klarheit, welche regeln es denn nun gibt,<br \/>\nf\u00fchren in viel gr\u00f6\u00dferem ausma\u00df zu vermeintlich &#8222;pubert\u00e4rem&#8220; verhalten beim pferd<br \/>\nals man denken sollte.<\/p>\n<p style=\"padding-left: 80px;\">was das hei\u00dft?<br \/>\nes braucht gro\u00dfe klarheit und konsequenz, aber sanft &#8211; ohne druck &#8211; und<br \/>\nviel geduld und genauigkeit im umgang mit dem pferd wie im training.<\/p>\n<h2 style=\"padding-left: 80px;\">2. k\u00f6rperliche imbalance<\/h2>\n<p style=\"padding-left: 80px;\">der k\u00f6rper des jungen pferdes w\u00e4chst und entwickelt sich in diesen jahren der pubert\u00e4t immer noch weiter.<br \/>\nwachstum ist etwas, was einerseits schmerzen verursachen kann (wie wir vom menschen wissen),<br \/>\nwas vor allem aber den k\u00f6rper selber durcheinander bringt.<\/p>\n<p style=\"padding-left: 80px;\">die wahrnehmung des eigenen k\u00f6rpers (propriozeption) ist dauernd gefordert,<br \/>\ndenn mal w\u00e4chst der eine teil, mal der andere,<br \/>\nmal ist das pferd hinten h\u00f6her, mal schiebt es vorne an.<br \/>\ndas ist anstrengend!<\/p>\n<p style=\"padding-left: 80px;\">und es bringt das pferd aus dem gleichgewicht.<br \/>\nk\u00f6rperlich wie emotional, da die beiden dinge untrennbar zusammenh\u00e4ngen.<br \/>\nwie soll da das pferd mit k\u00fchlem kopf und gelassen reagieren,<br \/>\nwenn es nicht mal im gleichgewicht ist?<\/p>\n<p style=\"padding-left: 80px;\">dann kommt auch noch der mensch und bringt es noch mehr aus dem gleichgewicht.<br \/>\nleider werden immer noch viele pferde viel zu fr\u00fch angeritten,<br \/>\nviel zu schnell in alle grundgangarten und dann gleich unter den sattel genommen<br \/>\nund sollen ihre lektionen dann sch\u00f6n runterspulen.<\/p>\n<p style=\"padding-left: 80px;\">das kann nicht funktionieren.<br \/>\nwenn das junge pferd nicht erst mal vom boden aus gr\u00fcndlich darin geschult wurde,<br \/>\nsich k\u00f6rperlich auszubalancieren, sich geschickt auf allen vier beinen zu bewegen<br \/>\nund den r\u00fccken sch\u00f6n aufzuw\u00f6lben,<br \/>\nwie soll das dann beim reiten gehen?<\/p>\n<p style=\"padding-left: 80px;\">klar widersetzt sich das pferd dann gelegentlich.<br \/>\nerst recht, wenn das training mit druck einhergeht,<br \/>\nwenn das pferd nicht gleich macht, wie man m\u00f6chte<br \/>\n(weil es wom\u00f6glich gar nicht nicht kann).<\/p>\n<p style=\"padding-left: 80px;\">k\u00f6rperliches unbehagen, muskelkater oder gar schmerzen machen nat\u00fcrlich nicht kooperativ.<br \/>\nund die menschliche reaktion &#8222;der testet die rangordnung, da musst du dich durchsetzen&#8220; macht alles nur schlimmer.<\/p>\n<p style=\"padding-left: 80px;\">was gefragt ist:<br \/>\nbehutsame grundausbildung des pferdes vom boden aus.<br \/>\neinf\u00fchlsames training und r\u00fccksichtnahme auf die k\u00f6rperliche entwicklung des pferdes.<\/p>\n<h2 style=\"padding-left: 80px;\">3.\u00a0\u00fcberforderung<\/h2>\n<p style=\"padding-left: 80px;\">als typisch pubert\u00e4res verhalten beim pferd wird oft genannt,<br \/>\ndass es an allem rumknabbert, in alles reinbei\u00dft und mit dem maul an allem rumspielt.<\/p>\n<p style=\"padding-left: 80px;\">das aber sind ganz eindeutig stressreaktionen.<br \/>\nim stress und bei \u00fcberforderung wird das pferd &#8222;maulig&#8220;.<br \/>\nes nimmt sich das kauen und knabbern als ventil daf\u00fcr,<br \/>\nwenn es nicht mehr recht wei\u00df, wohin mit sich,<br \/>\nwenn es m\u00fcde und \u00fcberfordert ist.<\/p>\n<p style=\"padding-left: 80px;\">das kommt in dieser lebensphase deswegen so h\u00e4ufig vor,<br \/>\nweil die pferde tats\u00e4chlich mit vielem \u00fcberfordert werden.<\/p>\n<p style=\"padding-left: 80px;\">die erwartung ist, dass sie im training und im alltagshandling<br \/>\neinfach und unkompliiziert wie ein ruhiges 15j\u00e4hriges pferd sind.<br \/>\nschlie\u00dflich sind sie ja keine j\u00e4hrlinge mehr und k\u00f6rperlich schon stattlich und gro\u00df.<\/p>\n<p style=\"padding-left: 80px;\">die mentale belastbarkeit ist aber noch lange nicht so weit.<br \/>\nvor allem, weil ja auch die routine und die erfahrungen fehlen,<br \/>\nund weil das pferd so viele dinge neu lernen und verarbeiten muss.<\/p>\n<p style=\"padding-left: 80px;\">neues zu integrieren, kostet immer energie und kann ein gewisses ma\u00df an stress ausl\u00f6sen.<br \/>\nwenn&#8217;s der mensch da \u00fcbertreibt,<br \/>\noder wenn andere faktoren wie stallwechsel, turnierbesuche oder \u00e4hliches dazukommen,<br \/>\nsammelt sich schnell ganz sch\u00f6n viel anspannung und stress im pferd an.<\/p>\n<p style=\"padding-left: 80px;\">kein wunder, dass das pferd dann unkonzentriert ist,<br \/>\nnicht mitarbeitet wie gew\u00fcnscht und alles anknabbert.<\/p>\n<p style=\"padding-left: 80px;\">daran ist nicht die pubert\u00e4t schuld (die macht das pferd nur extra anf\u00e4llig daf\u00fcr), &#8218;<br \/>\nsondern die \u00fcberforderung und der stress.<\/p>\n<p style=\"padding-left: 80px;\">dagegen wirkt:<br \/>\nf\u00fcr ruhe und ausgeglichenheit sorgen.<br \/>\ndas training in kurze einheiten unterteilen, wenn was schwierigeres ansteht.<br \/>\nauf positive motivation und spa\u00df bei der arbeit achten.<\/p>\n<p>was das junge pferd so schwierig und m\u00fchsam machen kann,<br \/>\nist also bei weitem nicht die pubert\u00e4t alleine.<br \/>\nviel mehr davon ist menschengemacht &#8211; und das gute daran:<br \/>\nda kann der mensch auch problemlos gegensteuern!<\/p>\n","protected":false},"excerpt":{"rendered":"<p>auch pferde kommen in die pubert\u00e4t und machen es ihrem menschen dann nicht immer leicht. doch nicht alles, was auf die pubert\u00e4t geschoben wird, r\u00fchrt auch wirklich daher! wenn wir von pubert\u00e4t reden, m\u00fcssen wir zwei verschiedene phasen unterscheiden. das ist einmal das einsetzen der geschlechtsreife, die als &#8222;k\u00f6rperliche pubert\u00e4t&#8220; bezeichnet wird und mit etwa [&hellip;]<\/p>\n","protected":false},"author":1,"featured_media":614,"comment_status":"closed","ping_status":"closed","sticky":false,"template":"","format":"standard","meta":{"footnotes":""},"categories":[36,37],"tags":[],"class_list":["post-613","post","type-post","status-publish","format-standard","has-post-thumbnail","hentry","category-ausbildung","category-verhalten","post-wrapper","thrv_wrapper"],"yoast_head":"<!-- This site is optimized with the Yoast SEO plugin v27.2 - https:\/\/yoast.com\/product\/yoast-seo-wordpress\/ -->\n<title>hilfe, mein pferd ist in der pubert\u00e4t! - denktier pferd<\/title>\n<meta name=\"description\" content=\"was ist dran an der gef\u00fcrchteten pubert\u00e4t beim pferd und was sind die wirklichen ursachen f\u00fcr probleme und &quot;widersetzlichkeit&quot;?\" \/>\n<meta name=\"robots\" content=\"index, follow, max-snippet:-1, max-image-preview:large, max-video-preview:-1\" \/>\n<link rel=\"canonical\" href=\"https:\/\/denktier.at\/pferd\/2023\/09\/22\/hilfe-mein-pferd-ist-in-der-pubertaet\/\" \/>\n<meta property=\"og:locale\" content=\"de_DE\" \/>\n<meta property=\"og:type\" content=\"article\" \/>\n<meta property=\"og:title\" content=\"hilfe, mein pferd ist in der pubert\u00e4t! - denktier pferd\" \/>\n<meta property=\"og:description\" content=\"was ist dran an der gef\u00fcrchteten pubert\u00e4t beim pferd und was sind die wirklichen ursachen f\u00fcr probleme und &quot;widersetzlichkeit&quot;?\" \/>\n<meta property=\"og:url\" content=\"https:\/\/denktier.at\/pferd\/2023\/09\/22\/hilfe-mein-pferd-ist-in-der-pubertaet\/\" \/>\n<meta property=\"og:site_name\" content=\"denktier pferd\" \/>\n<meta property=\"article:published_time\" content=\"2023-09-22T13:16:38+00:00\" \/>\n<meta property=\"article:modified_time\" content=\"2023-09-22T13:17:26+00:00\" \/>\n<meta property=\"og:image\" content=\"https:\/\/denktier.at\/pferd\/wp-content\/uploads\/2023\/09\/pferde-blog-7-1.jpg\" \/>\n\t<meta property=\"og:image:width\" content=\"1640\" \/>\n\t<meta property=\"og:image:height\" content=\"924\" \/>\n\t<meta property=\"og:image:type\" content=\"image\/jpeg\" \/>\n<meta name=\"author\" content=\"brigid\" \/>\n<meta name=\"twitter:card\" content=\"summary_large_image\" \/>\n<meta name=\"twitter:label1\" content=\"Verfasst von\" \/>\n\t<meta name=\"twitter:data1\" content=\"brigid\" \/>\n\t<meta name=\"twitter:label2\" content=\"Gesch\u00e4tzte Lesezeit\" \/>\n\t<meta name=\"twitter:data2\" content=\"6 Minuten\" \/>\n<script type=\"application\/ld+json\" class=\"yoast-schema-graph\">{\"@context\":\"https:\/\/schema.org\",\"@graph\":[{\"@type\":\"Article\",\"@id\":\"https:\/\/denktier.at\/pferd\/2023\/09\/22\/hilfe-mein-pferd-ist-in-der-pubertaet\/#article\",\"isPartOf\":{\"@id\":\"https:\/\/denktier.at\/pferd\/2023\/09\/22\/hilfe-mein-pferd-ist-in-der-pubertaet\/\"},\"author\":{\"name\":\"brigid\",\"@id\":\"https:\/\/denktier.at\/pferd\/#\/schema\/person\/a450dfa4b955cd9290eeb589dc2caddf\"},\"headline\":\"hilfe, mein pferd ist in der pubert\u00e4t!\",\"datePublished\":\"2023-09-22T13:16:38+00:00\",\"dateModified\":\"2023-09-22T13:17:26+00:00\",\"mainEntityOfPage\":{\"@id\":\"https:\/\/denktier.at\/pferd\/2023\/09\/22\/hilfe-mein-pferd-ist-in-der-pubertaet\/\"},\"wordCount\":1062,\"image\":{\"@id\":\"https:\/\/denktier.at\/pferd\/2023\/09\/22\/hilfe-mein-pferd-ist-in-der-pubertaet\/#primaryimage\"},\"thumbnailUrl\":\"https:\/\/denktier.at\/pferd\/wp-content\/uploads\/2023\/09\/pferde-blog-7-1.jpg\",\"articleSection\":[\"ausbildung\",\"verhalten\"],\"inLanguage\":\"de-AT\"},{\"@type\":\"WebPage\",\"@id\":\"https:\/\/denktier.at\/pferd\/2023\/09\/22\/hilfe-mein-pferd-ist-in-der-pubertaet\/\",\"url\":\"https:\/\/denktier.at\/pferd\/2023\/09\/22\/hilfe-mein-pferd-ist-in-der-pubertaet\/\",\"name\":\"hilfe, mein pferd ist in der pubert\u00e4t! - denktier pferd\",\"isPartOf\":{\"@id\":\"https:\/\/denktier.at\/pferd\/#website\"},\"primaryImageOfPage\":{\"@id\":\"https:\/\/denktier.at\/pferd\/2023\/09\/22\/hilfe-mein-pferd-ist-in-der-pubertaet\/#primaryimage\"},\"image\":{\"@id\":\"https:\/\/denktier.at\/pferd\/2023\/09\/22\/hilfe-mein-pferd-ist-in-der-pubertaet\/#primaryimage\"},\"thumbnailUrl\":\"https:\/\/denktier.at\/pferd\/wp-content\/uploads\/2023\/09\/pferde-blog-7-1.jpg\",\"datePublished\":\"2023-09-22T13:16:38+00:00\",\"dateModified\":\"2023-09-22T13:17:26+00:00\",\"author\":{\"@id\":\"https:\/\/denktier.at\/pferd\/#\/schema\/person\/a450dfa4b955cd9290eeb589dc2caddf\"},\"description\":\"was ist dran an der gef\u00fcrchteten pubert\u00e4t beim pferd und was sind die wirklichen ursachen f\u00fcr probleme und \\\"widersetzlichkeit\\\"?\",\"breadcrumb\":{\"@id\":\"https:\/\/denktier.at\/pferd\/2023\/09\/22\/hilfe-mein-pferd-ist-in-der-pubertaet\/#breadcrumb\"},\"inLanguage\":\"de-AT\",\"potentialAction\":[{\"@type\":\"ReadAction\",\"target\":[\"https:\/\/denktier.at\/pferd\/2023\/09\/22\/hilfe-mein-pferd-ist-in-der-pubertaet\/\"]}]},{\"@type\":\"ImageObject\",\"inLanguage\":\"de-AT\",\"@id\":\"https:\/\/denktier.at\/pferd\/2023\/09\/22\/hilfe-mein-pferd-ist-in-der-pubertaet\/#primaryimage\",\"url\":\"https:\/\/denktier.at\/pferd\/wp-content\/uploads\/2023\/09\/pferde-blog-7-1.jpg\",\"contentUrl\":\"https:\/\/denktier.at\/pferd\/wp-content\/uploads\/2023\/09\/pferde-blog-7-1.jpg\",\"width\":1640,\"height\":924,\"caption\":\"pferd in der pubert\u00e4t\"},{\"@type\":\"BreadcrumbList\",\"@id\":\"https:\/\/denktier.at\/pferd\/2023\/09\/22\/hilfe-mein-pferd-ist-in-der-pubertaet\/#breadcrumb\",\"itemListElement\":[{\"@type\":\"ListItem\",\"position\":1,\"name\":\"Home\",\"item\":\"https:\/\/denktier.at\/pferd\/\"},{\"@type\":\"ListItem\",\"position\":2,\"name\":\"hilfe, mein pferd ist in der pubert\u00e4t!\"}]},{\"@type\":\"WebSite\",\"@id\":\"https:\/\/denktier.at\/pferd\/#website\",\"url\":\"https:\/\/denktier.at\/pferd\/\",\"name\":\"denktier pferd\",\"description\":\"\",\"potentialAction\":[{\"@type\":\"SearchAction\",\"target\":{\"@type\":\"EntryPoint\",\"urlTemplate\":\"https:\/\/denktier.at\/pferd\/?s={search_term_string}\"},\"query-input\":{\"@type\":\"PropertyValueSpecification\",\"valueRequired\":true,\"valueName\":\"search_term_string\"}}],\"inLanguage\":\"de-AT\"},{\"@type\":\"Person\",\"@id\":\"https:\/\/denktier.at\/pferd\/#\/schema\/person\/a450dfa4b955cd9290eeb589dc2caddf\",\"name\":\"brigid\",\"image\":{\"@type\":\"ImageObject\",\"inLanguage\":\"de-AT\",\"@id\":\"https:\/\/secure.gravatar.com\/avatar\/e4194f972046db80294d79daa065f609498fda96e97e70bb961ac7e8afd9a3cb?s=96&d=mm&r=g\",\"url\":\"https:\/\/secure.gravatar.com\/avatar\/e4194f972046db80294d79daa065f609498fda96e97e70bb961ac7e8afd9a3cb?s=96&d=mm&r=g\",\"contentUrl\":\"https:\/\/secure.gravatar.com\/avatar\/e4194f972046db80294d79daa065f609498fda96e97e70bb961ac7e8afd9a3cb?s=96&d=mm&r=g\",\"caption\":\"brigid\"},\"sameAs\":[\"https:\/\/denktier.at\/pferd\"],\"url\":\"https:\/\/denktier.at\/pferd\/author\/brigid\/\"}]}<\/script>\n<!-- \/ Yoast SEO plugin. -->","yoast_head_json":{"title":"hilfe, mein pferd ist in der pubert\u00e4t! - denktier pferd","description":"was ist dran an der gef\u00fcrchteten pubert\u00e4t beim pferd und was sind die wirklichen ursachen f\u00fcr probleme und \"widersetzlichkeit\"?","robots":{"index":"index","follow":"follow","max-snippet":"max-snippet:-1","max-image-preview":"max-image-preview:large","max-video-preview":"max-video-preview:-1"},"canonical":"https:\/\/denktier.at\/pferd\/2023\/09\/22\/hilfe-mein-pferd-ist-in-der-pubertaet\/","og_locale":"de_DE","og_type":"article","og_title":"hilfe, mein pferd ist in der pubert\u00e4t! - denktier pferd","og_description":"was ist dran an der gef\u00fcrchteten pubert\u00e4t beim pferd und was sind die wirklichen ursachen f\u00fcr probleme und \"widersetzlichkeit\"?","og_url":"https:\/\/denktier.at\/pferd\/2023\/09\/22\/hilfe-mein-pferd-ist-in-der-pubertaet\/","og_site_name":"denktier pferd","article_published_time":"2023-09-22T13:16:38+00:00","article_modified_time":"2023-09-22T13:17:26+00:00","og_image":[{"width":1640,"height":924,"url":"https:\/\/denktier.at\/pferd\/wp-content\/uploads\/2023\/09\/pferde-blog-7-1.jpg","type":"image\/jpeg"}],"author":"brigid","twitter_card":"summary_large_image","twitter_misc":{"Verfasst von":"brigid","Gesch\u00e4tzte Lesezeit":"6 Minuten"},"schema":{"@context":"https:\/\/schema.org","@graph":[{"@type":"Article","@id":"https:\/\/denktier.at\/pferd\/2023\/09\/22\/hilfe-mein-pferd-ist-in-der-pubertaet\/#article","isPartOf":{"@id":"https:\/\/denktier.at\/pferd\/2023\/09\/22\/hilfe-mein-pferd-ist-in-der-pubertaet\/"},"author":{"name":"brigid","@id":"https:\/\/denktier.at\/pferd\/#\/schema\/person\/a450dfa4b955cd9290eeb589dc2caddf"},"headline":"hilfe, mein pferd ist in der pubert\u00e4t!","datePublished":"2023-09-22T13:16:38+00:00","dateModified":"2023-09-22T13:17:26+00:00","mainEntityOfPage":{"@id":"https:\/\/denktier.at\/pferd\/2023\/09\/22\/hilfe-mein-pferd-ist-in-der-pubertaet\/"},"wordCount":1062,"image":{"@id":"https:\/\/denktier.at\/pferd\/2023\/09\/22\/hilfe-mein-pferd-ist-in-der-pubertaet\/#primaryimage"},"thumbnailUrl":"https:\/\/denktier.at\/pferd\/wp-content\/uploads\/2023\/09\/pferde-blog-7-1.jpg","articleSection":["ausbildung","verhalten"],"inLanguage":"de-AT"},{"@type":"WebPage","@id":"https:\/\/denktier.at\/pferd\/2023\/09\/22\/hilfe-mein-pferd-ist-in-der-pubertaet\/","url":"https:\/\/denktier.at\/pferd\/2023\/09\/22\/hilfe-mein-pferd-ist-in-der-pubertaet\/","name":"hilfe, mein pferd ist in der pubert\u00e4t! - denktier pferd","isPartOf":{"@id":"https:\/\/denktier.at\/pferd\/#website"},"primaryImageOfPage":{"@id":"https:\/\/denktier.at\/pferd\/2023\/09\/22\/hilfe-mein-pferd-ist-in-der-pubertaet\/#primaryimage"},"image":{"@id":"https:\/\/denktier.at\/pferd\/2023\/09\/22\/hilfe-mein-pferd-ist-in-der-pubertaet\/#primaryimage"},"thumbnailUrl":"https:\/\/denktier.at\/pferd\/wp-content\/uploads\/2023\/09\/pferde-blog-7-1.jpg","datePublished":"2023-09-22T13:16:38+00:00","dateModified":"2023-09-22T13:17:26+00:00","author":{"@id":"https:\/\/denktier.at\/pferd\/#\/schema\/person\/a450dfa4b955cd9290eeb589dc2caddf"},"description":"was ist dran an der gef\u00fcrchteten pubert\u00e4t beim pferd und was sind die wirklichen ursachen f\u00fcr probleme und \"widersetzlichkeit\"?","breadcrumb":{"@id":"https:\/\/denktier.at\/pferd\/2023\/09\/22\/hilfe-mein-pferd-ist-in-der-pubertaet\/#breadcrumb"},"inLanguage":"de-AT","potentialAction":[{"@type":"ReadAction","target":["https:\/\/denktier.at\/pferd\/2023\/09\/22\/hilfe-mein-pferd-ist-in-der-pubertaet\/"]}]},{"@type":"ImageObject","inLanguage":"de-AT","@id":"https:\/\/denktier.at\/pferd\/2023\/09\/22\/hilfe-mein-pferd-ist-in-der-pubertaet\/#primaryimage","url":"https:\/\/denktier.at\/pferd\/wp-content\/uploads\/2023\/09\/pferde-blog-7-1.jpg","contentUrl":"https:\/\/denktier.at\/pferd\/wp-content\/uploads\/2023\/09\/pferde-blog-7-1.jpg","width":1640,"height":924,"caption":"pferd in der pubert\u00e4t"},{"@type":"BreadcrumbList","@id":"https:\/\/denktier.at\/pferd\/2023\/09\/22\/hilfe-mein-pferd-ist-in-der-pubertaet\/#breadcrumb","itemListElement":[{"@type":"ListItem","position":1,"name":"Home","item":"https:\/\/denktier.at\/pferd\/"},{"@type":"ListItem","position":2,"name":"hilfe, mein pferd ist in der pubert\u00e4t!"}]},{"@type":"WebSite","@id":"https:\/\/denktier.at\/pferd\/#website","url":"https:\/\/denktier.at\/pferd\/","name":"denktier pferd","description":"","potentialAction":[{"@type":"SearchAction","target":{"@type":"EntryPoint","urlTemplate":"https:\/\/denktier.at\/pferd\/?s={search_term_string}"},"query-input":{"@type":"PropertyValueSpecification","valueRequired":true,"valueName":"search_term_string"}}],"inLanguage":"de-AT"},{"@type":"Person","@id":"https:\/\/denktier.at\/pferd\/#\/schema\/person\/a450dfa4b955cd9290eeb589dc2caddf","name":"brigid","image":{"@type":"ImageObject","inLanguage":"de-AT","@id":"https:\/\/secure.gravatar.com\/avatar\/e4194f972046db80294d79daa065f609498fda96e97e70bb961ac7e8afd9a3cb?s=96&d=mm&r=g","url":"https:\/\/secure.gravatar.com\/avatar\/e4194f972046db80294d79daa065f609498fda96e97e70bb961ac7e8afd9a3cb?s=96&d=mm&r=g","contentUrl":"https:\/\/secure.gravatar.com\/avatar\/e4194f972046db80294d79daa065f609498fda96e97e70bb961ac7e8afd9a3cb?s=96&d=mm&r=g","caption":"brigid"},"sameAs":["https:\/\/denktier.at\/pferd"],"url":"https:\/\/denktier.at\/pferd\/author\/brigid\/"}]}},"_links":{"self":[{"href":"https:\/\/denktier.at\/pferd\/wp-json\/wp\/v2\/posts\/613","targetHints":{"allow":["GET"]}}],"collection":[{"href":"https:\/\/denktier.at\/pferd\/wp-json\/wp\/v2\/posts"}],"about":[{"href":"https:\/\/denktier.at\/pferd\/wp-json\/wp\/v2\/types\/post"}],"author":[{"embeddable":true,"href":"https:\/\/denktier.at\/pferd\/wp-json\/wp\/v2\/users\/1"}],"replies":[{"embeddable":true,"href":"https:\/\/denktier.at\/pferd\/wp-json\/wp\/v2\/comments?post=613"}],"version-history":[{"count":3,"href":"https:\/\/denktier.at\/pferd\/wp-json\/wp\/v2\/posts\/613\/revisions"}],"predecessor-version":[{"id":617,"href":"https:\/\/denktier.at\/pferd\/wp-json\/wp\/v2\/posts\/613\/revisions\/617"}],"wp:featuredmedia":[{"embeddable":true,"href":"https:\/\/denktier.at\/pferd\/wp-json\/wp\/v2\/media\/614"}],"wp:attachment":[{"href":"https:\/\/denktier.at\/pferd\/wp-json\/wp\/v2\/media?parent=613"}],"wp:term":[{"taxonomy":"category","embeddable":true,"href":"https:\/\/denktier.at\/pferd\/wp-json\/wp\/v2\/categories?post=613"},{"taxonomy":"post_tag","embeddable":true,"href":"https:\/\/denktier.at\/pferd\/wp-json\/wp\/v2\/tags?post=613"}],"curies":[{"name":"wp","href":"https:\/\/api.w.org\/{rel}","templated":true}]}}