{"id":609,"date":"2023-09-08T21:01:37","date_gmt":"2023-09-08T19:01:37","guid":{"rendered":"https:\/\/denktier.at\/pferd\/?p=609"},"modified":"2023-09-08T21:01:37","modified_gmt":"2023-09-08T19:01:37","slug":"probleme-beim-losgehen-oder-antreten-warum-das-pferd-nicht-in-die-gaenge-kommt","status":"publish","type":"post","link":"https:\/\/denktier.at\/pferd\/2023\/09\/08\/probleme-beim-losgehen-oder-antreten-warum-das-pferd-nicht-in-die-gaenge-kommt\/","title":{"rendered":"probleme beim losgehen oder antreten: warum das pferd nicht in die g\u00e4nge kommt"},"content":{"rendered":"<p>es gibt so pferde, die schwer in bewegung zu setzen sind.<br \/>\nwill man mit ihnen am f\u00fchrstrick losgehen oder sie unterm sattel antreten lassen, ist das z\u00e4h und erfordert einiges an &#8222;\u00fcberredung&#8220;.<\/p>\n<p>das hat nat\u00fcrlich seine gr\u00fcnde.<br \/>\nnein, nicht &#8222;faulheit&#8220; beim pferd ist die hauptursache, meist liegt das problem ganz wo anders.<\/p>\n<p><img loading=\"lazy\" decoding=\"async\" class=\"aligncenter wp-image-610\" src=\"https:\/\/denktier.at\/pferd\/wp-content\/uploads\/2023\/09\/pferde-blog-7.jpg\" alt=\"probleme beim antreten\" width=\"640\" height=\"361\" srcset=\"https:\/\/denktier.at\/pferd\/wp-content\/uploads\/2023\/09\/pferde-blog-7.jpg 1640w, https:\/\/denktier.at\/pferd\/wp-content\/uploads\/2023\/09\/pferde-blog-7-300x169.jpg 300w, https:\/\/denktier.at\/pferd\/wp-content\/uploads\/2023\/09\/pferde-blog-7-1024x577.jpg 1024w, https:\/\/denktier.at\/pferd\/wp-content\/uploads\/2023\/09\/pferde-blog-7-768x433.jpg 768w, https:\/\/denktier.at\/pferd\/wp-content\/uploads\/2023\/09\/pferde-blog-7-1536x865.jpg 1536w, https:\/\/denktier.at\/pferd\/wp-content\/uploads\/2023\/09\/pferde-blog-7-600x338.jpg 600w\" sizes=\"auto, (max-width: 640px) 100vw, 640px\" \/><\/p>\n<h2 style=\"padding-left: 80px;\">1.\u00a0 k\u00f6rperliche ladehemmung<\/h2>\n<p style=\"padding-left: 80px;\">das hauptproblem ist in aller regel ein k\u00f6rperliches.<br \/>\nn\u00e4mlich fehlendes gleichgewicht und vorhandlastigkeit.<\/p>\n<p style=\"padding-left: 80px;\">wenn das pferd n\u00e4mlich steht und das meiste gewicht auf den vorderbeinen tr\u00e4gt,<br \/>\ndann ist das losgehen gar nicht so einfach.<\/p>\n<p style=\"padding-left: 80px;\">(das kann jede\/r f\u00fcr sich ausprobieren:<br \/>\neinfach auf alle viere auf den boden, gewicht ganz vor auf die h\u00e4nde verlagern<br \/>\nund dann mal auf allen vieren loslaufen &#8211; nicht so leicht!)<\/p>\n<p style=\"padding-left: 80px;\">das pferd wei\u00df buchst\u00e4blich nicht recht, wie es seine beine vom fleck kriegt.<br \/>\nkommt dann die unwillk\u00fcrliche reaktion des menschen dazu &#8211;<br \/>\nn\u00e4mlich am strick ziehen, damit das pferd sich endlich bewegt &#8211;<br \/>\nschl\u00e4gt der gegenreflex zu: auf zug kommt im reflex der gegenzug.<br \/>\ndas pferd zieht also gegen den menschen und nach hinten,<br \/>\nwas erst recht keine vorw\u00e4rtsbewegung ergibt.<\/p>\n<p style=\"padding-left: 80px;\">auf die schnelle kann man dem pferd helfen, indem man<br \/>\nerstens nicht zieht.<br \/>\nzweitens nicht gradeaus nach vorne losgeht, sondern das pferd in eine kleine kurve von sich weg f\u00fchrt.<\/p>\n<p style=\"padding-left: 80px;\">dazu dr\u00fcckt man sachte den kopf des pferdes nach au\u00dfen<br \/>\nund geht auf es zu mit der intention, es ein oder zwei schritte von sich weg nach au\u00dfen zu f\u00fchren.<\/p>\n<p style=\"padding-left: 80px;\">das veranlasst das pferd dazu, sein gleichgewicht etwas zu verlagern und einen seitlichen ausfallschritt zu machen.<br \/>\ndamit ist das angewurzelt sein bereits gelockert und es kann leichter noch einen schritt zur seite tun<br \/>\nund dann in eine normale vorw\u00e4rtsbewegung kommen.<\/p>\n<p style=\"padding-left: 80px;\">auf lange sicht hilft am besten, an der verbesserung des gleichgewichts vom pferd zu arbeiten<br \/>\nund seine hinterhand zu aktivieren.<\/p>\n<p style=\"padding-left: 80px;\">das eigentliche problem ist ja nicht das loslaufen, sondern dass das pferd so auf der vorhand liegt.<br \/>\nund da muss man es weg holen.<\/p>\n<h2 style=\"padding-left: 80px;\">2. emotionale blockade<\/h2>\n<p style=\"padding-left: 80px;\">in selteneren f\u00e4llen liegt tats\u00e4chliche &#8222;unlust&#8220; vor und das pferd will deswegen nicht losgehen,<br \/>\nweil es meideverhalten an den tag legt.<\/p>\n<p style=\"padding-left: 80px;\">das ist nun keine sache von &#8222;sturer gaul&#8220; oder so,<br \/>\nsondern von lernerfahrungen, die das pferd gemacht hat.<\/p>\n<p style=\"padding-left: 80px;\">wenn bislang das weggef\u00fchrt werden von der herde in die soziale isolation gef\u00fchrt hat<br \/>\n(weil das pferd allein sein schlecht verkraftet)<br \/>\noder wenn es in anstrengende reit- oder arbeitseinheiten gem\u00fcndet hat,<br \/>\ndie es \u00fcberfordert haben oder wo es mit zu viel druck gearbeitet wurde,<br \/>\ndann verbindet es mit dem losgehen in eine bestimmte richtung zu recht negative erwartungen<br \/>\nund w\u00fcrde sich dem bevorstehenden \u00fcbel gerne entziehen.<\/p>\n<p style=\"padding-left: 80px;\">emotionale blockaden erkennt man daran, dass sie situatonsbezogen auftreten:<br \/>\ndas pferd geht mit einem bestimmten menschen oder in einer bestimmten situation<br \/>\noder in eine bestimmte richtung nicht los,<br \/>\nin andere aber problemlos.<\/p>\n<p style=\"padding-left: 80px;\">aufl\u00f6sen l\u00e4sst sich das auch hier wie oben beschrieben mit einem antreten nach au\u00dfen und vom menschen weg.<br \/>\ndie eigentliche l\u00f6sung muss man aber in den tieferliegenden ursachen finden<br \/>\nund daran arbeiten, dass das pferd mit jenen situationen, die es derzeit meiden m\u00f6chte,<br \/>\nwieder positive erfahrungen machen kann und man das training anders angeht oder neu aufbaut.<\/p>\n<p>\u00fcbrigens: druck von hinten (via gerte oder strick) mag in dem moment das pferd in gang bringen<br \/>\n(und gelegentlich mal unvermeidlich sein),<br \/>\neine ausbalancierte bewegung oder eine freudiges losgehen entstehen daraus aber nicht.<br \/>\nda hilft nur ein angehen der eigentlichen ursachen&#8230;.<\/p>\n","protected":false},"excerpt":{"rendered":"<p>es gibt so pferde, die schwer in bewegung zu setzen sind. will man mit ihnen am f\u00fchrstrick losgehen oder sie unterm sattel antreten lassen, ist das z\u00e4h und erfordert einiges an &#8222;\u00fcberredung&#8220;. das hat nat\u00fcrlich seine gr\u00fcnde. nein, nicht &#8222;faulheit&#8220; beim pferd ist die hauptursache, meist liegt das problem ganz wo anders. 1.\u00a0 k\u00f6rperliche ladehemmung [&hellip;]<\/p>\n","protected":false},"author":1,"featured_media":610,"comment_status":"closed","ping_status":"closed","sticky":false,"template":"","format":"standard","meta":{"footnotes":""},"categories":[1],"tags":[],"class_list":["post-609","post","type-post","status-publish","format-standard","has-post-thumbnail","hentry","category-allgemein","post-wrapper","thrv_wrapper"],"yoast_head":"<!-- This site is optimized with the Yoast SEO plugin v27.2 - https:\/\/yoast.com\/product\/yoast-seo-wordpress\/ -->\n<title>probleme beim losgehen oder antreten: warum das pferd nicht in die g\u00e4nge kommt - denktier pferd<\/title>\n<meta name=\"description\" content=\"wenn das pferd nicht in die g\u00e4nge kommt und das antreten m\u00fchsam wird, ist es wichtig, den richtigen ansatz f\u00fcr die l\u00f6sung des problems zu finden.\" \/>\n<meta name=\"robots\" content=\"index, follow, max-snippet:-1, max-image-preview:large, max-video-preview:-1\" \/>\n<link rel=\"canonical\" href=\"https:\/\/denktier.at\/pferd\/2023\/09\/08\/probleme-beim-losgehen-oder-antreten-warum-das-pferd-nicht-in-die-gaenge-kommt\/\" \/>\n<meta property=\"og:locale\" content=\"de_DE\" \/>\n<meta property=\"og:type\" content=\"article\" \/>\n<meta property=\"og:title\" content=\"probleme beim losgehen oder antreten: warum das pferd nicht in die g\u00e4nge kommt - denktier pferd\" \/>\n<meta property=\"og:description\" content=\"wenn das pferd nicht in die g\u00e4nge kommt und das antreten m\u00fchsam wird, ist es wichtig, den richtigen ansatz f\u00fcr die l\u00f6sung des problems zu finden.\" \/>\n<meta property=\"og:url\" content=\"https:\/\/denktier.at\/pferd\/2023\/09\/08\/probleme-beim-losgehen-oder-antreten-warum-das-pferd-nicht-in-die-gaenge-kommt\/\" \/>\n<meta property=\"og:site_name\" content=\"denktier pferd\" \/>\n<meta property=\"article:published_time\" content=\"2023-09-08T19:01:37+00:00\" \/>\n<meta property=\"og:image\" content=\"https:\/\/denktier.at\/pferd\/wp-content\/uploads\/2023\/09\/pferde-blog-7.jpg\" \/>\n\t<meta property=\"og:image:width\" content=\"1640\" \/>\n\t<meta property=\"og:image:height\" content=\"924\" \/>\n\t<meta property=\"og:image:type\" content=\"image\/jpeg\" \/>\n<meta name=\"author\" content=\"brigid\" \/>\n<meta name=\"twitter:card\" content=\"summary_large_image\" \/>\n<meta name=\"twitter:label1\" content=\"Verfasst von\" \/>\n\t<meta name=\"twitter:data1\" content=\"brigid\" \/>\n\t<meta name=\"twitter:label2\" content=\"Gesch\u00e4tzte Lesezeit\" \/>\n\t<meta name=\"twitter:data2\" content=\"4 Minuten\" \/>\n<script type=\"application\/ld+json\" class=\"yoast-schema-graph\">{\"@context\":\"https:\/\/schema.org\",\"@graph\":[{\"@type\":\"Article\",\"@id\":\"https:\/\/denktier.at\/pferd\/2023\/09\/08\/probleme-beim-losgehen-oder-antreten-warum-das-pferd-nicht-in-die-gaenge-kommt\/#article\",\"isPartOf\":{\"@id\":\"https:\/\/denktier.at\/pferd\/2023\/09\/08\/probleme-beim-losgehen-oder-antreten-warum-das-pferd-nicht-in-die-gaenge-kommt\/\"},\"author\":{\"name\":\"brigid\",\"@id\":\"https:\/\/denktier.at\/pferd\/#\/schema\/person\/a450dfa4b955cd9290eeb589dc2caddf\"},\"headline\":\"probleme beim losgehen oder antreten: warum das pferd nicht in die g\u00e4nge kommt\",\"datePublished\":\"2023-09-08T19:01:37+00:00\",\"mainEntityOfPage\":{\"@id\":\"https:\/\/denktier.at\/pferd\/2023\/09\/08\/probleme-beim-losgehen-oder-antreten-warum-das-pferd-nicht-in-die-gaenge-kommt\/\"},\"wordCount\":608,\"image\":{\"@id\":\"https:\/\/denktier.at\/pferd\/2023\/09\/08\/probleme-beim-losgehen-oder-antreten-warum-das-pferd-nicht-in-die-gaenge-kommt\/#primaryimage\"},\"thumbnailUrl\":\"https:\/\/denktier.at\/pferd\/wp-content\/uploads\/2023\/09\/pferde-blog-7.jpg\",\"inLanguage\":\"de-AT\"},{\"@type\":\"WebPage\",\"@id\":\"https:\/\/denktier.at\/pferd\/2023\/09\/08\/probleme-beim-losgehen-oder-antreten-warum-das-pferd-nicht-in-die-gaenge-kommt\/\",\"url\":\"https:\/\/denktier.at\/pferd\/2023\/09\/08\/probleme-beim-losgehen-oder-antreten-warum-das-pferd-nicht-in-die-gaenge-kommt\/\",\"name\":\"probleme beim losgehen oder antreten: warum das pferd nicht in die g\u00e4nge kommt - denktier pferd\",\"isPartOf\":{\"@id\":\"https:\/\/denktier.at\/pferd\/#website\"},\"primaryImageOfPage\":{\"@id\":\"https:\/\/denktier.at\/pferd\/2023\/09\/08\/probleme-beim-losgehen-oder-antreten-warum-das-pferd-nicht-in-die-gaenge-kommt\/#primaryimage\"},\"image\":{\"@id\":\"https:\/\/denktier.at\/pferd\/2023\/09\/08\/probleme-beim-losgehen-oder-antreten-warum-das-pferd-nicht-in-die-gaenge-kommt\/#primaryimage\"},\"thumbnailUrl\":\"https:\/\/denktier.at\/pferd\/wp-content\/uploads\/2023\/09\/pferde-blog-7.jpg\",\"datePublished\":\"2023-09-08T19:01:37+00:00\",\"author\":{\"@id\":\"https:\/\/denktier.at\/pferd\/#\/schema\/person\/a450dfa4b955cd9290eeb589dc2caddf\"},\"description\":\"wenn das pferd nicht in die g\u00e4nge kommt und das antreten m\u00fchsam wird, ist es wichtig, den richtigen ansatz f\u00fcr die l\u00f6sung des problems zu finden.\",\"breadcrumb\":{\"@id\":\"https:\/\/denktier.at\/pferd\/2023\/09\/08\/probleme-beim-losgehen-oder-antreten-warum-das-pferd-nicht-in-die-gaenge-kommt\/#breadcrumb\"},\"inLanguage\":\"de-AT\",\"potentialAction\":[{\"@type\":\"ReadAction\",\"target\":[\"https:\/\/denktier.at\/pferd\/2023\/09\/08\/probleme-beim-losgehen-oder-antreten-warum-das-pferd-nicht-in-die-gaenge-kommt\/\"]}]},{\"@type\":\"ImageObject\",\"inLanguage\":\"de-AT\",\"@id\":\"https:\/\/denktier.at\/pferd\/2023\/09\/08\/probleme-beim-losgehen-oder-antreten-warum-das-pferd-nicht-in-die-gaenge-kommt\/#primaryimage\",\"url\":\"https:\/\/denktier.at\/pferd\/wp-content\/uploads\/2023\/09\/pferde-blog-7.jpg\",\"contentUrl\":\"https:\/\/denktier.at\/pferd\/wp-content\/uploads\/2023\/09\/pferde-blog-7.jpg\",\"width\":1640,\"height\":924,\"caption\":\"probleme beim antreten\"},{\"@type\":\"BreadcrumbList\",\"@id\":\"https:\/\/denktier.at\/pferd\/2023\/09\/08\/probleme-beim-losgehen-oder-antreten-warum-das-pferd-nicht-in-die-gaenge-kommt\/#breadcrumb\",\"itemListElement\":[{\"@type\":\"ListItem\",\"position\":1,\"name\":\"Home\",\"item\":\"https:\/\/denktier.at\/pferd\/\"},{\"@type\":\"ListItem\",\"position\":2,\"name\":\"probleme beim losgehen oder antreten: warum das pferd nicht in die g\u00e4nge kommt\"}]},{\"@type\":\"WebSite\",\"@id\":\"https:\/\/denktier.at\/pferd\/#website\",\"url\":\"https:\/\/denktier.at\/pferd\/\",\"name\":\"denktier pferd\",\"description\":\"\",\"potentialAction\":[{\"@type\":\"SearchAction\",\"target\":{\"@type\":\"EntryPoint\",\"urlTemplate\":\"https:\/\/denktier.at\/pferd\/?s={search_term_string}\"},\"query-input\":{\"@type\":\"PropertyValueSpecification\",\"valueRequired\":true,\"valueName\":\"search_term_string\"}}],\"inLanguage\":\"de-AT\"},{\"@type\":\"Person\",\"@id\":\"https:\/\/denktier.at\/pferd\/#\/schema\/person\/a450dfa4b955cd9290eeb589dc2caddf\",\"name\":\"brigid\",\"image\":{\"@type\":\"ImageObject\",\"inLanguage\":\"de-AT\",\"@id\":\"https:\/\/secure.gravatar.com\/avatar\/e4194f972046db80294d79daa065f609498fda96e97e70bb961ac7e8afd9a3cb?s=96&d=mm&r=g\",\"url\":\"https:\/\/secure.gravatar.com\/avatar\/e4194f972046db80294d79daa065f609498fda96e97e70bb961ac7e8afd9a3cb?s=96&d=mm&r=g\",\"contentUrl\":\"https:\/\/secure.gravatar.com\/avatar\/e4194f972046db80294d79daa065f609498fda96e97e70bb961ac7e8afd9a3cb?s=96&d=mm&r=g\",\"caption\":\"brigid\"},\"sameAs\":[\"https:\/\/denktier.at\/pferd\"],\"url\":\"https:\/\/denktier.at\/pferd\/author\/brigid\/\"}]}<\/script>\n<!-- \/ Yoast SEO plugin. -->","yoast_head_json":{"title":"probleme beim losgehen oder antreten: warum das pferd nicht in die g\u00e4nge kommt - denktier pferd","description":"wenn das pferd nicht in die g\u00e4nge kommt und das antreten m\u00fchsam wird, ist es wichtig, den richtigen ansatz f\u00fcr die l\u00f6sung des problems zu finden.","robots":{"index":"index","follow":"follow","max-snippet":"max-snippet:-1","max-image-preview":"max-image-preview:large","max-video-preview":"max-video-preview:-1"},"canonical":"https:\/\/denktier.at\/pferd\/2023\/09\/08\/probleme-beim-losgehen-oder-antreten-warum-das-pferd-nicht-in-die-gaenge-kommt\/","og_locale":"de_DE","og_type":"article","og_title":"probleme beim losgehen oder antreten: warum das pferd nicht in die g\u00e4nge kommt - denktier pferd","og_description":"wenn das pferd nicht in die g\u00e4nge kommt und das antreten m\u00fchsam wird, ist es wichtig, den richtigen ansatz f\u00fcr die l\u00f6sung des problems zu finden.","og_url":"https:\/\/denktier.at\/pferd\/2023\/09\/08\/probleme-beim-losgehen-oder-antreten-warum-das-pferd-nicht-in-die-gaenge-kommt\/","og_site_name":"denktier pferd","article_published_time":"2023-09-08T19:01:37+00:00","og_image":[{"width":1640,"height":924,"url":"https:\/\/denktier.at\/pferd\/wp-content\/uploads\/2023\/09\/pferde-blog-7.jpg","type":"image\/jpeg"}],"author":"brigid","twitter_card":"summary_large_image","twitter_misc":{"Verfasst von":"brigid","Gesch\u00e4tzte Lesezeit":"4 Minuten"},"schema":{"@context":"https:\/\/schema.org","@graph":[{"@type":"Article","@id":"https:\/\/denktier.at\/pferd\/2023\/09\/08\/probleme-beim-losgehen-oder-antreten-warum-das-pferd-nicht-in-die-gaenge-kommt\/#article","isPartOf":{"@id":"https:\/\/denktier.at\/pferd\/2023\/09\/08\/probleme-beim-losgehen-oder-antreten-warum-das-pferd-nicht-in-die-gaenge-kommt\/"},"author":{"name":"brigid","@id":"https:\/\/denktier.at\/pferd\/#\/schema\/person\/a450dfa4b955cd9290eeb589dc2caddf"},"headline":"probleme beim losgehen oder antreten: warum das pferd nicht in die g\u00e4nge kommt","datePublished":"2023-09-08T19:01:37+00:00","mainEntityOfPage":{"@id":"https:\/\/denktier.at\/pferd\/2023\/09\/08\/probleme-beim-losgehen-oder-antreten-warum-das-pferd-nicht-in-die-gaenge-kommt\/"},"wordCount":608,"image":{"@id":"https:\/\/denktier.at\/pferd\/2023\/09\/08\/probleme-beim-losgehen-oder-antreten-warum-das-pferd-nicht-in-die-gaenge-kommt\/#primaryimage"},"thumbnailUrl":"https:\/\/denktier.at\/pferd\/wp-content\/uploads\/2023\/09\/pferde-blog-7.jpg","inLanguage":"de-AT"},{"@type":"WebPage","@id":"https:\/\/denktier.at\/pferd\/2023\/09\/08\/probleme-beim-losgehen-oder-antreten-warum-das-pferd-nicht-in-die-gaenge-kommt\/","url":"https:\/\/denktier.at\/pferd\/2023\/09\/08\/probleme-beim-losgehen-oder-antreten-warum-das-pferd-nicht-in-die-gaenge-kommt\/","name":"probleme beim losgehen oder antreten: warum das pferd nicht in die g\u00e4nge kommt - denktier pferd","isPartOf":{"@id":"https:\/\/denktier.at\/pferd\/#website"},"primaryImageOfPage":{"@id":"https:\/\/denktier.at\/pferd\/2023\/09\/08\/probleme-beim-losgehen-oder-antreten-warum-das-pferd-nicht-in-die-gaenge-kommt\/#primaryimage"},"image":{"@id":"https:\/\/denktier.at\/pferd\/2023\/09\/08\/probleme-beim-losgehen-oder-antreten-warum-das-pferd-nicht-in-die-gaenge-kommt\/#primaryimage"},"thumbnailUrl":"https:\/\/denktier.at\/pferd\/wp-content\/uploads\/2023\/09\/pferde-blog-7.jpg","datePublished":"2023-09-08T19:01:37+00:00","author":{"@id":"https:\/\/denktier.at\/pferd\/#\/schema\/person\/a450dfa4b955cd9290eeb589dc2caddf"},"description":"wenn das pferd nicht in die g\u00e4nge kommt und das antreten m\u00fchsam wird, ist es wichtig, den richtigen ansatz f\u00fcr die l\u00f6sung des problems zu finden.","breadcrumb":{"@id":"https:\/\/denktier.at\/pferd\/2023\/09\/08\/probleme-beim-losgehen-oder-antreten-warum-das-pferd-nicht-in-die-gaenge-kommt\/#breadcrumb"},"inLanguage":"de-AT","potentialAction":[{"@type":"ReadAction","target":["https:\/\/denktier.at\/pferd\/2023\/09\/08\/probleme-beim-losgehen-oder-antreten-warum-das-pferd-nicht-in-die-gaenge-kommt\/"]}]},{"@type":"ImageObject","inLanguage":"de-AT","@id":"https:\/\/denktier.at\/pferd\/2023\/09\/08\/probleme-beim-losgehen-oder-antreten-warum-das-pferd-nicht-in-die-gaenge-kommt\/#primaryimage","url":"https:\/\/denktier.at\/pferd\/wp-content\/uploads\/2023\/09\/pferde-blog-7.jpg","contentUrl":"https:\/\/denktier.at\/pferd\/wp-content\/uploads\/2023\/09\/pferde-blog-7.jpg","width":1640,"height":924,"caption":"probleme beim antreten"},{"@type":"BreadcrumbList","@id":"https:\/\/denktier.at\/pferd\/2023\/09\/08\/probleme-beim-losgehen-oder-antreten-warum-das-pferd-nicht-in-die-gaenge-kommt\/#breadcrumb","itemListElement":[{"@type":"ListItem","position":1,"name":"Home","item":"https:\/\/denktier.at\/pferd\/"},{"@type":"ListItem","position":2,"name":"probleme beim losgehen oder antreten: warum das pferd nicht in die g\u00e4nge kommt"}]},{"@type":"WebSite","@id":"https:\/\/denktier.at\/pferd\/#website","url":"https:\/\/denktier.at\/pferd\/","name":"denktier pferd","description":"","potentialAction":[{"@type":"SearchAction","target":{"@type":"EntryPoint","urlTemplate":"https:\/\/denktier.at\/pferd\/?s={search_term_string}"},"query-input":{"@type":"PropertyValueSpecification","valueRequired":true,"valueName":"search_term_string"}}],"inLanguage":"de-AT"},{"@type":"Person","@id":"https:\/\/denktier.at\/pferd\/#\/schema\/person\/a450dfa4b955cd9290eeb589dc2caddf","name":"brigid","image":{"@type":"ImageObject","inLanguage":"de-AT","@id":"https:\/\/secure.gravatar.com\/avatar\/e4194f972046db80294d79daa065f609498fda96e97e70bb961ac7e8afd9a3cb?s=96&d=mm&r=g","url":"https:\/\/secure.gravatar.com\/avatar\/e4194f972046db80294d79daa065f609498fda96e97e70bb961ac7e8afd9a3cb?s=96&d=mm&r=g","contentUrl":"https:\/\/secure.gravatar.com\/avatar\/e4194f972046db80294d79daa065f609498fda96e97e70bb961ac7e8afd9a3cb?s=96&d=mm&r=g","caption":"brigid"},"sameAs":["https:\/\/denktier.at\/pferd"],"url":"https:\/\/denktier.at\/pferd\/author\/brigid\/"}]}},"_links":{"self":[{"href":"https:\/\/denktier.at\/pferd\/wp-json\/wp\/v2\/posts\/609","targetHints":{"allow":["GET"]}}],"collection":[{"href":"https:\/\/denktier.at\/pferd\/wp-json\/wp\/v2\/posts"}],"about":[{"href":"https:\/\/denktier.at\/pferd\/wp-json\/wp\/v2\/types\/post"}],"author":[{"embeddable":true,"href":"https:\/\/denktier.at\/pferd\/wp-json\/wp\/v2\/users\/1"}],"replies":[{"embeddable":true,"href":"https:\/\/denktier.at\/pferd\/wp-json\/wp\/v2\/comments?post=609"}],"version-history":[{"count":1,"href":"https:\/\/denktier.at\/pferd\/wp-json\/wp\/v2\/posts\/609\/revisions"}],"predecessor-version":[{"id":611,"href":"https:\/\/denktier.at\/pferd\/wp-json\/wp\/v2\/posts\/609\/revisions\/611"}],"wp:featuredmedia":[{"embeddable":true,"href":"https:\/\/denktier.at\/pferd\/wp-json\/wp\/v2\/media\/610"}],"wp:attachment":[{"href":"https:\/\/denktier.at\/pferd\/wp-json\/wp\/v2\/media?parent=609"}],"wp:term":[{"taxonomy":"category","embeddable":true,"href":"https:\/\/denktier.at\/pferd\/wp-json\/wp\/v2\/categories?post=609"},{"taxonomy":"post_tag","embeddable":true,"href":"https:\/\/denktier.at\/pferd\/wp-json\/wp\/v2\/tags?post=609"}],"curies":[{"name":"wp","href":"https:\/\/api.w.org\/{rel}","templated":true}]}}