{"id":579,"date":"2023-08-11T20:06:01","date_gmt":"2023-08-11T18:06:01","guid":{"rendered":"https:\/\/denktier.at\/pferd\/?p=579"},"modified":"2023-08-25T18:42:45","modified_gmt":"2023-08-25T16:42:45","slug":"beachtenswertes-vom-biorhythmus-der-pferde","status":"publish","type":"post","link":"https:\/\/denktier.at\/pferd\/2023\/08\/11\/beachtenswertes-vom-biorhythmus-der-pferde\/","title":{"rendered":"beachtenswertes vom biorhythmus der pferde"},"content":{"rendered":"<p>auch pferde haben einen biorhythmus, wie wir menschen auch.<br \/>\nunter biorhythmus versteht man im lauf des tages wiederkehrende phasen wie zum beispiel den schlaf-wach-zyklus,<br \/>\noder jene phasen, wo das pferd aktiver ist und solche, wo es ruhiger unterwegs ist.<\/p>\n<p>allerdings l\u00e4uft das bei pferden deutlich anders ab als bei unsereins.<br \/>\nda wird nicht nachts geschlafen und tags &#8222;gewerkt&#8220;.<br \/>\nund anders als wir menschen ziehen sich pferde zum schlafen auch nicht nachts in eine &#8222;h\u00f6hle&#8220; zur\u00fcck<br \/>\nund verbringen nur die aktive zeit untertags im freien.<\/p>\n<h2>schlafen und fressen<\/h2>\n<p>pferde haben ein deutlich geringeres schlafbed\u00fcrfnis und kommen mit vier bis f\u00fcnf stunden schlaf aus.<br \/>\nallerdings gibt es auch zwischendurch immer mal ein bisschen ausruhen.<br \/>\nden rest der zeit verbringen pferde &#8211; wenn sie k\u00f6nnen &#8211; mit rund 16 stunden fressen und grasen.<\/p>\n<p>pferde sind oft in der d\u00e4mmerung aktiv, sowohl morgens wie abends.<br \/>\nam sp\u00e4ten vormittag oder mittag hingegen wird gern geruht.<br \/>\nauch in der nacht wechseln sich aktive phasen mit ruhephasen ab.<\/p>\n<p>vorausgesetzt die pferde haben die m\u00f6glichkeit dazu.<\/p>\n<p>die pferdehaltung und stallsysteme lassen das aber oft nicht zu.<br \/>\ndie regeln dort folgen eher dem rhythmus der menschen:<\/p>\n<p>untertags werden die pferde auf koppel oder weide gebracht,<br \/>\nabends heimgeholt in den stall oder ihre box, wo sie die nacht dann &#8222;gesch\u00fctzt&#8220; verbringen sollen.<br \/>\nsp\u00e4testens ab 22.00 uhr &#8211; in vielen stallungen noch viel fr\u00fcher &#8211; herrscht dann stallruhe.<\/p>\n<p>nicht mal das nat\u00fcrliche fressbed\u00fcrfnis k\u00f6nnen die pferde dabei immer stillen.<br \/>\nwenn es heu nur\u00a0 in mageren schnitten gibt und daf\u00fcr morgens und abends t\u00fcchtige kraftfutter-rationen verteilt werden,<br \/>\nverbringt das pferd h\u00f6chstens ein oder zwei stunden mit futteraufnahme statt der nat\u00fcrlichen 16 stunden.<\/p>\n<p>besonders hart trifft es pferde in boxenhaltung,<br \/>\nwenn sie abends nach dem kraftfutter nur ein kleines h\u00e4ufchen heu bekommen,<br \/>\ndas nach einer stunde aufgefuttert ist.<br \/>\nder rest der &#8211; dem biorhythmus nach durchaus aktiven nachtstunden &#8211; steht es sich in der box die beine in den bauch,<br \/>\nkann sich nicht viel bewegen und hat nichts zu knabbern.<\/p>\n<h2>wettervorlieben<\/h2>\n<p>nicht viel anders l\u00e4uft es \u00fcbrigens in sachen wetter.<br \/>\nauch da gehen wir von dem aus, was uns menschen zusagt.<\/p>\n<p>bei regenwetter bleiben die pferde im stall,<br \/>\nwenn es sch\u00f6n und sonnig ist, sind sie drau\u00dfen.<br \/>\n(oder so).<\/p>\n<p>jeder offenstall-mensch wird best\u00e4tigen k\u00f6nnen, dass die pferde das in der regel anders bevorzugen.<br \/>\nes regnet schon den ganzen tag leicht vor sich hin? die pferde stehen drau\u00dfen.<\/p>\n<p><img loading=\"lazy\" decoding=\"async\" class=\"aligncenter wp-image-605\" src=\"https:\/\/denktier.at\/pferd\/wp-content\/uploads\/2023\/08\/pferde-blog-9.jpg\" alt=\"biorhythmus pferd\" width=\"640\" height=\"361\" srcset=\"https:\/\/denktier.at\/pferd\/wp-content\/uploads\/2023\/08\/pferde-blog-9.jpg 1640w, https:\/\/denktier.at\/pferd\/wp-content\/uploads\/2023\/08\/pferde-blog-9-300x169.jpg 300w, https:\/\/denktier.at\/pferd\/wp-content\/uploads\/2023\/08\/pferde-blog-9-1024x577.jpg 1024w, https:\/\/denktier.at\/pferd\/wp-content\/uploads\/2023\/08\/pferde-blog-9-768x433.jpg 768w, https:\/\/denktier.at\/pferd\/wp-content\/uploads\/2023\/08\/pferde-blog-9-1536x865.jpg 1536w, https:\/\/denktier.at\/pferd\/wp-content\/uploads\/2023\/08\/pferde-blog-9-600x338.jpg 600w\" sizes=\"auto, (max-width: 640px) 100vw, 640px\" \/><br \/>\ndie sonne strahlt vom himmel? die pferde sind im stall .<br \/>\nweil warmes sommerwetter in der regel auch l\u00e4stige insekten bedeutet,<br \/>\nw\u00e4hrend ihnen ein bisschen wind oder regen gar nichts ausmacht.<\/p>\n<h2>artgerechte haltung<\/h2>\n<p>was bedeutet das nun f\u00fcr unsereins und f\u00fcr die haltung unserer pferde?<\/p>\n<p>erstens sollten wir einem stall den vorrang geben,<br \/>\nin dem die pferde nach lust und laune drinnen oder drau\u00dfen sein k\u00f6nnen<br \/>\nund in dem sie so viel raufutter und gras bekommen, dass es keine langen fresspausen gibt.<\/p>\n<p>in den meisten f\u00e4llen klappt das in einem offenstall am besten.<br \/>\ndabei gibt es aber auf einiges zu achten, mehr dazu dann demn\u00e4chst im <span style=\"color: #d40018;\"><strong><a style=\"color: #d40018;\" href=\"https:\/\/denktier.thrivecart.com\/webinar-offenstall\/\" target=\"_blank\" rel=\"noopener\">webinar &#8222;was muss ein guter offenstall bieten?&#8220;<\/a><\/strong><\/span><br \/>\n(du kannst dich gleich <span style=\"color: #d40018;\"><a style=\"color: #d40018;\" href=\"https:\/\/denktier.thrivecart.com\/webinar-offenstall\/\" target=\"_blank\" rel=\"noopener\">hier<\/a><\/span> dazu anmelden).<\/p>\n<p>zweitens k\u00f6nnen wir als pferdemenschen uns darum bem\u00fchen,<br \/>\nunser pferd uns seinen individuellen rhythmus gut kennenzulernen<br \/>\nund uns &#8211; soweit m\u00f6glich &#8211; mit den trainingseinheiten oder ausritten daran zu orientieren.<\/p>\n<p>es ist nicht weiter schlimm, wenn man das pferd mal ins einem mittagsschl\u00e4fchen st\u00f6rt<br \/>\nund f\u00fcr einen ausritt holt.<br \/>\nwenn das reiten oder das training aber jedesmal in eine ruhephase fallen, ist das sehr ung\u00fcnstig.<\/p>\n<p>andererseits st\u00f6rt es die pferde selber in der regel kaum,<br \/>\nwenn der mensch mal ganz fr\u00fch morgens, sp\u00e4t abends ider gar nachts dasteht<br \/>\nund was machen m\u00f6chte &#8211; da ist das pferd sowieso eher in einer aktivphase<br \/>\nund macht sogar gern mit.<\/p>\n<h2>fazit<\/h2>\n<p>f\u00fcrs training oder die bewegung des pferdes kann es manchmal schwierig sein,<br \/>\nden biorhythmus des pferdes und den des menschen (samt seiner zeitlichen vorgaben durch job &amp; co) deckungsgleich zu bekommen.<br \/>\ndrauf achten sollten wir trotzdem so gut wie m\u00f6glich.<\/p>\n<p>keine abstriche sollte man daf\u00fcr bei der haltung des pferdes und der auswahl des stalles machen.<br \/>\ndenn je mehr der den bed\u00fcrfnissen des pferdes entspricht und es ihm erlaubt, nach seinem eigenen rhythmus zu leben,<br \/>\ndesto stress\u00e4rmer und zufriedener lebt das pferd.<br \/>\nwas letztens endes auch uns menschen wieder zugute kommt&#8230;<\/p>\n<p>&nbsp;<\/p>\n<p>&nbsp;<\/p>\n","protected":false},"excerpt":{"rendered":"<p>auch pferde haben einen biorhythmus, wie wir menschen auch. unter biorhythmus versteht man im lauf des tages wiederkehrende phasen wie zum beispiel den schlaf-wach-zyklus, oder jene phasen, wo das pferd aktiver ist und solche, wo es ruhiger unterwegs ist. allerdings l\u00e4uft das bei pferden deutlich anders ab als bei unsereins. da wird nicht nachts geschlafen [&hellip;]<\/p>\n","protected":false},"author":1,"featured_media":605,"comment_status":"closed","ping_status":"closed","sticky":false,"template":"","format":"standard","meta":{"footnotes":""},"categories":[1],"tags":[],"class_list":["post-579","post","type-post","status-publish","format-standard","has-post-thumbnail","hentry","category-allgemein","post-wrapper","thrv_wrapper"],"yoast_head":"<!-- This site is optimized with the Yoast SEO plugin v27.2 - https:\/\/yoast.com\/product\/yoast-seo-wordpress\/ -->\n<title>beachtenswertes vom biorhythmus der pferde - denktier pferd<\/title>\n<meta name=\"description\" content=\"wenn wir das pferd in den stall stellen oder mit ihm was machen, folgen wir meist unserem eigenen biorhythmus und nicht dem des pferdes.\" \/>\n<meta name=\"robots\" content=\"index, follow, max-snippet:-1, max-image-preview:large, max-video-preview:-1\" \/>\n<link rel=\"canonical\" href=\"https:\/\/denktier.at\/pferd\/2023\/08\/11\/beachtenswertes-vom-biorhythmus-der-pferde\/\" \/>\n<meta property=\"og:locale\" content=\"de_DE\" \/>\n<meta property=\"og:type\" content=\"article\" \/>\n<meta property=\"og:title\" content=\"beachtenswertes vom biorhythmus der pferde - denktier pferd\" \/>\n<meta property=\"og:description\" content=\"wenn wir das pferd in den stall stellen oder mit ihm was machen, folgen wir meist unserem eigenen biorhythmus und nicht dem des pferdes.\" \/>\n<meta property=\"og:url\" content=\"https:\/\/denktier.at\/pferd\/2023\/08\/11\/beachtenswertes-vom-biorhythmus-der-pferde\/\" \/>\n<meta property=\"og:site_name\" content=\"denktier pferd\" \/>\n<meta property=\"article:published_time\" content=\"2023-08-11T18:06:01+00:00\" \/>\n<meta property=\"article:modified_time\" content=\"2023-08-25T16:42:45+00:00\" \/>\n<meta property=\"og:image\" content=\"https:\/\/denktier.at\/pferd\/wp-content\/uploads\/2023\/08\/pferde-blog-9.jpg\" \/>\n\t<meta property=\"og:image:width\" content=\"1640\" \/>\n\t<meta property=\"og:image:height\" content=\"924\" \/>\n\t<meta property=\"og:image:type\" content=\"image\/jpeg\" \/>\n<meta name=\"author\" content=\"brigid\" \/>\n<meta name=\"twitter:card\" content=\"summary_large_image\" \/>\n<meta name=\"twitter:label1\" content=\"Verfasst von\" \/>\n\t<meta name=\"twitter:data1\" content=\"brigid\" \/>\n\t<meta name=\"twitter:label2\" content=\"Gesch\u00e4tzte Lesezeit\" \/>\n\t<meta name=\"twitter:data2\" content=\"5 Minuten\" \/>\n<script type=\"application\/ld+json\" class=\"yoast-schema-graph\">{\"@context\":\"https:\/\/schema.org\",\"@graph\":[{\"@type\":\"Article\",\"@id\":\"https:\/\/denktier.at\/pferd\/2023\/08\/11\/beachtenswertes-vom-biorhythmus-der-pferde\/#article\",\"isPartOf\":{\"@id\":\"https:\/\/denktier.at\/pferd\/2023\/08\/11\/beachtenswertes-vom-biorhythmus-der-pferde\/\"},\"author\":{\"name\":\"brigid\",\"@id\":\"https:\/\/denktier.at\/pferd\/#\/schema\/person\/a450dfa4b955cd9290eeb589dc2caddf\"},\"headline\":\"beachtenswertes vom biorhythmus der pferde\",\"datePublished\":\"2023-08-11T18:06:01+00:00\",\"dateModified\":\"2023-08-25T16:42:45+00:00\",\"mainEntityOfPage\":{\"@id\":\"https:\/\/denktier.at\/pferd\/2023\/08\/11\/beachtenswertes-vom-biorhythmus-der-pferde\/\"},\"wordCount\":766,\"image\":{\"@id\":\"https:\/\/denktier.at\/pferd\/2023\/08\/11\/beachtenswertes-vom-biorhythmus-der-pferde\/#primaryimage\"},\"thumbnailUrl\":\"https:\/\/denktier.at\/pferd\/wp-content\/uploads\/2023\/08\/pferde-blog-9.jpg\",\"inLanguage\":\"de-AT\"},{\"@type\":\"WebPage\",\"@id\":\"https:\/\/denktier.at\/pferd\/2023\/08\/11\/beachtenswertes-vom-biorhythmus-der-pferde\/\",\"url\":\"https:\/\/denktier.at\/pferd\/2023\/08\/11\/beachtenswertes-vom-biorhythmus-der-pferde\/\",\"name\":\"beachtenswertes vom biorhythmus der pferde - denktier pferd\",\"isPartOf\":{\"@id\":\"https:\/\/denktier.at\/pferd\/#website\"},\"primaryImageOfPage\":{\"@id\":\"https:\/\/denktier.at\/pferd\/2023\/08\/11\/beachtenswertes-vom-biorhythmus-der-pferde\/#primaryimage\"},\"image\":{\"@id\":\"https:\/\/denktier.at\/pferd\/2023\/08\/11\/beachtenswertes-vom-biorhythmus-der-pferde\/#primaryimage\"},\"thumbnailUrl\":\"https:\/\/denktier.at\/pferd\/wp-content\/uploads\/2023\/08\/pferde-blog-9.jpg\",\"datePublished\":\"2023-08-11T18:06:01+00:00\",\"dateModified\":\"2023-08-25T16:42:45+00:00\",\"author\":{\"@id\":\"https:\/\/denktier.at\/pferd\/#\/schema\/person\/a450dfa4b955cd9290eeb589dc2caddf\"},\"description\":\"wenn wir das pferd in den stall stellen oder mit ihm was machen, folgen wir meist unserem eigenen biorhythmus und nicht dem des pferdes.\",\"breadcrumb\":{\"@id\":\"https:\/\/denktier.at\/pferd\/2023\/08\/11\/beachtenswertes-vom-biorhythmus-der-pferde\/#breadcrumb\"},\"inLanguage\":\"de-AT\",\"potentialAction\":[{\"@type\":\"ReadAction\",\"target\":[\"https:\/\/denktier.at\/pferd\/2023\/08\/11\/beachtenswertes-vom-biorhythmus-der-pferde\/\"]}]},{\"@type\":\"ImageObject\",\"inLanguage\":\"de-AT\",\"@id\":\"https:\/\/denktier.at\/pferd\/2023\/08\/11\/beachtenswertes-vom-biorhythmus-der-pferde\/#primaryimage\",\"url\":\"https:\/\/denktier.at\/pferd\/wp-content\/uploads\/2023\/08\/pferde-blog-9.jpg\",\"contentUrl\":\"https:\/\/denktier.at\/pferd\/wp-content\/uploads\/2023\/08\/pferde-blog-9.jpg\",\"width\":1640,\"height\":924,\"caption\":\"biorhythmus pferd\"},{\"@type\":\"BreadcrumbList\",\"@id\":\"https:\/\/denktier.at\/pferd\/2023\/08\/11\/beachtenswertes-vom-biorhythmus-der-pferde\/#breadcrumb\",\"itemListElement\":[{\"@type\":\"ListItem\",\"position\":1,\"name\":\"Home\",\"item\":\"https:\/\/denktier.at\/pferd\/\"},{\"@type\":\"ListItem\",\"position\":2,\"name\":\"beachtenswertes vom biorhythmus der pferde\"}]},{\"@type\":\"WebSite\",\"@id\":\"https:\/\/denktier.at\/pferd\/#website\",\"url\":\"https:\/\/denktier.at\/pferd\/\",\"name\":\"denktier pferd\",\"description\":\"\",\"potentialAction\":[{\"@type\":\"SearchAction\",\"target\":{\"@type\":\"EntryPoint\",\"urlTemplate\":\"https:\/\/denktier.at\/pferd\/?s={search_term_string}\"},\"query-input\":{\"@type\":\"PropertyValueSpecification\",\"valueRequired\":true,\"valueName\":\"search_term_string\"}}],\"inLanguage\":\"de-AT\"},{\"@type\":\"Person\",\"@id\":\"https:\/\/denktier.at\/pferd\/#\/schema\/person\/a450dfa4b955cd9290eeb589dc2caddf\",\"name\":\"brigid\",\"image\":{\"@type\":\"ImageObject\",\"inLanguage\":\"de-AT\",\"@id\":\"https:\/\/secure.gravatar.com\/avatar\/e4194f972046db80294d79daa065f609498fda96e97e70bb961ac7e8afd9a3cb?s=96&d=mm&r=g\",\"url\":\"https:\/\/secure.gravatar.com\/avatar\/e4194f972046db80294d79daa065f609498fda96e97e70bb961ac7e8afd9a3cb?s=96&d=mm&r=g\",\"contentUrl\":\"https:\/\/secure.gravatar.com\/avatar\/e4194f972046db80294d79daa065f609498fda96e97e70bb961ac7e8afd9a3cb?s=96&d=mm&r=g\",\"caption\":\"brigid\"},\"sameAs\":[\"https:\/\/denktier.at\/pferd\"],\"url\":\"https:\/\/denktier.at\/pferd\/author\/brigid\/\"}]}<\/script>\n<!-- \/ Yoast SEO plugin. -->","yoast_head_json":{"title":"beachtenswertes vom biorhythmus der pferde - denktier pferd","description":"wenn wir das pferd in den stall stellen oder mit ihm was machen, folgen wir meist unserem eigenen biorhythmus und nicht dem des pferdes.","robots":{"index":"index","follow":"follow","max-snippet":"max-snippet:-1","max-image-preview":"max-image-preview:large","max-video-preview":"max-video-preview:-1"},"canonical":"https:\/\/denktier.at\/pferd\/2023\/08\/11\/beachtenswertes-vom-biorhythmus-der-pferde\/","og_locale":"de_DE","og_type":"article","og_title":"beachtenswertes vom biorhythmus der pferde - denktier pferd","og_description":"wenn wir das pferd in den stall stellen oder mit ihm was machen, folgen wir meist unserem eigenen biorhythmus und nicht dem des pferdes.","og_url":"https:\/\/denktier.at\/pferd\/2023\/08\/11\/beachtenswertes-vom-biorhythmus-der-pferde\/","og_site_name":"denktier pferd","article_published_time":"2023-08-11T18:06:01+00:00","article_modified_time":"2023-08-25T16:42:45+00:00","og_image":[{"width":1640,"height":924,"url":"https:\/\/denktier.at\/pferd\/wp-content\/uploads\/2023\/08\/pferde-blog-9.jpg","type":"image\/jpeg"}],"author":"brigid","twitter_card":"summary_large_image","twitter_misc":{"Verfasst von":"brigid","Gesch\u00e4tzte Lesezeit":"5 Minuten"},"schema":{"@context":"https:\/\/schema.org","@graph":[{"@type":"Article","@id":"https:\/\/denktier.at\/pferd\/2023\/08\/11\/beachtenswertes-vom-biorhythmus-der-pferde\/#article","isPartOf":{"@id":"https:\/\/denktier.at\/pferd\/2023\/08\/11\/beachtenswertes-vom-biorhythmus-der-pferde\/"},"author":{"name":"brigid","@id":"https:\/\/denktier.at\/pferd\/#\/schema\/person\/a450dfa4b955cd9290eeb589dc2caddf"},"headline":"beachtenswertes vom biorhythmus der pferde","datePublished":"2023-08-11T18:06:01+00:00","dateModified":"2023-08-25T16:42:45+00:00","mainEntityOfPage":{"@id":"https:\/\/denktier.at\/pferd\/2023\/08\/11\/beachtenswertes-vom-biorhythmus-der-pferde\/"},"wordCount":766,"image":{"@id":"https:\/\/denktier.at\/pferd\/2023\/08\/11\/beachtenswertes-vom-biorhythmus-der-pferde\/#primaryimage"},"thumbnailUrl":"https:\/\/denktier.at\/pferd\/wp-content\/uploads\/2023\/08\/pferde-blog-9.jpg","inLanguage":"de-AT"},{"@type":"WebPage","@id":"https:\/\/denktier.at\/pferd\/2023\/08\/11\/beachtenswertes-vom-biorhythmus-der-pferde\/","url":"https:\/\/denktier.at\/pferd\/2023\/08\/11\/beachtenswertes-vom-biorhythmus-der-pferde\/","name":"beachtenswertes vom biorhythmus der pferde - denktier pferd","isPartOf":{"@id":"https:\/\/denktier.at\/pferd\/#website"},"primaryImageOfPage":{"@id":"https:\/\/denktier.at\/pferd\/2023\/08\/11\/beachtenswertes-vom-biorhythmus-der-pferde\/#primaryimage"},"image":{"@id":"https:\/\/denktier.at\/pferd\/2023\/08\/11\/beachtenswertes-vom-biorhythmus-der-pferde\/#primaryimage"},"thumbnailUrl":"https:\/\/denktier.at\/pferd\/wp-content\/uploads\/2023\/08\/pferde-blog-9.jpg","datePublished":"2023-08-11T18:06:01+00:00","dateModified":"2023-08-25T16:42:45+00:00","author":{"@id":"https:\/\/denktier.at\/pferd\/#\/schema\/person\/a450dfa4b955cd9290eeb589dc2caddf"},"description":"wenn wir das pferd in den stall stellen oder mit ihm was machen, folgen wir meist unserem eigenen biorhythmus und nicht dem des pferdes.","breadcrumb":{"@id":"https:\/\/denktier.at\/pferd\/2023\/08\/11\/beachtenswertes-vom-biorhythmus-der-pferde\/#breadcrumb"},"inLanguage":"de-AT","potentialAction":[{"@type":"ReadAction","target":["https:\/\/denktier.at\/pferd\/2023\/08\/11\/beachtenswertes-vom-biorhythmus-der-pferde\/"]}]},{"@type":"ImageObject","inLanguage":"de-AT","@id":"https:\/\/denktier.at\/pferd\/2023\/08\/11\/beachtenswertes-vom-biorhythmus-der-pferde\/#primaryimage","url":"https:\/\/denktier.at\/pferd\/wp-content\/uploads\/2023\/08\/pferde-blog-9.jpg","contentUrl":"https:\/\/denktier.at\/pferd\/wp-content\/uploads\/2023\/08\/pferde-blog-9.jpg","width":1640,"height":924,"caption":"biorhythmus pferd"},{"@type":"BreadcrumbList","@id":"https:\/\/denktier.at\/pferd\/2023\/08\/11\/beachtenswertes-vom-biorhythmus-der-pferde\/#breadcrumb","itemListElement":[{"@type":"ListItem","position":1,"name":"Home","item":"https:\/\/denktier.at\/pferd\/"},{"@type":"ListItem","position":2,"name":"beachtenswertes vom biorhythmus der pferde"}]},{"@type":"WebSite","@id":"https:\/\/denktier.at\/pferd\/#website","url":"https:\/\/denktier.at\/pferd\/","name":"denktier pferd","description":"","potentialAction":[{"@type":"SearchAction","target":{"@type":"EntryPoint","urlTemplate":"https:\/\/denktier.at\/pferd\/?s={search_term_string}"},"query-input":{"@type":"PropertyValueSpecification","valueRequired":true,"valueName":"search_term_string"}}],"inLanguage":"de-AT"},{"@type":"Person","@id":"https:\/\/denktier.at\/pferd\/#\/schema\/person\/a450dfa4b955cd9290eeb589dc2caddf","name":"brigid","image":{"@type":"ImageObject","inLanguage":"de-AT","@id":"https:\/\/secure.gravatar.com\/avatar\/e4194f972046db80294d79daa065f609498fda96e97e70bb961ac7e8afd9a3cb?s=96&d=mm&r=g","url":"https:\/\/secure.gravatar.com\/avatar\/e4194f972046db80294d79daa065f609498fda96e97e70bb961ac7e8afd9a3cb?s=96&d=mm&r=g","contentUrl":"https:\/\/secure.gravatar.com\/avatar\/e4194f972046db80294d79daa065f609498fda96e97e70bb961ac7e8afd9a3cb?s=96&d=mm&r=g","caption":"brigid"},"sameAs":["https:\/\/denktier.at\/pferd"],"url":"https:\/\/denktier.at\/pferd\/author\/brigid\/"}]}},"_links":{"self":[{"href":"https:\/\/denktier.at\/pferd\/wp-json\/wp\/v2\/posts\/579","targetHints":{"allow":["GET"]}}],"collection":[{"href":"https:\/\/denktier.at\/pferd\/wp-json\/wp\/v2\/posts"}],"about":[{"href":"https:\/\/denktier.at\/pferd\/wp-json\/wp\/v2\/types\/post"}],"author":[{"embeddable":true,"href":"https:\/\/denktier.at\/pferd\/wp-json\/wp\/v2\/users\/1"}],"replies":[{"embeddable":true,"href":"https:\/\/denktier.at\/pferd\/wp-json\/wp\/v2\/comments?post=579"}],"version-history":[{"count":4,"href":"https:\/\/denktier.at\/pferd\/wp-json\/wp\/v2\/posts\/579\/revisions"}],"predecessor-version":[{"id":606,"href":"https:\/\/denktier.at\/pferd\/wp-json\/wp\/v2\/posts\/579\/revisions\/606"}],"wp:featuredmedia":[{"embeddable":true,"href":"https:\/\/denktier.at\/pferd\/wp-json\/wp\/v2\/media\/605"}],"wp:attachment":[{"href":"https:\/\/denktier.at\/pferd\/wp-json\/wp\/v2\/media?parent=579"}],"wp:term":[{"taxonomy":"category","embeddable":true,"href":"https:\/\/denktier.at\/pferd\/wp-json\/wp\/v2\/categories?post=579"},{"taxonomy":"post_tag","embeddable":true,"href":"https:\/\/denktier.at\/pferd\/wp-json\/wp\/v2\/tags?post=579"}],"curies":[{"name":"wp","href":"https:\/\/api.w.org\/{rel}","templated":true}]}}