{"id":564,"date":"2023-06-30T16:44:55","date_gmt":"2023-06-30T14:44:55","guid":{"rendered":"https:\/\/denktier.at\/pferd\/?p=564"},"modified":"2023-06-30T16:44:55","modified_gmt":"2023-06-30T14:44:55","slug":"hinterhand-aktivieren","status":"publish","type":"post","link":"https:\/\/denktier.at\/pferd\/2023\/06\/30\/hinterhand-aktivieren\/","title":{"rendered":"der schl\u00fcssel f\u00fcr viele probleme: die hinterhand aktivieren"},"content":{"rendered":"<p>gibt&#8217;s ein zentraleres thema als das aktivieren der hinterhand, wenn das pferd fein geritten werden soll?<br \/>\nkaum eines.<\/p>\n<p>mit der hinterhand hat man&#8217;s sozusagen in der hand.<br \/>\nn\u00e4mlich die frage,<br \/>\nob das pferd sch\u00f6ne \u00fcber den r\u00fccken geht.<br \/>\nob es gen\u00fcgend schub und schwung entwickelt.<br \/>\nob es eine korrekte biegung einnehmen kann.<br \/>\nob es schultern und hals frei bewegen kann.<br \/>\nob es \u00fcberhaupt in anlehnung gehen kann.<\/p>\n<p>die antwort auf eine lange liste reiterlicher probleme und fragen der pferdegesundheit lautet:<br \/>\nhinterhand aktivieren!<\/p>\n<p><img loading=\"lazy\" decoding=\"async\" class=\"aligncenter wp-image-565\" src=\"https:\/\/denktier.at\/pferd\/wp-content\/uploads\/2023\/06\/pferde-blog-2.jpg\" alt=\"hinterhand aktivieren\" width=\"640\" height=\"361\" srcset=\"https:\/\/denktier.at\/pferd\/wp-content\/uploads\/2023\/06\/pferde-blog-2.jpg 1640w, https:\/\/denktier.at\/pferd\/wp-content\/uploads\/2023\/06\/pferde-blog-2-300x169.jpg 300w, https:\/\/denktier.at\/pferd\/wp-content\/uploads\/2023\/06\/pferde-blog-2-1024x577.jpg 1024w, https:\/\/denktier.at\/pferd\/wp-content\/uploads\/2023\/06\/pferde-blog-2-768x433.jpg 768w, https:\/\/denktier.at\/pferd\/wp-content\/uploads\/2023\/06\/pferde-blog-2-1536x865.jpg 1536w, https:\/\/denktier.at\/pferd\/wp-content\/uploads\/2023\/06\/pferde-blog-2-600x338.jpg 600w\" sizes=\"auto, (max-width: 640px) 100vw, 640px\" \/><\/p>\n<p>f\u00fcr eine aktive hinterhand muss das pferd n\u00e4mlich nicht nur die richtige muskulatur entwickelt haben,<br \/>\nes muss vor allem auch im gleichgewicht sein.<br \/>\nohne gleichgewicht zwischen vorhand und hinterhand geht n\u00e4mlich nichts (gut).<\/p>\n<p>genau da aber kommt der mensch ins spiel:<br \/>\nwir sitzen im sattel genau am \u00fcbergang zwischen vorne und hinten.<br \/>\nwenn da der reiterliche sitz oder aber die passform des sattels nicht wirklich gut sind,<br \/>\nblockieren wir die verbindung zwischen vorne und hinten<br \/>\nund schon wird es m\u00fchsam mit gleichgewicht und aktivierung der hinterhand.<\/p>\n<p>ist das pferd wiederum noch nicht ausgebildet<br \/>\n(oder aber schon verritten)<br \/>\nund daher viel auf der vorhand unterwegs,<br \/>\nf\u00e4llt es ungleich schwerer, es unter dem sattel ins gleichgewicht zu bekommen<br \/>\n(wenn man nicht wirklich brillant reitet und einen sehr geschmeidigen k\u00f6rper hat)<br \/>\nals vom boden aus.<\/p>\n<p>daher ab auf den boden und erst mal die hinterhand aktivieren.<\/p>\n<p>wie wir das an der longe genau machen k\u00f6nnen,<br \/>\ndazu gibt es demn\u00e4chst konkrete tipps im <span style=\"color: #d40018;\"><strong><a style=\"color: #d40018;\" href=\"https:\/\/denktier.thrivecart.com\/webinar-gymnastizierung-longe\/\" target=\"_blank\" rel=\"noopener\">fachwebinar &#8222;gymnastizierung an der longe&#8220;.\u00a0<\/a><\/strong><\/span><\/p>\n<p>doch gleich hier sind mal drei simple tipps f\u00fcr eine aktivere hinterhand:<\/p>\n<h2 style=\"padding-left: 80px;\">1. stangenarbeit<\/h2>\n<p style=\"padding-left: 80px;\">gern wird zur aktivierung der hinterhand die stangenarbeit empfohlen.<br \/>\ndie hat auch durchaus ihren sinn &#8211;<br \/>\nwenn auch mehr koordination, takt und schrittl\u00e4nge geschult werden\u00a0 als die hinterhand direkt.<\/p>\n<p style=\"padding-left: 80px;\">die stangenarbeit hat vor allem einen indirekten nutzen:<br \/>\nsie trainiert die bauchmuskulatur,<br \/>\ndie wiederum eine voraussetzung daf\u00fcr ist,<br \/>\ndass das pferd den r\u00fccken aufw\u00f6lben und \u00fcberhaupt die hinterhand aktiv untersetzen kann.<\/p>\n<p style=\"padding-left: 80px;\">besser als einzelne stangen am longierzirkel sind dazu kombinationen.<br \/>\nalso lieber 5 oder 6 stangen hintereinander auflegen<br \/>\n(f\u00fcr weniger geschulte pferde auf der geraden, nicht am zirkel!)<br \/>\nund das pferd dar\u00fcbersteigen oder -traben lassen.<\/p>\n<p style=\"padding-left: 80px;\">achtung: das ist anstrengend f\u00fcr die mikromuskulatur und kann rasch erm\u00fcden<br \/>\noder sogar muskelkater verursachen.<br \/>\nalso nicht \u00fcbertreiben und darauf achten, dass das pferd mit freude bei der sache ist.<\/p>\n<h2 style=\"padding-left: 80px;\">2. r\u00fcckw\u00e4rts richten<\/h2>\n<p style=\"padding-left: 80px;\">beim r\u00fcckw\u00e4rtsrichten muss das pferd seine hinterhand gut setzen<br \/>\nund vermehrt gewicht aufnehmen. gut so, das wollen wir!<\/p>\n<p style=\"padding-left: 80px;\">allerdings gilt das nur, wenn das r\u00fcckw\u00e4rts richten richtig gemacht wird:<br \/>\nalso ohne hochgerissenen kopf und weggedr\u00fcckten r\u00fccken.<\/p>\n<p style=\"padding-left: 80px;\">wichtig ist, dass das pferd eine tiefe kopfhaltung (wie in dehnungshaltung beim reiten) hat<br \/>\nund auch die r\u00fcckw\u00e4rtsbewegung \u00fcber den r\u00fccken ausf\u00fchrt.<\/p>\n<p style=\"padding-left: 80px;\">wie man das an sich bei pferden nicht so beliebte<br \/>\n(und vom menschen oft schlampig aufgebaute) r\u00fcckw\u00e4rtsgehen gut aufbaut,<br \/>\nhaben wir <strong><span style=\"color: #d40018;\">hier<\/span><\/strong> schon mal beschrieben.<\/p>\n<h2 style=\"padding-left: 80px;\">\n3. bergauf und bergab<\/h2>\n<p style=\"padding-left: 80px;\">eine gute m\u00f6glichkeit, die hinterhand zu trainieren, bieten steigungen &#8211;<br \/>\nentweder im gel\u00e4nde oder vielleicht sogar eine koppel, die man daf\u00fcr nutzen darf.<\/p>\n<p style=\"padding-left: 80px;\">beim bergaufgehen setzen die pferde meist ganz von selber die hinterhand aktiv ein<br \/>\nund schieben damit ordentlich an.<br \/>\nanders sieht da aus beim bergabgehen:<br \/>\nda fallen sie nur zu gerne auf die vorhand &#8211; was wir gerade nicht haben wollen.<\/p>\n<p style=\"padding-left: 80px;\">den gro\u00dfen unterschied macht hier das tempo aus:<br \/>\nje langsamer man das pferd bergab gehen l\u00e4sst<br \/>\nund je genauer man darauf achtet, dass es im gleichgewicht bleibt,<br \/>\ndesto mehr muss es auch bergab die hinterhand nutzen.<\/p>\n<p style=\"padding-left: 80px;\">also bloss nicht hasten, sondern lieber in zeitlupe bergab<br \/>\n(und gern auch langsam bergauf, das l\u00e4sst auch die muskeln ordentlich arbeiten).<\/p>\n<p>eine aktive hinterhand ist f\u00fcrs reiten und f\u00fcr die gesundheit des pferdes so ausschlaggebend,<br \/>\ndass eigentlich jede trainingseinheit und jeder ritt daf\u00fcr genutzt werden sollte,<br \/>\nzumindest auf\u00a0 eine aktive hinterhand zu achten, wenn nicht sogar sie weiter zu st\u00e4rken.<\/p>\n","protected":false},"excerpt":{"rendered":"<p>gibt&#8217;s ein zentraleres thema als das aktivieren der hinterhand, wenn das pferd fein geritten werden soll? kaum eines. mit der hinterhand hat man&#8217;s sozusagen in der hand. n\u00e4mlich die frage, ob das pferd sch\u00f6ne \u00fcber den r\u00fccken geht. ob es gen\u00fcgend schub und schwung entwickelt. ob es eine korrekte biegung einnehmen kann. ob es schultern [&hellip;]<\/p>\n","protected":false},"author":1,"featured_media":565,"comment_status":"closed","ping_status":"closed","sticky":false,"template":"","format":"standard","meta":{"footnotes":""},"categories":[1],"tags":[],"class_list":["post-564","post","type-post","status-publish","format-standard","has-post-thumbnail","hentry","category-allgemein","post-wrapper","thrv_wrapper"],"yoast_head":"<!-- This site is optimized with the Yoast SEO plugin v27.2 - https:\/\/yoast.com\/product\/yoast-seo-wordpress\/ -->\n<title>der schl\u00fcssel f\u00fcr viele probleme: die hinterhand aktivieren - denktier pferd<\/title>\n<meta name=\"robots\" content=\"index, follow, max-snippet:-1, max-image-preview:large, max-video-preview:-1\" \/>\n<link rel=\"canonical\" href=\"https:\/\/denktier.at\/pferd\/2023\/06\/30\/hinterhand-aktivieren\/\" \/>\n<meta property=\"og:locale\" content=\"de_DE\" \/>\n<meta property=\"og:type\" content=\"article\" \/>\n<meta property=\"og:title\" content=\"der schl\u00fcssel f\u00fcr viele probleme: die hinterhand aktivieren - denktier pferd\" \/>\n<meta property=\"og:description\" content=\"gibt&#8217;s ein zentraleres thema als das aktivieren der hinterhand, wenn das pferd fein geritten werden soll? kaum eines. mit der hinterhand hat man&#8217;s sozusagen in der hand. n\u00e4mlich die frage, ob das pferd sch\u00f6ne \u00fcber den r\u00fccken geht. ob es gen\u00fcgend schub und schwung entwickelt. ob es eine korrekte biegung einnehmen kann. ob es schultern [&hellip;]\" \/>\n<meta property=\"og:url\" content=\"https:\/\/denktier.at\/pferd\/2023\/06\/30\/hinterhand-aktivieren\/\" \/>\n<meta property=\"og:site_name\" content=\"denktier pferd\" \/>\n<meta property=\"article:published_time\" content=\"2023-06-30T14:44:55+00:00\" \/>\n<meta property=\"og:image\" content=\"https:\/\/denktier.at\/pferd\/wp-content\/uploads\/2023\/06\/pferde-blog-2.jpg\" \/>\n\t<meta property=\"og:image:width\" content=\"1640\" \/>\n\t<meta property=\"og:image:height\" content=\"924\" \/>\n\t<meta property=\"og:image:type\" content=\"image\/jpeg\" \/>\n<meta name=\"author\" content=\"brigid\" \/>\n<meta name=\"twitter:card\" content=\"summary_large_image\" \/>\n<meta name=\"twitter:label1\" content=\"Verfasst von\" \/>\n\t<meta name=\"twitter:data1\" content=\"brigid\" \/>\n\t<meta name=\"twitter:label2\" content=\"Gesch\u00e4tzte Lesezeit\" \/>\n\t<meta name=\"twitter:data2\" content=\"4 Minuten\" \/>\n<script type=\"application\/ld+json\" class=\"yoast-schema-graph\">{\"@context\":\"https:\/\/schema.org\",\"@graph\":[{\"@type\":\"Article\",\"@id\":\"https:\/\/denktier.at\/pferd\/2023\/06\/30\/hinterhand-aktivieren\/#article\",\"isPartOf\":{\"@id\":\"https:\/\/denktier.at\/pferd\/2023\/06\/30\/hinterhand-aktivieren\/\"},\"author\":{\"name\":\"brigid\",\"@id\":\"https:\/\/denktier.at\/pferd\/#\/schema\/person\/a450dfa4b955cd9290eeb589dc2caddf\"},\"headline\":\"der schl\u00fcssel f\u00fcr viele probleme: die hinterhand aktivieren\",\"datePublished\":\"2023-06-30T14:44:55+00:00\",\"mainEntityOfPage\":{\"@id\":\"https:\/\/denktier.at\/pferd\/2023\/06\/30\/hinterhand-aktivieren\/\"},\"wordCount\":685,\"image\":{\"@id\":\"https:\/\/denktier.at\/pferd\/2023\/06\/30\/hinterhand-aktivieren\/#primaryimage\"},\"thumbnailUrl\":\"https:\/\/denktier.at\/pferd\/wp-content\/uploads\/2023\/06\/pferde-blog-2.jpg\",\"inLanguage\":\"de-AT\"},{\"@type\":\"WebPage\",\"@id\":\"https:\/\/denktier.at\/pferd\/2023\/06\/30\/hinterhand-aktivieren\/\",\"url\":\"https:\/\/denktier.at\/pferd\/2023\/06\/30\/hinterhand-aktivieren\/\",\"name\":\"der schl\u00fcssel f\u00fcr viele probleme: die hinterhand aktivieren - denktier pferd\",\"isPartOf\":{\"@id\":\"https:\/\/denktier.at\/pferd\/#website\"},\"primaryImageOfPage\":{\"@id\":\"https:\/\/denktier.at\/pferd\/2023\/06\/30\/hinterhand-aktivieren\/#primaryimage\"},\"image\":{\"@id\":\"https:\/\/denktier.at\/pferd\/2023\/06\/30\/hinterhand-aktivieren\/#primaryimage\"},\"thumbnailUrl\":\"https:\/\/denktier.at\/pferd\/wp-content\/uploads\/2023\/06\/pferde-blog-2.jpg\",\"datePublished\":\"2023-06-30T14:44:55+00:00\",\"author\":{\"@id\":\"https:\/\/denktier.at\/pferd\/#\/schema\/person\/a450dfa4b955cd9290eeb589dc2caddf\"},\"breadcrumb\":{\"@id\":\"https:\/\/denktier.at\/pferd\/2023\/06\/30\/hinterhand-aktivieren\/#breadcrumb\"},\"inLanguage\":\"de-AT\",\"potentialAction\":[{\"@type\":\"ReadAction\",\"target\":[\"https:\/\/denktier.at\/pferd\/2023\/06\/30\/hinterhand-aktivieren\/\"]}]},{\"@type\":\"ImageObject\",\"inLanguage\":\"de-AT\",\"@id\":\"https:\/\/denktier.at\/pferd\/2023\/06\/30\/hinterhand-aktivieren\/#primaryimage\",\"url\":\"https:\/\/denktier.at\/pferd\/wp-content\/uploads\/2023\/06\/pferde-blog-2.jpg\",\"contentUrl\":\"https:\/\/denktier.at\/pferd\/wp-content\/uploads\/2023\/06\/pferde-blog-2.jpg\",\"width\":1640,\"height\":924,\"caption\":\"hinterhand aktivieren\"},{\"@type\":\"BreadcrumbList\",\"@id\":\"https:\/\/denktier.at\/pferd\/2023\/06\/30\/hinterhand-aktivieren\/#breadcrumb\",\"itemListElement\":[{\"@type\":\"ListItem\",\"position\":1,\"name\":\"Home\",\"item\":\"https:\/\/denktier.at\/pferd\/\"},{\"@type\":\"ListItem\",\"position\":2,\"name\":\"der schl\u00fcssel f\u00fcr viele probleme: die hinterhand aktivieren\"}]},{\"@type\":\"WebSite\",\"@id\":\"https:\/\/denktier.at\/pferd\/#website\",\"url\":\"https:\/\/denktier.at\/pferd\/\",\"name\":\"denktier pferd\",\"description\":\"\",\"potentialAction\":[{\"@type\":\"SearchAction\",\"target\":{\"@type\":\"EntryPoint\",\"urlTemplate\":\"https:\/\/denktier.at\/pferd\/?s={search_term_string}\"},\"query-input\":{\"@type\":\"PropertyValueSpecification\",\"valueRequired\":true,\"valueName\":\"search_term_string\"}}],\"inLanguage\":\"de-AT\"},{\"@type\":\"Person\",\"@id\":\"https:\/\/denktier.at\/pferd\/#\/schema\/person\/a450dfa4b955cd9290eeb589dc2caddf\",\"name\":\"brigid\",\"image\":{\"@type\":\"ImageObject\",\"inLanguage\":\"de-AT\",\"@id\":\"https:\/\/secure.gravatar.com\/avatar\/e4194f972046db80294d79daa065f609498fda96e97e70bb961ac7e8afd9a3cb?s=96&d=mm&r=g\",\"url\":\"https:\/\/secure.gravatar.com\/avatar\/e4194f972046db80294d79daa065f609498fda96e97e70bb961ac7e8afd9a3cb?s=96&d=mm&r=g\",\"contentUrl\":\"https:\/\/secure.gravatar.com\/avatar\/e4194f972046db80294d79daa065f609498fda96e97e70bb961ac7e8afd9a3cb?s=96&d=mm&r=g\",\"caption\":\"brigid\"},\"sameAs\":[\"https:\/\/denktier.at\/pferd\"],\"url\":\"https:\/\/denktier.at\/pferd\/author\/brigid\/\"}]}<\/script>\n<!-- \/ Yoast SEO plugin. -->","yoast_head_json":{"title":"der schl\u00fcssel f\u00fcr viele probleme: die hinterhand aktivieren - denktier pferd","robots":{"index":"index","follow":"follow","max-snippet":"max-snippet:-1","max-image-preview":"max-image-preview:large","max-video-preview":"max-video-preview:-1"},"canonical":"https:\/\/denktier.at\/pferd\/2023\/06\/30\/hinterhand-aktivieren\/","og_locale":"de_DE","og_type":"article","og_title":"der schl\u00fcssel f\u00fcr viele probleme: die hinterhand aktivieren - denktier pferd","og_description":"gibt&#8217;s ein zentraleres thema als das aktivieren der hinterhand, wenn das pferd fein geritten werden soll? kaum eines. mit der hinterhand hat man&#8217;s sozusagen in der hand. n\u00e4mlich die frage, ob das pferd sch\u00f6ne \u00fcber den r\u00fccken geht. ob es gen\u00fcgend schub und schwung entwickelt. ob es eine korrekte biegung einnehmen kann. ob es schultern [&hellip;]","og_url":"https:\/\/denktier.at\/pferd\/2023\/06\/30\/hinterhand-aktivieren\/","og_site_name":"denktier pferd","article_published_time":"2023-06-30T14:44:55+00:00","og_image":[{"width":1640,"height":924,"url":"https:\/\/denktier.at\/pferd\/wp-content\/uploads\/2023\/06\/pferde-blog-2.jpg","type":"image\/jpeg"}],"author":"brigid","twitter_card":"summary_large_image","twitter_misc":{"Verfasst von":"brigid","Gesch\u00e4tzte Lesezeit":"4 Minuten"},"schema":{"@context":"https:\/\/schema.org","@graph":[{"@type":"Article","@id":"https:\/\/denktier.at\/pferd\/2023\/06\/30\/hinterhand-aktivieren\/#article","isPartOf":{"@id":"https:\/\/denktier.at\/pferd\/2023\/06\/30\/hinterhand-aktivieren\/"},"author":{"name":"brigid","@id":"https:\/\/denktier.at\/pferd\/#\/schema\/person\/a450dfa4b955cd9290eeb589dc2caddf"},"headline":"der schl\u00fcssel f\u00fcr viele probleme: die hinterhand aktivieren","datePublished":"2023-06-30T14:44:55+00:00","mainEntityOfPage":{"@id":"https:\/\/denktier.at\/pferd\/2023\/06\/30\/hinterhand-aktivieren\/"},"wordCount":685,"image":{"@id":"https:\/\/denktier.at\/pferd\/2023\/06\/30\/hinterhand-aktivieren\/#primaryimage"},"thumbnailUrl":"https:\/\/denktier.at\/pferd\/wp-content\/uploads\/2023\/06\/pferde-blog-2.jpg","inLanguage":"de-AT"},{"@type":"WebPage","@id":"https:\/\/denktier.at\/pferd\/2023\/06\/30\/hinterhand-aktivieren\/","url":"https:\/\/denktier.at\/pferd\/2023\/06\/30\/hinterhand-aktivieren\/","name":"der schl\u00fcssel f\u00fcr viele probleme: die hinterhand aktivieren - denktier pferd","isPartOf":{"@id":"https:\/\/denktier.at\/pferd\/#website"},"primaryImageOfPage":{"@id":"https:\/\/denktier.at\/pferd\/2023\/06\/30\/hinterhand-aktivieren\/#primaryimage"},"image":{"@id":"https:\/\/denktier.at\/pferd\/2023\/06\/30\/hinterhand-aktivieren\/#primaryimage"},"thumbnailUrl":"https:\/\/denktier.at\/pferd\/wp-content\/uploads\/2023\/06\/pferde-blog-2.jpg","datePublished":"2023-06-30T14:44:55+00:00","author":{"@id":"https:\/\/denktier.at\/pferd\/#\/schema\/person\/a450dfa4b955cd9290eeb589dc2caddf"},"breadcrumb":{"@id":"https:\/\/denktier.at\/pferd\/2023\/06\/30\/hinterhand-aktivieren\/#breadcrumb"},"inLanguage":"de-AT","potentialAction":[{"@type":"ReadAction","target":["https:\/\/denktier.at\/pferd\/2023\/06\/30\/hinterhand-aktivieren\/"]}]},{"@type":"ImageObject","inLanguage":"de-AT","@id":"https:\/\/denktier.at\/pferd\/2023\/06\/30\/hinterhand-aktivieren\/#primaryimage","url":"https:\/\/denktier.at\/pferd\/wp-content\/uploads\/2023\/06\/pferde-blog-2.jpg","contentUrl":"https:\/\/denktier.at\/pferd\/wp-content\/uploads\/2023\/06\/pferde-blog-2.jpg","width":1640,"height":924,"caption":"hinterhand aktivieren"},{"@type":"BreadcrumbList","@id":"https:\/\/denktier.at\/pferd\/2023\/06\/30\/hinterhand-aktivieren\/#breadcrumb","itemListElement":[{"@type":"ListItem","position":1,"name":"Home","item":"https:\/\/denktier.at\/pferd\/"},{"@type":"ListItem","position":2,"name":"der schl\u00fcssel f\u00fcr viele probleme: die hinterhand aktivieren"}]},{"@type":"WebSite","@id":"https:\/\/denktier.at\/pferd\/#website","url":"https:\/\/denktier.at\/pferd\/","name":"denktier pferd","description":"","potentialAction":[{"@type":"SearchAction","target":{"@type":"EntryPoint","urlTemplate":"https:\/\/denktier.at\/pferd\/?s={search_term_string}"},"query-input":{"@type":"PropertyValueSpecification","valueRequired":true,"valueName":"search_term_string"}}],"inLanguage":"de-AT"},{"@type":"Person","@id":"https:\/\/denktier.at\/pferd\/#\/schema\/person\/a450dfa4b955cd9290eeb589dc2caddf","name":"brigid","image":{"@type":"ImageObject","inLanguage":"de-AT","@id":"https:\/\/secure.gravatar.com\/avatar\/e4194f972046db80294d79daa065f609498fda96e97e70bb961ac7e8afd9a3cb?s=96&d=mm&r=g","url":"https:\/\/secure.gravatar.com\/avatar\/e4194f972046db80294d79daa065f609498fda96e97e70bb961ac7e8afd9a3cb?s=96&d=mm&r=g","contentUrl":"https:\/\/secure.gravatar.com\/avatar\/e4194f972046db80294d79daa065f609498fda96e97e70bb961ac7e8afd9a3cb?s=96&d=mm&r=g","caption":"brigid"},"sameAs":["https:\/\/denktier.at\/pferd"],"url":"https:\/\/denktier.at\/pferd\/author\/brigid\/"}]}},"_links":{"self":[{"href":"https:\/\/denktier.at\/pferd\/wp-json\/wp\/v2\/posts\/564","targetHints":{"allow":["GET"]}}],"collection":[{"href":"https:\/\/denktier.at\/pferd\/wp-json\/wp\/v2\/posts"}],"about":[{"href":"https:\/\/denktier.at\/pferd\/wp-json\/wp\/v2\/types\/post"}],"author":[{"embeddable":true,"href":"https:\/\/denktier.at\/pferd\/wp-json\/wp\/v2\/users\/1"}],"replies":[{"embeddable":true,"href":"https:\/\/denktier.at\/pferd\/wp-json\/wp\/v2\/comments?post=564"}],"version-history":[{"count":1,"href":"https:\/\/denktier.at\/pferd\/wp-json\/wp\/v2\/posts\/564\/revisions"}],"predecessor-version":[{"id":566,"href":"https:\/\/denktier.at\/pferd\/wp-json\/wp\/v2\/posts\/564\/revisions\/566"}],"wp:featuredmedia":[{"embeddable":true,"href":"https:\/\/denktier.at\/pferd\/wp-json\/wp\/v2\/media\/565"}],"wp:attachment":[{"href":"https:\/\/denktier.at\/pferd\/wp-json\/wp\/v2\/media?parent=564"}],"wp:term":[{"taxonomy":"category","embeddable":true,"href":"https:\/\/denktier.at\/pferd\/wp-json\/wp\/v2\/categories?post=564"},{"taxonomy":"post_tag","embeddable":true,"href":"https:\/\/denktier.at\/pferd\/wp-json\/wp\/v2\/tags?post=564"}],"curies":[{"name":"wp","href":"https:\/\/api.w.org\/{rel}","templated":true}]}}