{"id":442,"date":"2022-10-13T22:25:33","date_gmt":"2022-10-13T20:25:33","guid":{"rendered":"https:\/\/denktier.at\/pferd\/?p=442"},"modified":"2022-10-28T00:02:35","modified_gmt":"2022-10-27T22:02:35","slug":"kopf-senken-pferd","status":"publish","type":"post","link":"https:\/\/denktier.at\/pferd\/2022\/10\/13\/kopf-senken-pferd\/","title":{"rendered":"eine der wichtigsten grund\u00fcbungen: kopf senken"},"content":{"rendered":"<p>wer bringt seinem pferd schon gezielt bei, den kopf auf signal zu senken?das machen wir h\u00f6chstens zum aufz\u00e4umen oder aber beim reiten,wenn wir das pferd sch\u00f6n an den z\u00fcgel stellen wollen (und hoffentlich nicht einfach \u00fcber hilfsz\u00fcgel).<\/p>\n<p>warum eine <strong><a href=\"https:\/\/denktier.at\/pferd\/2022\/10\/05\/warum-kopf-hoch-beim-pferd-verkehrt-ist\/\" target=\"_blank\" rel=\"noopener\"><span style=\"color: #d40018;\">hohe kopfhaltung<\/span><\/a><\/strong> so problematisch ist, haben wir letztens ja schon ausgef\u00fchrt (<span style=\"color: #d40018;\"><a style=\"color: #d40018;\" href=\"https:\/\/denktier.at\/pferd\/2022\/10\/05\/warum-kopf-hoch-beim-pferd-verkehrt-ist\/\" target=\"_blank\" rel=\"noopener\">hier<\/a><\/span>).heute wollen wir uns damit besch\u00e4ftigen, wie wir das pferd dazu bekommen, dass es den kopf senkt.<\/p>\n<p>das n\u00e4mlich hilft uns &#8211; wenn es denn mal als signal und als gelerntes verhalten aufgebaut wurde -in aufregenden situationen das pferd schneller zur ruhe zu bringen.<\/p>\n<p>aufregung ist n\u00e4mlich immer mit einer hohen kopfhaltung verbunden.andersrum k\u00f6nnen wir das pferd in einen entspannteren zustand versetzen,wenn wir es den kopf senken lassen.<\/p>\n<p>genau deswegen geh\u00f6rt die \u00fcbung in die grunderziehung jeden pferdes.<\/p>\n<p>nat\u00fcrlich bringt es nichts, am kopf rumzuruckeln oder zu dr\u00fccken,wenn das pferd schon aufgeregt mit erhobenem kopf rumt\u00e4nzelt.<\/p>\n<p>nein, das muss sauber vorher aufgebaut und vom pferd mit einem zustand der entspannung verkn\u00fcpft worden sein.(weitere tipps f\u00fcr entspannung und gelassenheit gibt es \u00fcbrigens demn\u00e4chst im <span style=\"color: #d40018;\"><strong><a style=\"color: #d40018;\" href=\"https:\/\/denktier.thrivecart.com\/webinar-aufregung-zu-gelassenheit\/\" target=\"_blank\" rel=\"noopener\">webinar &#8222;von der aufregung zur gelassenheit&#8220;<\/a><\/strong><\/span>)<\/p>\n<p><img loading=\"lazy\" decoding=\"async\" src=\"https:\/\/denktier.at\/pferd\/wp-content\/uploads\/2022\/10\/Untitled-design-6-1.jpg\" alt=\"kopf senken pferd\" width=\"500\" height=\"282\" \/><\/p>\n<p>&nbsp;<\/p>\n<h2>entspannter zustand<\/h2>\n<p>die entspannung ist der gew\u00fcnschte zustand, den wir mit dem kopfsenken erreichen wollenund sollte daher von anfang an mit in die \u00fcbung hinein konditioniert werden.<\/p>\n<p>&#8222;konditioniert&#8220; hei\u00dft: das pferd verbindet automatisch die stimmung, die w\u00e4hrend der \u00fcbung herrscht,mit der \u00fcbung selber.(lerntheoretisch sprechen wir dabei von klassischer konditionierung).<\/p>\n<p>es ist daher bei dieser \u00fcbung wichtig,mit besonderer ruhe vorzugehen,selber sehr entspannt zu sein,viel auszuatmen und bewusst die eigene k\u00f6rperspannung niedrig zu halten.<\/p>\n<p>nat\u00fcrlich suchen wir uns auch eine \u00fcbungssituation mit dem pferd,wo es entspannt ist und sich in vertrauter umgebung wohl f\u00fchlt.<\/p>\n<p>denn alles drumherum wird in die \u00fcbung mit hinein programmiert.<\/p>\n<h2>das kopfsenken<\/h2>\n<p>das pferd soll sp\u00e4ter auf ein signal hinauf freiwillig den kopf tief nehmen.ob das signal eine ber\u00fchrung ist &#8211; zum beispiel eine sachte ber\u00fchrung im genick -oder ein stimmliches signal &#8211; zum beispiel das wort &#8222;tieeef&#8220; mit weicher stimme gesprochen -ist geschmackssache.<\/p>\n<p>empfehlenswert ist jedenfalls, ein signal auszuw\u00e4hlen,das man sowohl vom boden als auch vom sattel aus gut verwenden kann.wer also einen gro\u00dfen friesen neben sich hert\u00e4nzeln hat, an dessen aufgeregt gehobenen kopf man kaum noch rankommt,tut gut daran, ein stimmliches lob oder eine ber\u00fchrung am hals als signal zu verwenden.<\/p>\n<p>wer sich der herausforderung durch die pferdegr\u00f6\u00dfe nicht gegen\u00fcbersieht,kann gern bei einer sachten ber\u00fchrung hinter den ohren des pferdes bleiben,das direkt aus dem trainingsaufbau als signal mitgenommen wird.<\/p>\n<p>denn so l\u00e4sst es sich am besten anfangen.<\/p>\n<p>man legt dem pferd die hand ins genick(wenn es das gut toleriert, sonst erst \u00fcben!)und \u00fcbt ganz leichten druck hinter den ohren aus.beim kleinsten anzeichen von nachgeben oder den kopf nur einen millimeter tiefer nehmen,sofort aufh\u00f6ren\u00a0 und das pferd loben und belohnen.<\/p>\n<p>am besten nimmt man f\u00fcr diese \u00fcbung wirklich futterbelohnung dazu,denn das kauen wirkt ebenfalls entspannend und wird als positive emotion mit abgespeichert.<\/p>\n<p>nach dem selben prinzip geht man immer weiter vor,zentimeter f\u00fcr zentimeter,bis das pferd auf ein blo\u00dfes antippen hinter den ohrenden kopf ganz zum boden runter nimmtund so lange tief l\u00e4sst, bis es belohnt wurde.<\/p>\n<p>achtung:die versuchung, den pferdekopf mit einem leckerli vor der nase in die tiefe zu locken, ist zwar gro\u00df,aber eine fatale sackgasse.<\/p>\n<p>viele pferde lernen dadurch nur, nach dem leckerli zu schnappenoder machen das kopfsenken nur, wenn man das leckerli hinh\u00e4lt,nicht aber auf signal.\u00a0 genau das aber brauchen wir<\/p>\n<h2>das signal<\/h2>\n<p>erst wenn das pferd verstanden hat, was wir von ihm wollen,und den kopf verl\u00e4sslich auf das antippen hinter den ohren senkt,k\u00f6nnen wir ein signal daf\u00fcr einf\u00fchren.<\/p>\n<p>man kann nat\u00fcrlich beim antippen hinter den ohren bleiben.in vielen f\u00e4llen reicht das.<\/p>\n<p>in anderen f\u00e4llen m\u00f6chte man das aber \u00fcber ein stimmsignal abrufen k\u00f6nnen.das muss dann erst noch eingef\u00fchrt werden.am besten eignet sich ein wort, das man mit tiefer und entspannter stimme gut sprechen kann.es soll aus sich selber heraus schon die entspannung signalisieren.<\/p>\n<p>zum einf\u00fchren sagt man das signalwort unmittelbar bevor man das pferd hinter den ohren antippt.also signalwort &#8211; antippen &#8211; kopf senken &#8211; belohnung.das wird so lange wiederholt,bis das pferd schon auf das wort alleine den kopf senkt.voila! schon hat man ein signal eingef\u00fchrt.<\/p>\n<h2>im alltag<\/h2>\n<p>bevor man vom \u00fcbungsaufbau gleich \u00fcbergeht zu aufregenden situationenmuss das kopfsenken erst im alltag erprobt werden.<\/p>\n<p>daher fordert man das pferd in den unterschiedlichsten alltagssituationen,beim putzen, beim f\u00fchren, auf dem reitplatz, auf der koppel&#8230;.in allen lebenslagen gelegentlich auf, den kopf zu senkeen und belohnt es daf\u00fcr.<\/p>\n<p>erst, wenn die \u00fcbung in fleisch und blut \u00fcbergegangen ist,kann man das kopfsenken auch in aufregenderen situationen einsetzen -und hat dann ein kleines wundermittel zur hand,um das pferd rasch zu beruhigen.<\/p>\n","protected":false},"excerpt":{"rendered":"<p>wer bringt seinem pferd schon gezielt bei, den kopf auf signal zu senken?das machen wir h\u00f6chstens zum aufz\u00e4umen oder aber beim reiten,wenn wir das pferd sch\u00f6n an den z\u00fcgel stellen wollen (und hoffentlich nicht einfach \u00fcber hilfsz\u00fcgel). warum eine hohe kopfhaltung so problematisch ist, haben wir letztens ja schon ausgef\u00fchrt (hier).heute wollen wir uns damit [&hellip;]<\/p>\n","protected":false},"author":1,"featured_media":443,"comment_status":"closed","ping_status":"closed","sticky":false,"template":"","format":"standard","meta":{"footnotes":""},"categories":[36],"tags":[],"class_list":["post-442","post","type-post","status-publish","format-standard","has-post-thumbnail","hentry","category-ausbildung","post-wrapper","thrv_wrapper"],"yoast_head":"<!-- This site is optimized with the Yoast SEO plugin v27.2 - https:\/\/yoast.com\/product\/yoast-seo-wordpress\/ -->\n<title>eine der wichtigsten grund\u00fcbungen: kopf senken - denktier pferd<\/title>\n<meta name=\"description\" content=\"mit dem kopf senken hat man beim pferd eine wichtige \u00fcbung gegen aufregung und f\u00fcr mehr gelassenheit, daher geh\u00f6rt es in die grunderziehung.\" \/>\n<meta name=\"robots\" content=\"index, follow, max-snippet:-1, max-image-preview:large, max-video-preview:-1\" \/>\n<link rel=\"canonical\" href=\"https:\/\/denktier.at\/pferd\/2022\/10\/13\/kopf-senken-pferd\/\" \/>\n<meta property=\"og:locale\" content=\"de_DE\" \/>\n<meta property=\"og:type\" content=\"article\" \/>\n<meta property=\"og:title\" content=\"eine der wichtigsten grund\u00fcbungen: kopf senken - denktier pferd\" \/>\n<meta property=\"og:description\" content=\"mit dem kopf senken hat man beim pferd eine wichtige \u00fcbung gegen aufregung und f\u00fcr mehr gelassenheit, daher geh\u00f6rt es in die grunderziehung.\" \/>\n<meta property=\"og:url\" content=\"https:\/\/denktier.at\/pferd\/2022\/10\/13\/kopf-senken-pferd\/\" \/>\n<meta property=\"og:site_name\" content=\"denktier pferd\" \/>\n<meta property=\"article:published_time\" content=\"2022-10-13T20:25:33+00:00\" \/>\n<meta property=\"article:modified_time\" content=\"2022-10-27T22:02:35+00:00\" \/>\n<meta property=\"og:image\" content=\"https:\/\/denktier.at\/pferd\/wp-content\/uploads\/2022\/10\/Untitled-design-6-1.jpg\" \/>\n\t<meta property=\"og:image:width\" content=\"1640\" \/>\n\t<meta property=\"og:image:height\" content=\"924\" \/>\n\t<meta property=\"og:image:type\" content=\"image\/jpeg\" \/>\n<meta name=\"author\" content=\"brigid\" \/>\n<meta name=\"twitter:card\" content=\"summary_large_image\" \/>\n<meta name=\"twitter:label1\" content=\"Verfasst von\" \/>\n\t<meta name=\"twitter:data1\" content=\"brigid\" \/>\n\t<meta name=\"twitter:label2\" content=\"Gesch\u00e4tzte Lesezeit\" \/>\n\t<meta name=\"twitter:data2\" content=\"5 Minuten\" \/>\n<script type=\"application\/ld+json\" class=\"yoast-schema-graph\">{\"@context\":\"https:\/\/schema.org\",\"@graph\":[{\"@type\":\"Article\",\"@id\":\"https:\/\/denktier.at\/pferd\/2022\/10\/13\/kopf-senken-pferd\/#article\",\"isPartOf\":{\"@id\":\"https:\/\/denktier.at\/pferd\/2022\/10\/13\/kopf-senken-pferd\/\"},\"author\":{\"name\":\"brigid\",\"@id\":\"https:\/\/denktier.at\/pferd\/#\/schema\/person\/a450dfa4b955cd9290eeb589dc2caddf\"},\"headline\":\"eine der wichtigsten grund\u00fcbungen: kopf senken\",\"datePublished\":\"2022-10-13T20:25:33+00:00\",\"dateModified\":\"2022-10-27T22:02:35+00:00\",\"mainEntityOfPage\":{\"@id\":\"https:\/\/denktier.at\/pferd\/2022\/10\/13\/kopf-senken-pferd\/\"},\"wordCount\":866,\"image\":{\"@id\":\"https:\/\/denktier.at\/pferd\/2022\/10\/13\/kopf-senken-pferd\/#primaryimage\"},\"thumbnailUrl\":\"https:\/\/denktier.at\/pferd\/wp-content\/uploads\/2022\/10\/Untitled-design-6-1.jpg\",\"articleSection\":[\"ausbildung\"],\"inLanguage\":\"de-AT\"},{\"@type\":\"WebPage\",\"@id\":\"https:\/\/denktier.at\/pferd\/2022\/10\/13\/kopf-senken-pferd\/\",\"url\":\"https:\/\/denktier.at\/pferd\/2022\/10\/13\/kopf-senken-pferd\/\",\"name\":\"eine der wichtigsten grund\u00fcbungen: kopf senken - denktier pferd\",\"isPartOf\":{\"@id\":\"https:\/\/denktier.at\/pferd\/#website\"},\"primaryImageOfPage\":{\"@id\":\"https:\/\/denktier.at\/pferd\/2022\/10\/13\/kopf-senken-pferd\/#primaryimage\"},\"image\":{\"@id\":\"https:\/\/denktier.at\/pferd\/2022\/10\/13\/kopf-senken-pferd\/#primaryimage\"},\"thumbnailUrl\":\"https:\/\/denktier.at\/pferd\/wp-content\/uploads\/2022\/10\/Untitled-design-6-1.jpg\",\"datePublished\":\"2022-10-13T20:25:33+00:00\",\"dateModified\":\"2022-10-27T22:02:35+00:00\",\"author\":{\"@id\":\"https:\/\/denktier.at\/pferd\/#\/schema\/person\/a450dfa4b955cd9290eeb589dc2caddf\"},\"description\":\"mit dem kopf senken hat man beim pferd eine wichtige \u00fcbung gegen aufregung und f\u00fcr mehr gelassenheit, daher geh\u00f6rt es in die grunderziehung.\",\"breadcrumb\":{\"@id\":\"https:\/\/denktier.at\/pferd\/2022\/10\/13\/kopf-senken-pferd\/#breadcrumb\"},\"inLanguage\":\"de-AT\",\"potentialAction\":[{\"@type\":\"ReadAction\",\"target\":[\"https:\/\/denktier.at\/pferd\/2022\/10\/13\/kopf-senken-pferd\/\"]}]},{\"@type\":\"ImageObject\",\"inLanguage\":\"de-AT\",\"@id\":\"https:\/\/denktier.at\/pferd\/2022\/10\/13\/kopf-senken-pferd\/#primaryimage\",\"url\":\"https:\/\/denktier.at\/pferd\/wp-content\/uploads\/2022\/10\/Untitled-design-6-1.jpg\",\"contentUrl\":\"https:\/\/denktier.at\/pferd\/wp-content\/uploads\/2022\/10\/Untitled-design-6-1.jpg\",\"width\":1640,\"height\":924,\"caption\":\"kopf senken pferd\"},{\"@type\":\"BreadcrumbList\",\"@id\":\"https:\/\/denktier.at\/pferd\/2022\/10\/13\/kopf-senken-pferd\/#breadcrumb\",\"itemListElement\":[{\"@type\":\"ListItem\",\"position\":1,\"name\":\"Home\",\"item\":\"https:\/\/denktier.at\/pferd\/\"},{\"@type\":\"ListItem\",\"position\":2,\"name\":\"eine der wichtigsten grund\u00fcbungen: kopf senken\"}]},{\"@type\":\"WebSite\",\"@id\":\"https:\/\/denktier.at\/pferd\/#website\",\"url\":\"https:\/\/denktier.at\/pferd\/\",\"name\":\"denktier pferd\",\"description\":\"\",\"potentialAction\":[{\"@type\":\"SearchAction\",\"target\":{\"@type\":\"EntryPoint\",\"urlTemplate\":\"https:\/\/denktier.at\/pferd\/?s={search_term_string}\"},\"query-input\":{\"@type\":\"PropertyValueSpecification\",\"valueRequired\":true,\"valueName\":\"search_term_string\"}}],\"inLanguage\":\"de-AT\"},{\"@type\":\"Person\",\"@id\":\"https:\/\/denktier.at\/pferd\/#\/schema\/person\/a450dfa4b955cd9290eeb589dc2caddf\",\"name\":\"brigid\",\"image\":{\"@type\":\"ImageObject\",\"inLanguage\":\"de-AT\",\"@id\":\"https:\/\/secure.gravatar.com\/avatar\/e4194f972046db80294d79daa065f609498fda96e97e70bb961ac7e8afd9a3cb?s=96&d=mm&r=g\",\"url\":\"https:\/\/secure.gravatar.com\/avatar\/e4194f972046db80294d79daa065f609498fda96e97e70bb961ac7e8afd9a3cb?s=96&d=mm&r=g\",\"contentUrl\":\"https:\/\/secure.gravatar.com\/avatar\/e4194f972046db80294d79daa065f609498fda96e97e70bb961ac7e8afd9a3cb?s=96&d=mm&r=g\",\"caption\":\"brigid\"},\"sameAs\":[\"https:\/\/denktier.at\/pferd\"],\"url\":\"https:\/\/denktier.at\/pferd\/author\/brigid\/\"}]}<\/script>\n<!-- \/ Yoast SEO plugin. -->","yoast_head_json":{"title":"eine der wichtigsten grund\u00fcbungen: kopf senken - denktier pferd","description":"mit dem kopf senken hat man beim pferd eine wichtige \u00fcbung gegen aufregung und f\u00fcr mehr gelassenheit, daher geh\u00f6rt es in die grunderziehung.","robots":{"index":"index","follow":"follow","max-snippet":"max-snippet:-1","max-image-preview":"max-image-preview:large","max-video-preview":"max-video-preview:-1"},"canonical":"https:\/\/denktier.at\/pferd\/2022\/10\/13\/kopf-senken-pferd\/","og_locale":"de_DE","og_type":"article","og_title":"eine der wichtigsten grund\u00fcbungen: kopf senken - denktier pferd","og_description":"mit dem kopf senken hat man beim pferd eine wichtige \u00fcbung gegen aufregung und f\u00fcr mehr gelassenheit, daher geh\u00f6rt es in die grunderziehung.","og_url":"https:\/\/denktier.at\/pferd\/2022\/10\/13\/kopf-senken-pferd\/","og_site_name":"denktier pferd","article_published_time":"2022-10-13T20:25:33+00:00","article_modified_time":"2022-10-27T22:02:35+00:00","og_image":[{"width":1640,"height":924,"url":"https:\/\/denktier.at\/pferd\/wp-content\/uploads\/2022\/10\/Untitled-design-6-1.jpg","type":"image\/jpeg"}],"author":"brigid","twitter_card":"summary_large_image","twitter_misc":{"Verfasst von":"brigid","Gesch\u00e4tzte Lesezeit":"5 Minuten"},"schema":{"@context":"https:\/\/schema.org","@graph":[{"@type":"Article","@id":"https:\/\/denktier.at\/pferd\/2022\/10\/13\/kopf-senken-pferd\/#article","isPartOf":{"@id":"https:\/\/denktier.at\/pferd\/2022\/10\/13\/kopf-senken-pferd\/"},"author":{"name":"brigid","@id":"https:\/\/denktier.at\/pferd\/#\/schema\/person\/a450dfa4b955cd9290eeb589dc2caddf"},"headline":"eine der wichtigsten grund\u00fcbungen: kopf senken","datePublished":"2022-10-13T20:25:33+00:00","dateModified":"2022-10-27T22:02:35+00:00","mainEntityOfPage":{"@id":"https:\/\/denktier.at\/pferd\/2022\/10\/13\/kopf-senken-pferd\/"},"wordCount":866,"image":{"@id":"https:\/\/denktier.at\/pferd\/2022\/10\/13\/kopf-senken-pferd\/#primaryimage"},"thumbnailUrl":"https:\/\/denktier.at\/pferd\/wp-content\/uploads\/2022\/10\/Untitled-design-6-1.jpg","articleSection":["ausbildung"],"inLanguage":"de-AT"},{"@type":"WebPage","@id":"https:\/\/denktier.at\/pferd\/2022\/10\/13\/kopf-senken-pferd\/","url":"https:\/\/denktier.at\/pferd\/2022\/10\/13\/kopf-senken-pferd\/","name":"eine der wichtigsten grund\u00fcbungen: kopf senken - denktier pferd","isPartOf":{"@id":"https:\/\/denktier.at\/pferd\/#website"},"primaryImageOfPage":{"@id":"https:\/\/denktier.at\/pferd\/2022\/10\/13\/kopf-senken-pferd\/#primaryimage"},"image":{"@id":"https:\/\/denktier.at\/pferd\/2022\/10\/13\/kopf-senken-pferd\/#primaryimage"},"thumbnailUrl":"https:\/\/denktier.at\/pferd\/wp-content\/uploads\/2022\/10\/Untitled-design-6-1.jpg","datePublished":"2022-10-13T20:25:33+00:00","dateModified":"2022-10-27T22:02:35+00:00","author":{"@id":"https:\/\/denktier.at\/pferd\/#\/schema\/person\/a450dfa4b955cd9290eeb589dc2caddf"},"description":"mit dem kopf senken hat man beim pferd eine wichtige \u00fcbung gegen aufregung und f\u00fcr mehr gelassenheit, daher geh\u00f6rt es in die grunderziehung.","breadcrumb":{"@id":"https:\/\/denktier.at\/pferd\/2022\/10\/13\/kopf-senken-pferd\/#breadcrumb"},"inLanguage":"de-AT","potentialAction":[{"@type":"ReadAction","target":["https:\/\/denktier.at\/pferd\/2022\/10\/13\/kopf-senken-pferd\/"]}]},{"@type":"ImageObject","inLanguage":"de-AT","@id":"https:\/\/denktier.at\/pferd\/2022\/10\/13\/kopf-senken-pferd\/#primaryimage","url":"https:\/\/denktier.at\/pferd\/wp-content\/uploads\/2022\/10\/Untitled-design-6-1.jpg","contentUrl":"https:\/\/denktier.at\/pferd\/wp-content\/uploads\/2022\/10\/Untitled-design-6-1.jpg","width":1640,"height":924,"caption":"kopf senken pferd"},{"@type":"BreadcrumbList","@id":"https:\/\/denktier.at\/pferd\/2022\/10\/13\/kopf-senken-pferd\/#breadcrumb","itemListElement":[{"@type":"ListItem","position":1,"name":"Home","item":"https:\/\/denktier.at\/pferd\/"},{"@type":"ListItem","position":2,"name":"eine der wichtigsten grund\u00fcbungen: kopf senken"}]},{"@type":"WebSite","@id":"https:\/\/denktier.at\/pferd\/#website","url":"https:\/\/denktier.at\/pferd\/","name":"denktier pferd","description":"","potentialAction":[{"@type":"SearchAction","target":{"@type":"EntryPoint","urlTemplate":"https:\/\/denktier.at\/pferd\/?s={search_term_string}"},"query-input":{"@type":"PropertyValueSpecification","valueRequired":true,"valueName":"search_term_string"}}],"inLanguage":"de-AT"},{"@type":"Person","@id":"https:\/\/denktier.at\/pferd\/#\/schema\/person\/a450dfa4b955cd9290eeb589dc2caddf","name":"brigid","image":{"@type":"ImageObject","inLanguage":"de-AT","@id":"https:\/\/secure.gravatar.com\/avatar\/e4194f972046db80294d79daa065f609498fda96e97e70bb961ac7e8afd9a3cb?s=96&d=mm&r=g","url":"https:\/\/secure.gravatar.com\/avatar\/e4194f972046db80294d79daa065f609498fda96e97e70bb961ac7e8afd9a3cb?s=96&d=mm&r=g","contentUrl":"https:\/\/secure.gravatar.com\/avatar\/e4194f972046db80294d79daa065f609498fda96e97e70bb961ac7e8afd9a3cb?s=96&d=mm&r=g","caption":"brigid"},"sameAs":["https:\/\/denktier.at\/pferd"],"url":"https:\/\/denktier.at\/pferd\/author\/brigid\/"}]}},"_links":{"self":[{"href":"https:\/\/denktier.at\/pferd\/wp-json\/wp\/v2\/posts\/442","targetHints":{"allow":["GET"]}}],"collection":[{"href":"https:\/\/denktier.at\/pferd\/wp-json\/wp\/v2\/posts"}],"about":[{"href":"https:\/\/denktier.at\/pferd\/wp-json\/wp\/v2\/types\/post"}],"author":[{"embeddable":true,"href":"https:\/\/denktier.at\/pferd\/wp-json\/wp\/v2\/users\/1"}],"replies":[{"embeddable":true,"href":"https:\/\/denktier.at\/pferd\/wp-json\/wp\/v2\/comments?post=442"}],"version-history":[{"count":5,"href":"https:\/\/denktier.at\/pferd\/wp-json\/wp\/v2\/posts\/442\/revisions"}],"predecessor-version":[{"id":448,"href":"https:\/\/denktier.at\/pferd\/wp-json\/wp\/v2\/posts\/442\/revisions\/448"}],"wp:featuredmedia":[{"embeddable":true,"href":"https:\/\/denktier.at\/pferd\/wp-json\/wp\/v2\/media\/443"}],"wp:attachment":[{"href":"https:\/\/denktier.at\/pferd\/wp-json\/wp\/v2\/media?parent=442"}],"wp:term":[{"taxonomy":"category","embeddable":true,"href":"https:\/\/denktier.at\/pferd\/wp-json\/wp\/v2\/categories?post=442"},{"taxonomy":"post_tag","embeddable":true,"href":"https:\/\/denktier.at\/pferd\/wp-json\/wp\/v2\/tags?post=442"}],"curies":[{"name":"wp","href":"https:\/\/api.w.org\/{rel}","templated":true}]}}