{"id":113,"date":"2022-08-24T18:43:55","date_gmt":"2022-08-24T16:43:55","guid":{"rendered":"https:\/\/denktier.at\/pferd\/?p=113"},"modified":"2022-09-30T22:27:30","modified_gmt":"2022-09-30T20:27:30","slug":"pferde-geistig-auslasten-wie-geht-das","status":"publish","type":"post","link":"https:\/\/denktier.at\/pferd\/2022\/08\/24\/pferde-geistig-auslasten-wie-geht-das\/","title":{"rendered":"pferde geistig auslasten: wie geht das?"},"content":{"rendered":"<p>brauchen pferde \u00fcberhaupt geistige auslastung oder haben sie nicht ohnehin &#8211; wie der volksmund sagt &#8211; zwar einen gro\u00dfen kopf aber ein kleines gehirn?<\/p>\n<p>was f\u00fcr eine \u00fcble nachrede!<\/p>\n<p>kein dummes pferd w\u00fcrde in freier wildbahn lang \u00fcberleben.\u00a0pferde haben sich (und ihre denkf\u00e4higkeiten) aber auch beachtlich ans zusammenleben mit dem menschen angepasst.<\/p>\n<p>du kennst ja vermutlich die geschichte vom \u201eklugen hans\u201c, dem pferd das rechnen konnte. dem musste man nur eine rechenaufgabe stellen und dann gab er die antwort, in dem er so oft mit dem huf auf den boden klopfte, bis er bei der richtigen zahl angelangt war.allerdings nur, wenn der mensch vor ihm die richtige antwort kannte!<\/p>\n<p>es stellt sich n\u00e4mlich raus, dass hans das pferd \u201enur\u201c den menschen genau beobachtete und so lange klopfte, bis er an den f\u00fcr uns menschen praktisch unsichtbaren winzige ver\u00e4nderungen der mimik seines gegen\u00fcbers merkte, dass er bei der richtigen zahl angelangt war und dann h\u00f6rte er auf.<\/p>\n<p>dann galt er pl\u00f6tzlich nicht mehr als klug.aber hallo??!!<\/p>\n<p>ein pferd, das von sich aus (!) rausgefunden hat, dass es bis zur richtigen antwort klopfen muss und genau genug beobachten kann, was ein menschliches pokerface dann doch noch an hinweisen verr\u00e4t?<\/p>\n<p>ich halt das f\u00fcr ziemlich klug.<\/p>\n<h3>und dein pferd?<\/h3>\n<p>es muss nicht rechnen k\u00f6nnen, um klug zu sein.<\/p>\n<p>aber denken kann es garantiert!(die frage ist immer nur, wieviel es davon preisgibt.)<\/p>\n<p><img loading=\"lazy\" decoding=\"async\" src=\"https:\/\/denktier.at\/pferd\/wp-content\/uploads\/2022\/09\/Untitled-506-\u00d7-300-px-2.jpg\" alt=\"\" width=\"506\" height=\"300\" \/><\/p>\n<p>blo\u00df: wieviel kriegt es zu denken?<\/p>\n<p>wenn es in einer gro\u00dfen herde auf riesigen koppeln lebt und du mit ihm jeden tag unterschiedliche aufgaben und tricks \u00fcbst und h\u00e4ufig neue wege im gel\u00e4nde oder \u00fcberhaupt neue gegenden erkundest, dann kriegt es sicher genug zu denken und zu verarbeiten.<\/p>\n<p>aber wer kann das seinem pferd schon bieten?<\/p>\n<p>wenn dein pferd viele stunden des tages in einer box steht, grad mal mit 2 oder 3 anderen auf eine kleine koppel kommt und du selber auch nur 1 oder 2 mal die woche zum pferd kannst und dann gem\u00fctlich eure gewohnte runde ausreiten gehen magst, dann h\u00e4lt sich die geistige auslastung ziemlich in grenzen\u2026<\/p>\n<p>dann k\u00f6nnte dein pferd sich \u00fcber mehr aufgaben f\u00fcr seine grauen zellen durchaus freuen.<\/p>\n<h3>denksport f\u00fcr pferde<\/h3>\n<p>mit denksport meine ich jetzt mal alles, wo das pferd was neues verstehen und lernen muss bzw. wo kognitive f\u00e4higkeiten gefragt sind.<\/p>\n<p>also dinge, wie objekte erkennen oder manipulieren, farben oder formen unterscheiden oder einfach rausfinden, was denn der mensch bei einem neuen trick nun eigentlich m\u00f6chte.<\/p>\n<p>folgende f\u00e4higkeiten haben pferde in forschungsprojekten bereits bewiesen:<\/p>\n<ol>\n<li><strong>verst\u00e4ndnis von objekten:<\/strong>wenn du einen eimer an einem seil hinter einer absperrung verschwinden l\u00e4sst, dann weiss dein pferd, dass der nicht wirklich verschwunden ist, sondern nat\u00fcrlich weiterexistiert. und geht ihn suchen, wenn du es freigibst (und es sich was essbares im eimer erwartet). die f\u00e4higkeit nennt man \u00fcbrigens verst\u00e4ndnis von objektpermanenz.<\/li>\n<li><strong>objektmanipulation durch lernen am erfolg<\/strong>pferde k\u00f6nnen lernen, durch reifen zu steigen, auf wippen zu balancieren, aus flaschen zu \u201etrinken\u201c, fu\u00dfball zu spielen und vieles mehr. wer sich mal mit clicker-training beim pferd besch\u00e4ftigt hat, weiss, dass die m\u00f6glichkeiten fast endlos sind.(aber achtung beim ausprobieren: frag dich vorher lieber, ob du wirklich m\u00f6chtest, dass das pferd das dann wom\u00f6glich auch unaufgefordert tut!)<\/li>\n<li><strong>unterscheiden von farben oder formen<\/strong>pferde k\u00f6nnen recht leicht lernen, farben auseinanderzuhalten (zumindest jene, die sie sehen k\u00f6nnen, also blau, gelb oder weiss) oder bei formen gr\u00f6\u00dfer und kleiner zu unterscheiden. zum beispiel von zwei hergezeigten kreisen immer den kleineren anzustupsen. (das bedeutet dann bereits eine recht abstrakte f\u00e4higkeit, n\u00e4mlich ein verst\u00e4ndnis von kategorien)<\/li>\n<\/ol>\n<p>jetzt fragt sich blo\u00df: wie kriegt dein pferd die richtige geistige auslastung?<\/p>\n<p>tja, immer mal was neues ist die beste und einfachste devise.und dann: denkspiele f\u00fcrs pferd aufsp\u00fcren!<\/p>\n<p>denksport soll jedenfalls spa\u00df machen. es ist also wichtig, nicht zu ehrgeizig werden und das auszuw\u00e4hlen, was dem pferd auch wirklich spa\u00df macht.\u00a0schlie\u00dflich soll der denksport dem pferd eine artgem\u00e4\u00dfe auslastung f\u00fcr seine denkf\u00e4higkeiten zu bieten und unterforderung und langeweile hintan halten.\u00a0schlaue, ausgelastete pferde sind \u00fcbrigens auch gelassene und zufriedene zeitgenossen. ein grund mehr, ihrem kopf was zu tun zu geben&#8230;<\/p>\n","protected":false},"excerpt":{"rendered":"<p>brauchen pferde \u00fcberhaupt geistige auslastung oder haben sie nicht ohnehin &#8211; wie der volksmund sagt &#8211; zwar einen gro\u00dfen kopf aber ein kleines gehirn? was f\u00fcr eine \u00fcble nachrede! kein dummes pferd w\u00fcrde in freier wildbahn lang \u00fcberleben.\u00a0pferde haben sich (und ihre denkf\u00e4higkeiten) aber auch beachtlich ans zusammenleben mit dem menschen angepasst. du kennst ja [&hellip;]<\/p>\n","protected":false},"author":1,"featured_media":248,"comment_status":"closed","ping_status":"closed","sticky":false,"template":"","format":"standard","meta":{"footnotes":""},"categories":[38],"tags":[],"class_list":["post-113","post","type-post","status-publish","format-standard","has-post-thumbnail","hentry","category-auslastung","post-wrapper","thrv_wrapper"],"yoast_head":"<!-- This site is optimized with the Yoast SEO plugin v27.2 - https:\/\/yoast.com\/product\/yoast-seo-wordpress\/ -->\n<title>pferde geistig auslasten: wie geht das? - denktier pferd<\/title>\n<meta name=\"description\" content=\"warum geistige auslastung auch bei pferden ein thema ist, was sie dabei brauchen und wie man das organisieren kann.\" \/>\n<meta name=\"robots\" content=\"index, follow, max-snippet:-1, max-image-preview:large, max-video-preview:-1\" \/>\n<link rel=\"canonical\" href=\"https:\/\/denktier.at\/pferd\/2022\/08\/24\/pferde-geistig-auslasten-wie-geht-das\/\" \/>\n<meta property=\"og:locale\" content=\"de_DE\" \/>\n<meta property=\"og:type\" content=\"article\" \/>\n<meta property=\"og:title\" content=\"pferde geistig auslasten: wie geht das? - denktier pferd\" \/>\n<meta property=\"og:description\" content=\"warum geistige auslastung auch bei pferden ein thema ist, was sie dabei brauchen und wie man das organisieren kann.\" \/>\n<meta property=\"og:url\" content=\"https:\/\/denktier.at\/pferd\/2022\/08\/24\/pferde-geistig-auslasten-wie-geht-das\/\" \/>\n<meta property=\"og:site_name\" content=\"denktier pferd\" \/>\n<meta property=\"article:published_time\" content=\"2022-08-24T16:43:55+00:00\" \/>\n<meta property=\"article:modified_time\" content=\"2022-09-30T20:27:30+00:00\" \/>\n<meta property=\"og:image\" content=\"https:\/\/denktier.at\/pferd\/wp-content\/uploads\/2022\/09\/Untitled-506-\u00d7-300-px-2.jpg\" \/>\n\t<meta property=\"og:image:width\" content=\"506\" \/>\n\t<meta property=\"og:image:height\" content=\"300\" \/>\n\t<meta property=\"og:image:type\" content=\"image\/jpeg\" \/>\n<meta name=\"author\" content=\"brigid\" \/>\n<meta name=\"twitter:card\" content=\"summary_large_image\" \/>\n<meta name=\"twitter:label1\" content=\"Verfasst von\" \/>\n\t<meta name=\"twitter:data1\" content=\"brigid\" \/>\n\t<meta name=\"twitter:label2\" content=\"Gesch\u00e4tzte Lesezeit\" \/>\n\t<meta name=\"twitter:data2\" content=\"4 Minuten\" \/>\n<script type=\"application\/ld+json\" class=\"yoast-schema-graph\">{\"@context\":\"https:\/\/schema.org\",\"@graph\":[{\"@type\":\"Article\",\"@id\":\"https:\/\/denktier.at\/pferd\/2022\/08\/24\/pferde-geistig-auslasten-wie-geht-das\/#article\",\"isPartOf\":{\"@id\":\"https:\/\/denktier.at\/pferd\/2022\/08\/24\/pferde-geistig-auslasten-wie-geht-das\/\"},\"author\":{\"name\":\"brigid\",\"@id\":\"https:\/\/denktier.at\/pferd\/#\/schema\/person\/a450dfa4b955cd9290eeb589dc2caddf\"},\"headline\":\"pferde geistig auslasten: wie geht das?\",\"datePublished\":\"2022-08-24T16:43:55+00:00\",\"dateModified\":\"2022-09-30T20:27:30+00:00\",\"mainEntityOfPage\":{\"@id\":\"https:\/\/denktier.at\/pferd\/2022\/08\/24\/pferde-geistig-auslasten-wie-geht-das\/\"},\"wordCount\":723,\"image\":{\"@id\":\"https:\/\/denktier.at\/pferd\/2022\/08\/24\/pferde-geistig-auslasten-wie-geht-das\/#primaryimage\"},\"thumbnailUrl\":\"https:\/\/denktier.at\/pferd\/wp-content\/uploads\/2022\/09\/Untitled-506-\u00d7-300-px-2.jpg\",\"articleSection\":[\"auslastung\"],\"inLanguage\":\"de-AT\"},{\"@type\":\"WebPage\",\"@id\":\"https:\/\/denktier.at\/pferd\/2022\/08\/24\/pferde-geistig-auslasten-wie-geht-das\/\",\"url\":\"https:\/\/denktier.at\/pferd\/2022\/08\/24\/pferde-geistig-auslasten-wie-geht-das\/\",\"name\":\"pferde geistig auslasten: wie geht das? - denktier pferd\",\"isPartOf\":{\"@id\":\"https:\/\/denktier.at\/pferd\/#website\"},\"primaryImageOfPage\":{\"@id\":\"https:\/\/denktier.at\/pferd\/2022\/08\/24\/pferde-geistig-auslasten-wie-geht-das\/#primaryimage\"},\"image\":{\"@id\":\"https:\/\/denktier.at\/pferd\/2022\/08\/24\/pferde-geistig-auslasten-wie-geht-das\/#primaryimage\"},\"thumbnailUrl\":\"https:\/\/denktier.at\/pferd\/wp-content\/uploads\/2022\/09\/Untitled-506-\u00d7-300-px-2.jpg\",\"datePublished\":\"2022-08-24T16:43:55+00:00\",\"dateModified\":\"2022-09-30T20:27:30+00:00\",\"author\":{\"@id\":\"https:\/\/denktier.at\/pferd\/#\/schema\/person\/a450dfa4b955cd9290eeb589dc2caddf\"},\"description\":\"warum geistige auslastung auch bei pferden ein thema ist, was sie dabei brauchen und wie man das organisieren kann.\",\"breadcrumb\":{\"@id\":\"https:\/\/denktier.at\/pferd\/2022\/08\/24\/pferde-geistig-auslasten-wie-geht-das\/#breadcrumb\"},\"inLanguage\":\"de-AT\",\"potentialAction\":[{\"@type\":\"ReadAction\",\"target\":[\"https:\/\/denktier.at\/pferd\/2022\/08\/24\/pferde-geistig-auslasten-wie-geht-das\/\"]}]},{\"@type\":\"ImageObject\",\"inLanguage\":\"de-AT\",\"@id\":\"https:\/\/denktier.at\/pferd\/2022\/08\/24\/pferde-geistig-auslasten-wie-geht-das\/#primaryimage\",\"url\":\"https:\/\/denktier.at\/pferd\/wp-content\/uploads\/2022\/09\/Untitled-506-\u00d7-300-px-2.jpg\",\"contentUrl\":\"https:\/\/denktier.at\/pferd\/wp-content\/uploads\/2022\/09\/Untitled-506-\u00d7-300-px-2.jpg\",\"width\":506,\"height\":300},{\"@type\":\"BreadcrumbList\",\"@id\":\"https:\/\/denktier.at\/pferd\/2022\/08\/24\/pferde-geistig-auslasten-wie-geht-das\/#breadcrumb\",\"itemListElement\":[{\"@type\":\"ListItem\",\"position\":1,\"name\":\"Home\",\"item\":\"https:\/\/denktier.at\/pferd\/\"},{\"@type\":\"ListItem\",\"position\":2,\"name\":\"pferde geistig auslasten: wie geht das?\"}]},{\"@type\":\"WebSite\",\"@id\":\"https:\/\/denktier.at\/pferd\/#website\",\"url\":\"https:\/\/denktier.at\/pferd\/\",\"name\":\"denktier pferd\",\"description\":\"\",\"potentialAction\":[{\"@type\":\"SearchAction\",\"target\":{\"@type\":\"EntryPoint\",\"urlTemplate\":\"https:\/\/denktier.at\/pferd\/?s={search_term_string}\"},\"query-input\":{\"@type\":\"PropertyValueSpecification\",\"valueRequired\":true,\"valueName\":\"search_term_string\"}}],\"inLanguage\":\"de-AT\"},{\"@type\":\"Person\",\"@id\":\"https:\/\/denktier.at\/pferd\/#\/schema\/person\/a450dfa4b955cd9290eeb589dc2caddf\",\"name\":\"brigid\",\"image\":{\"@type\":\"ImageObject\",\"inLanguage\":\"de-AT\",\"@id\":\"https:\/\/secure.gravatar.com\/avatar\/e4194f972046db80294d79daa065f609498fda96e97e70bb961ac7e8afd9a3cb?s=96&d=mm&r=g\",\"url\":\"https:\/\/secure.gravatar.com\/avatar\/e4194f972046db80294d79daa065f609498fda96e97e70bb961ac7e8afd9a3cb?s=96&d=mm&r=g\",\"contentUrl\":\"https:\/\/secure.gravatar.com\/avatar\/e4194f972046db80294d79daa065f609498fda96e97e70bb961ac7e8afd9a3cb?s=96&d=mm&r=g\",\"caption\":\"brigid\"},\"sameAs\":[\"https:\/\/denktier.at\/pferd\"],\"url\":\"https:\/\/denktier.at\/pferd\/author\/brigid\/\"}]}<\/script>\n<!-- \/ Yoast SEO plugin. -->","yoast_head_json":{"title":"pferde geistig auslasten: wie geht das? - denktier pferd","description":"warum geistige auslastung auch bei pferden ein thema ist, was sie dabei brauchen und wie man das organisieren kann.","robots":{"index":"index","follow":"follow","max-snippet":"max-snippet:-1","max-image-preview":"max-image-preview:large","max-video-preview":"max-video-preview:-1"},"canonical":"https:\/\/denktier.at\/pferd\/2022\/08\/24\/pferde-geistig-auslasten-wie-geht-das\/","og_locale":"de_DE","og_type":"article","og_title":"pferde geistig auslasten: wie geht das? - denktier pferd","og_description":"warum geistige auslastung auch bei pferden ein thema ist, was sie dabei brauchen und wie man das organisieren kann.","og_url":"https:\/\/denktier.at\/pferd\/2022\/08\/24\/pferde-geistig-auslasten-wie-geht-das\/","og_site_name":"denktier pferd","article_published_time":"2022-08-24T16:43:55+00:00","article_modified_time":"2022-09-30T20:27:30+00:00","og_image":[{"width":506,"height":300,"url":"https:\/\/denktier.at\/pferd\/wp-content\/uploads\/2022\/09\/Untitled-506-\u00d7-300-px-2.jpg","type":"image\/jpeg"}],"author":"brigid","twitter_card":"summary_large_image","twitter_misc":{"Verfasst von":"brigid","Gesch\u00e4tzte Lesezeit":"4 Minuten"},"schema":{"@context":"https:\/\/schema.org","@graph":[{"@type":"Article","@id":"https:\/\/denktier.at\/pferd\/2022\/08\/24\/pferde-geistig-auslasten-wie-geht-das\/#article","isPartOf":{"@id":"https:\/\/denktier.at\/pferd\/2022\/08\/24\/pferde-geistig-auslasten-wie-geht-das\/"},"author":{"name":"brigid","@id":"https:\/\/denktier.at\/pferd\/#\/schema\/person\/a450dfa4b955cd9290eeb589dc2caddf"},"headline":"pferde geistig auslasten: wie geht das?","datePublished":"2022-08-24T16:43:55+00:00","dateModified":"2022-09-30T20:27:30+00:00","mainEntityOfPage":{"@id":"https:\/\/denktier.at\/pferd\/2022\/08\/24\/pferde-geistig-auslasten-wie-geht-das\/"},"wordCount":723,"image":{"@id":"https:\/\/denktier.at\/pferd\/2022\/08\/24\/pferde-geistig-auslasten-wie-geht-das\/#primaryimage"},"thumbnailUrl":"https:\/\/denktier.at\/pferd\/wp-content\/uploads\/2022\/09\/Untitled-506-\u00d7-300-px-2.jpg","articleSection":["auslastung"],"inLanguage":"de-AT"},{"@type":"WebPage","@id":"https:\/\/denktier.at\/pferd\/2022\/08\/24\/pferde-geistig-auslasten-wie-geht-das\/","url":"https:\/\/denktier.at\/pferd\/2022\/08\/24\/pferde-geistig-auslasten-wie-geht-das\/","name":"pferde geistig auslasten: wie geht das? - denktier pferd","isPartOf":{"@id":"https:\/\/denktier.at\/pferd\/#website"},"primaryImageOfPage":{"@id":"https:\/\/denktier.at\/pferd\/2022\/08\/24\/pferde-geistig-auslasten-wie-geht-das\/#primaryimage"},"image":{"@id":"https:\/\/denktier.at\/pferd\/2022\/08\/24\/pferde-geistig-auslasten-wie-geht-das\/#primaryimage"},"thumbnailUrl":"https:\/\/denktier.at\/pferd\/wp-content\/uploads\/2022\/09\/Untitled-506-\u00d7-300-px-2.jpg","datePublished":"2022-08-24T16:43:55+00:00","dateModified":"2022-09-30T20:27:30+00:00","author":{"@id":"https:\/\/denktier.at\/pferd\/#\/schema\/person\/a450dfa4b955cd9290eeb589dc2caddf"},"description":"warum geistige auslastung auch bei pferden ein thema ist, was sie dabei brauchen und wie man das organisieren kann.","breadcrumb":{"@id":"https:\/\/denktier.at\/pferd\/2022\/08\/24\/pferde-geistig-auslasten-wie-geht-das\/#breadcrumb"},"inLanguage":"de-AT","potentialAction":[{"@type":"ReadAction","target":["https:\/\/denktier.at\/pferd\/2022\/08\/24\/pferde-geistig-auslasten-wie-geht-das\/"]}]},{"@type":"ImageObject","inLanguage":"de-AT","@id":"https:\/\/denktier.at\/pferd\/2022\/08\/24\/pferde-geistig-auslasten-wie-geht-das\/#primaryimage","url":"https:\/\/denktier.at\/pferd\/wp-content\/uploads\/2022\/09\/Untitled-506-\u00d7-300-px-2.jpg","contentUrl":"https:\/\/denktier.at\/pferd\/wp-content\/uploads\/2022\/09\/Untitled-506-\u00d7-300-px-2.jpg","width":506,"height":300},{"@type":"BreadcrumbList","@id":"https:\/\/denktier.at\/pferd\/2022\/08\/24\/pferde-geistig-auslasten-wie-geht-das\/#breadcrumb","itemListElement":[{"@type":"ListItem","position":1,"name":"Home","item":"https:\/\/denktier.at\/pferd\/"},{"@type":"ListItem","position":2,"name":"pferde geistig auslasten: wie geht das?"}]},{"@type":"WebSite","@id":"https:\/\/denktier.at\/pferd\/#website","url":"https:\/\/denktier.at\/pferd\/","name":"denktier pferd","description":"","potentialAction":[{"@type":"SearchAction","target":{"@type":"EntryPoint","urlTemplate":"https:\/\/denktier.at\/pferd\/?s={search_term_string}"},"query-input":{"@type":"PropertyValueSpecification","valueRequired":true,"valueName":"search_term_string"}}],"inLanguage":"de-AT"},{"@type":"Person","@id":"https:\/\/denktier.at\/pferd\/#\/schema\/person\/a450dfa4b955cd9290eeb589dc2caddf","name":"brigid","image":{"@type":"ImageObject","inLanguage":"de-AT","@id":"https:\/\/secure.gravatar.com\/avatar\/e4194f972046db80294d79daa065f609498fda96e97e70bb961ac7e8afd9a3cb?s=96&d=mm&r=g","url":"https:\/\/secure.gravatar.com\/avatar\/e4194f972046db80294d79daa065f609498fda96e97e70bb961ac7e8afd9a3cb?s=96&d=mm&r=g","contentUrl":"https:\/\/secure.gravatar.com\/avatar\/e4194f972046db80294d79daa065f609498fda96e97e70bb961ac7e8afd9a3cb?s=96&d=mm&r=g","caption":"brigid"},"sameAs":["https:\/\/denktier.at\/pferd"],"url":"https:\/\/denktier.at\/pferd\/author\/brigid\/"}]}},"_links":{"self":[{"href":"https:\/\/denktier.at\/pferd\/wp-json\/wp\/v2\/posts\/113","targetHints":{"allow":["GET"]}}],"collection":[{"href":"https:\/\/denktier.at\/pferd\/wp-json\/wp\/v2\/posts"}],"about":[{"href":"https:\/\/denktier.at\/pferd\/wp-json\/wp\/v2\/types\/post"}],"author":[{"embeddable":true,"href":"https:\/\/denktier.at\/pferd\/wp-json\/wp\/v2\/users\/1"}],"replies":[{"embeddable":true,"href":"https:\/\/denktier.at\/pferd\/wp-json\/wp\/v2\/comments?post=113"}],"version-history":[{"count":6,"href":"https:\/\/denktier.at\/pferd\/wp-json\/wp\/v2\/posts\/113\/revisions"}],"predecessor-version":[{"id":251,"href":"https:\/\/denktier.at\/pferd\/wp-json\/wp\/v2\/posts\/113\/revisions\/251"}],"wp:featuredmedia":[{"embeddable":true,"href":"https:\/\/denktier.at\/pferd\/wp-json\/wp\/v2\/media\/248"}],"wp:attachment":[{"href":"https:\/\/denktier.at\/pferd\/wp-json\/wp\/v2\/media?parent=113"}],"wp:term":[{"taxonomy":"category","embeddable":true,"href":"https:\/\/denktier.at\/pferd\/wp-json\/wp\/v2\/categories?post=113"},{"taxonomy":"post_tag","embeddable":true,"href":"https:\/\/denktier.at\/pferd\/wp-json\/wp\/v2\/tags?post=113"}],"curies":[{"name":"wp","href":"https:\/\/api.w.org\/{rel}","templated":true}]}}