{"id":107,"date":"2023-05-12T21:24:16","date_gmt":"2023-05-12T19:24:16","guid":{"rendered":"https:\/\/denktier.at\/pferd\/?p=107"},"modified":"2023-05-12T21:26:14","modified_gmt":"2023-05-12T19:26:14","slug":"was-tun-wenn-das-pferd-klebt-drei-einfache-schritte","status":"publish","type":"post","link":"https:\/\/denktier.at\/pferd\/2023\/05\/12\/was-tun-wenn-das-pferd-klebt-drei-einfache-schritte\/","title":{"rendered":"was tun, wenn das pferd &#8222;klebt&#8220;? drei einfache schritte"},"content":{"rendered":"<p>l\u00e4sst dein pferd sich nur schwer von der koppel holen oder von der gruppe wegreiten, weil es an den anderen pferden \u201eklebt\u201c?<\/p>\n<p>das problem kommt h\u00e4ufiger vor, als man denken w\u00fcrde.<\/p>\n<p>und das ist ganz logisch so&#8230;<\/p>\n<p>pferde sind von der natur dazu eingerichtet, im sozialverband mit anderen pferden zu leben<br \/>\n(von den wenigen einzelg\u00e4nger-hengsten in freier wildbahn mal abgesehen).<\/p>\n<p>die herde bietet schutz und sicherheit.<br \/>\nin der herde kann man sich ausdr\u00fccken und wird verstanden.<br \/>\ndie herde ist zuhause und geborgenheit.<\/p>\n<p>ohne herde geht es einfach nicht.<br \/>\noder zumindest nicht ohne wenigstens ein anderes pferd!<br \/>\n(aus dem grund ist die einzelhaltung von pferden auch als tierschutzwidrig verboten).<\/p>\n<h3><img loading=\"lazy\" decoding=\"async\" class=\"wp-image-545 aligncenter\" src=\"https:\/\/denktier.at\/pferd\/wp-content\/uploads\/2023\/05\/pferde-blog.png\" alt=\"pferd klebt\" width=\"500\" height=\"282\" srcset=\"https:\/\/denktier.at\/pferd\/wp-content\/uploads\/2023\/05\/pferde-blog.png 1640w, https:\/\/denktier.at\/pferd\/wp-content\/uploads\/2023\/05\/pferde-blog-300x169.png 300w, https:\/\/denktier.at\/pferd\/wp-content\/uploads\/2023\/05\/pferde-blog-1024x577.png 1024w, https:\/\/denktier.at\/pferd\/wp-content\/uploads\/2023\/05\/pferde-blog-768x433.png 768w, https:\/\/denktier.at\/pferd\/wp-content\/uploads\/2023\/05\/pferde-blog-1536x865.png 1536w, https:\/\/denktier.at\/pferd\/wp-content\/uploads\/2023\/05\/pferde-blog-600x338.png 600w\" sizes=\"auto, (max-width: 500px) 100vw, 500px\" \/><\/h3>\n<p>&nbsp;<\/p>\n<h3>stress durch alleinsein<\/h3>\n<p>wie wichtige artgenossen sind, hat eine englische studie mal nachgewiesen:<br \/>\ndie forscher stellten fest, dass schon nach nur 15 minuten isolation von anderen pferden im blut deutlich erh\u00f6hte stresswerte zu messen waren.<\/p>\n<p>nach nur 15 minuten ohne anderes pferd!<\/p>\n<p>fast schon skurril: in der selben studie hat man festgestellt,<br \/>\ndass alleine ein bild von einem anderen pferd oder ein spiegel in der box dem pferd erleichterung brachten,<br \/>\nweil selbst die illusion von gesellschaft besser war als v\u00f6lliges alleinsein.<\/p>\n<p>wenn man sich das so \u00fcberlegt, wundert man sich nicht mehr dr\u00fcber, dass pferde \u201ekleben\u201c.<\/p>\n<p>eigentlich verwundert es, dass nicht alle pferde das tun.<\/p>\n<p>was nat\u00fcrlich daran liegt, dass pferde flexibel und meist bereit dazu sind,<br \/>\nden menschen als halbwegs tauglichen ersatz zu akzeptieren.<\/p>\n<p>das kommt aber aufs pferd an.<br \/>\nund auf den menschen.<br \/>\nund die beziehung zwischen den beiden.<\/p>\n<p>drum \u201ekleben\u201c manche pferde mehr als andere.<\/p>\n<p>das l\u00e4sst sich zum gl\u00fcck auch \u00e4ndern\u2026<\/p>\n<p>&nbsp;<\/p>\n<h3>3 einfache schritte gegen das \u201ekleben\u201c<\/h3>\n<p>wenn die artgenossen sicherheit bieten und au\u00dferdem verst\u00e4ndnis und schutz,<br \/>\ndann sind das genau die dinge, die auch der mensch einem pferd bieten muss,<br \/>\ndamit es ihm von den artgenossen weg folgt und gelassen an seiner seite unterwegs sein kann.<\/p>\n<p>die folgenden drei ansatzpunkte sollten dabei helfen.<\/p>\n<h3>1. sicheres f\u00fchren<\/h3>\n<p>w\u00fcrdest du gern mit einem unsicheren, hektischen und sichtlich \u00fcberforderten fremdenf\u00fchrer<br \/>\ndurch ein gef\u00e4hrliches b\u00fcrgerkriegsgebiet unterwegs sein?<\/p>\n<p>nat\u00fcrlich nicht.<\/p>\n<p>dein pferd auch nicht. also nicht, dass ihr b\u00fcrgerkrieg zu erwarten habt.<br \/>\naber gef\u00e4hrlich ist die menschenwelt aus sicht deines pferdes jedenfalls.<\/p>\n<p>da braucht man einen umsichtigen und souver\u00e4nen menschen an seiner seite.<\/p>\n<p>einen, der auf die eigenen bed\u00fcrfnisse eingeht, einen versteht und auf den man sich verlassen kann.<\/p>\n<p>klare und feine f\u00fchrtechnik ist daf\u00fcr ein unbedingtes muss!<\/p>\n<p>eure kommunikation muss stimmen.<br \/>\nund mit kommunikation ist kein gezerre am f\u00fchrstrick gemeint!<br \/>\nsondern klare signale und sichere f\u00fchrung.<\/p>\n<h3>2. wenig stress<\/h3>\n<p>das kommt jetzt vielleicht etwas unerwartet, spielt aber eine gro\u00dfe rolle.<\/p>\n<p>je gestresster ein pferd ist, desto unsicherer wird es und desto mehr braucht es den r\u00fcckhalt seiner pferdekumpels.<\/p>\n<p>stress macht jedes lebewesen emotionaler und leichter erregbar.<br \/>\ngenau das, was du gar nicht brauchen kannst!<\/p>\n<p>je entspannter das pferd insgesamt ist, je wohler und sicherer es sich f\u00fchlt,<br \/>\ndesto leichter l\u00f6st es sich auch aus der herde.<\/p>\n<p>stressabbau und eine niedrige stressbelastung sind somit wichtige voraussetzungen,<br \/>\ndamit ein pferd weniger \u201eklebt\u201c (und f\u00fcr vieles andere auch noch!).<\/p>\n<p>zum thema stress beim pferd kommt bald ein blog-beitrag \u2013 also am besten blog gleich abonnieren (kostenlos, einfach unten eintragen), damit du den artikel nicht verpasst!<\/p>\n<h3>3. schrittweises \u00fcben<\/h3>\n<p>sicherheit und vertrauen zum menschen entstehen aus der erfahrung.<\/p>\n<p>die erfahrung wiederum kommt h\u00e4ppchenweise zustande, also durch h\u00e4ufiges \u00fcben und wiederholen.<br \/>\nvon einmal \u00fcben wird ein \u201eklebendes\u201c pferd nicht zum selbst\u00e4ndigen und sicheren reitbegleiter.<\/p>\n<p>mit geduld und schrittweisem \u00fcben geht das allerdings schon!<\/p>\n<p>der trick dabei:<\/p>\n<p>immer nur soviel verlangen, wie das pferd (mit ein klein wenig \u00fcberwindung) auch leisten kann!<br \/>\nund das n\u00e4chste mal ein bisschen mehr.<br \/>\nund dann noch ein bisschen mehr.<\/p>\n<p>wenn du anfangs das pferd grad mal 5 meter von seinem kumpel wegf\u00fchren kannst<br \/>\nund dann schon zur\u00fcckbringst, dann sind es eben 5 meter, mit denen du anf\u00e4ngst.<\/p>\n<p>wenn du im reitstall grade mal bis zum tor kommst, bevor es zu wiehern anf\u00e4ngt,<br \/>\ndann f\u00e4ngst du eben mit dem tor an.<\/p>\n<p>und dann geht es immer ein st\u00fcckchen weiter.<\/p>\n<p>der anfang ist meist der schwierigste teil, f\u00fcr den kann man sich ruhig zeit nehmen.<br \/>\ndanach wird es immer leichter.<\/p>\n<p>also nur geduld&#8230;<\/p>\n<p>es gibt nat\u00fcrlich auch andere gr\u00fcnde, warum ein pferd sich nicht gern von der koppel holen l\u00e4sst, doch dazu ein ander mal mehr\u2026.<br \/>\nalso gleich blog abonnieren (kostenlos)!<\/p>\n","protected":false},"excerpt":{"rendered":"<p>l\u00e4sst dein pferd sich nur schwer von der koppel holen oder von der gruppe wegreiten, weil es an den anderen pferden \u201eklebt\u201c? das problem kommt h\u00e4ufiger vor, als man denken w\u00fcrde. und das ist ganz logisch so&#8230; pferde sind von der natur dazu eingerichtet, im sozialverband mit anderen pferden zu leben (von den wenigen einzelg\u00e4nger-hengsten [&hellip;]<\/p>\n","protected":false},"author":1,"featured_media":545,"comment_status":"closed","ping_status":"closed","sticky":false,"template":"","format":"standard","meta":{"footnotes":""},"categories":[1],"tags":[],"class_list":["post-107","post","type-post","status-publish","format-standard","has-post-thumbnail","hentry","category-allgemein","post-wrapper","thrv_wrapper"],"yoast_head":"<!-- This site is optimized with the Yoast SEO plugin v27.2 - https:\/\/yoast.com\/product\/yoast-seo-wordpress\/ -->\n<title>was tun, wenn das pferd &quot;klebt&quot;? drei einfache schritte - denktier pferd<\/title>\n<meta name=\"description\" content=\"wenn ein pferd &quot;klebt&quot; und sich nicht von den artgenossen wegf\u00fchren l\u00e4sst, ist das ziemlich m\u00fchsam. welche ursachen hat das und was kann man tun?\" \/>\n<meta name=\"robots\" content=\"index, follow, max-snippet:-1, max-image-preview:large, max-video-preview:-1\" \/>\n<link rel=\"canonical\" href=\"https:\/\/denktier.at\/pferd\/2023\/05\/12\/was-tun-wenn-das-pferd-klebt-drei-einfache-schritte\/\" \/>\n<meta property=\"og:locale\" content=\"de_DE\" \/>\n<meta property=\"og:type\" content=\"article\" \/>\n<meta property=\"og:title\" content=\"was tun, wenn das pferd &quot;klebt&quot;? drei einfache schritte - denktier pferd\" \/>\n<meta property=\"og:description\" content=\"wenn ein pferd &quot;klebt&quot; und sich nicht von den artgenossen wegf\u00fchren l\u00e4sst, ist das ziemlich m\u00fchsam. welche ursachen hat das und was kann man tun?\" \/>\n<meta property=\"og:url\" content=\"https:\/\/denktier.at\/pferd\/2023\/05\/12\/was-tun-wenn-das-pferd-klebt-drei-einfache-schritte\/\" \/>\n<meta property=\"og:site_name\" content=\"denktier pferd\" \/>\n<meta property=\"article:published_time\" content=\"2023-05-12T19:24:16+00:00\" \/>\n<meta property=\"article:modified_time\" content=\"2023-05-12T19:26:14+00:00\" \/>\n<meta property=\"og:image\" content=\"https:\/\/denktier.at\/pferd\/wp-content\/uploads\/2023\/05\/pferde-blog-1024x577.png\" \/>\n\t<meta property=\"og:image:width\" content=\"1024\" \/>\n\t<meta property=\"og:image:height\" content=\"577\" \/>\n\t<meta property=\"og:image:type\" content=\"image\/png\" \/>\n<meta name=\"author\" content=\"brigid\" \/>\n<meta name=\"twitter:card\" content=\"summary_large_image\" \/>\n<meta name=\"twitter:label1\" content=\"Verfasst von\" \/>\n\t<meta name=\"twitter:data1\" content=\"brigid\" \/>\n\t<meta name=\"twitter:label2\" content=\"Gesch\u00e4tzte Lesezeit\" \/>\n\t<meta name=\"twitter:data2\" content=\"5 Minuten\" \/>\n<script type=\"application\/ld+json\" class=\"yoast-schema-graph\">{\"@context\":\"https:\/\/schema.org\",\"@graph\":[{\"@type\":\"Article\",\"@id\":\"https:\/\/denktier.at\/pferd\/2023\/05\/12\/was-tun-wenn-das-pferd-klebt-drei-einfache-schritte\/#article\",\"isPartOf\":{\"@id\":\"https:\/\/denktier.at\/pferd\/2023\/05\/12\/was-tun-wenn-das-pferd-klebt-drei-einfache-schritte\/\"},\"author\":{\"name\":\"brigid\",\"@id\":\"https:\/\/denktier.at\/pferd\/#\/schema\/person\/a450dfa4b955cd9290eeb589dc2caddf\"},\"headline\":\"was tun, wenn das pferd &#8222;klebt&#8220;? drei einfache schritte\",\"datePublished\":\"2023-05-12T19:24:16+00:00\",\"dateModified\":\"2023-05-12T19:26:14+00:00\",\"mainEntityOfPage\":{\"@id\":\"https:\/\/denktier.at\/pferd\/2023\/05\/12\/was-tun-wenn-das-pferd-klebt-drei-einfache-schritte\/\"},\"wordCount\":766,\"image\":{\"@id\":\"https:\/\/denktier.at\/pferd\/2023\/05\/12\/was-tun-wenn-das-pferd-klebt-drei-einfache-schritte\/#primaryimage\"},\"thumbnailUrl\":\"https:\/\/denktier.at\/pferd\/wp-content\/uploads\/2023\/05\/pferde-blog.png\",\"inLanguage\":\"de-AT\"},{\"@type\":\"WebPage\",\"@id\":\"https:\/\/denktier.at\/pferd\/2023\/05\/12\/was-tun-wenn-das-pferd-klebt-drei-einfache-schritte\/\",\"url\":\"https:\/\/denktier.at\/pferd\/2023\/05\/12\/was-tun-wenn-das-pferd-klebt-drei-einfache-schritte\/\",\"name\":\"was tun, wenn das pferd \\\"klebt\\\"? drei einfache schritte - denktier pferd\",\"isPartOf\":{\"@id\":\"https:\/\/denktier.at\/pferd\/#website\"},\"primaryImageOfPage\":{\"@id\":\"https:\/\/denktier.at\/pferd\/2023\/05\/12\/was-tun-wenn-das-pferd-klebt-drei-einfache-schritte\/#primaryimage\"},\"image\":{\"@id\":\"https:\/\/denktier.at\/pferd\/2023\/05\/12\/was-tun-wenn-das-pferd-klebt-drei-einfache-schritte\/#primaryimage\"},\"thumbnailUrl\":\"https:\/\/denktier.at\/pferd\/wp-content\/uploads\/2023\/05\/pferde-blog.png\",\"datePublished\":\"2023-05-12T19:24:16+00:00\",\"dateModified\":\"2023-05-12T19:26:14+00:00\",\"author\":{\"@id\":\"https:\/\/denktier.at\/pferd\/#\/schema\/person\/a450dfa4b955cd9290eeb589dc2caddf\"},\"description\":\"wenn ein pferd \\\"klebt\\\" und sich nicht von den artgenossen wegf\u00fchren l\u00e4sst, ist das ziemlich m\u00fchsam. welche ursachen hat das und was kann man tun?\",\"breadcrumb\":{\"@id\":\"https:\/\/denktier.at\/pferd\/2023\/05\/12\/was-tun-wenn-das-pferd-klebt-drei-einfache-schritte\/#breadcrumb\"},\"inLanguage\":\"de-AT\",\"potentialAction\":[{\"@type\":\"ReadAction\",\"target\":[\"https:\/\/denktier.at\/pferd\/2023\/05\/12\/was-tun-wenn-das-pferd-klebt-drei-einfache-schritte\/\"]}]},{\"@type\":\"ImageObject\",\"inLanguage\":\"de-AT\",\"@id\":\"https:\/\/denktier.at\/pferd\/2023\/05\/12\/was-tun-wenn-das-pferd-klebt-drei-einfache-schritte\/#primaryimage\",\"url\":\"https:\/\/denktier.at\/pferd\/wp-content\/uploads\/2023\/05\/pferde-blog.png\",\"contentUrl\":\"https:\/\/denktier.at\/pferd\/wp-content\/uploads\/2023\/05\/pferde-blog.png\",\"width\":1640,\"height\":924,\"caption\":\"pferd klebt\"},{\"@type\":\"BreadcrumbList\",\"@id\":\"https:\/\/denktier.at\/pferd\/2023\/05\/12\/was-tun-wenn-das-pferd-klebt-drei-einfache-schritte\/#breadcrumb\",\"itemListElement\":[{\"@type\":\"ListItem\",\"position\":1,\"name\":\"Home\",\"item\":\"https:\/\/denktier.at\/pferd\/\"},{\"@type\":\"ListItem\",\"position\":2,\"name\":\"was tun, wenn das pferd &#8222;klebt&#8220;? drei einfache schritte\"}]},{\"@type\":\"WebSite\",\"@id\":\"https:\/\/denktier.at\/pferd\/#website\",\"url\":\"https:\/\/denktier.at\/pferd\/\",\"name\":\"denktier pferd\",\"description\":\"\",\"potentialAction\":[{\"@type\":\"SearchAction\",\"target\":{\"@type\":\"EntryPoint\",\"urlTemplate\":\"https:\/\/denktier.at\/pferd\/?s={search_term_string}\"},\"query-input\":{\"@type\":\"PropertyValueSpecification\",\"valueRequired\":true,\"valueName\":\"search_term_string\"}}],\"inLanguage\":\"de-AT\"},{\"@type\":\"Person\",\"@id\":\"https:\/\/denktier.at\/pferd\/#\/schema\/person\/a450dfa4b955cd9290eeb589dc2caddf\",\"name\":\"brigid\",\"image\":{\"@type\":\"ImageObject\",\"inLanguage\":\"de-AT\",\"@id\":\"https:\/\/secure.gravatar.com\/avatar\/e4194f972046db80294d79daa065f609498fda96e97e70bb961ac7e8afd9a3cb?s=96&d=mm&r=g\",\"url\":\"https:\/\/secure.gravatar.com\/avatar\/e4194f972046db80294d79daa065f609498fda96e97e70bb961ac7e8afd9a3cb?s=96&d=mm&r=g\",\"contentUrl\":\"https:\/\/secure.gravatar.com\/avatar\/e4194f972046db80294d79daa065f609498fda96e97e70bb961ac7e8afd9a3cb?s=96&d=mm&r=g\",\"caption\":\"brigid\"},\"sameAs\":[\"https:\/\/denktier.at\/pferd\"],\"url\":\"https:\/\/denktier.at\/pferd\/author\/brigid\/\"}]}<\/script>\n<!-- \/ Yoast SEO plugin. -->","yoast_head_json":{"title":"was tun, wenn das pferd \"klebt\"? drei einfache schritte - denktier pferd","description":"wenn ein pferd \"klebt\" und sich nicht von den artgenossen wegf\u00fchren l\u00e4sst, ist das ziemlich m\u00fchsam. welche ursachen hat das und was kann man tun?","robots":{"index":"index","follow":"follow","max-snippet":"max-snippet:-1","max-image-preview":"max-image-preview:large","max-video-preview":"max-video-preview:-1"},"canonical":"https:\/\/denktier.at\/pferd\/2023\/05\/12\/was-tun-wenn-das-pferd-klebt-drei-einfache-schritte\/","og_locale":"de_DE","og_type":"article","og_title":"was tun, wenn das pferd \"klebt\"? drei einfache schritte - denktier pferd","og_description":"wenn ein pferd \"klebt\" und sich nicht von den artgenossen wegf\u00fchren l\u00e4sst, ist das ziemlich m\u00fchsam. welche ursachen hat das und was kann man tun?","og_url":"https:\/\/denktier.at\/pferd\/2023\/05\/12\/was-tun-wenn-das-pferd-klebt-drei-einfache-schritte\/","og_site_name":"denktier pferd","article_published_time":"2023-05-12T19:24:16+00:00","article_modified_time":"2023-05-12T19:26:14+00:00","og_image":[{"width":1024,"height":577,"url":"https:\/\/denktier.at\/pferd\/wp-content\/uploads\/2023\/05\/pferde-blog-1024x577.png","type":"image\/png"}],"author":"brigid","twitter_card":"summary_large_image","twitter_misc":{"Verfasst von":"brigid","Gesch\u00e4tzte Lesezeit":"5 Minuten"},"schema":{"@context":"https:\/\/schema.org","@graph":[{"@type":"Article","@id":"https:\/\/denktier.at\/pferd\/2023\/05\/12\/was-tun-wenn-das-pferd-klebt-drei-einfache-schritte\/#article","isPartOf":{"@id":"https:\/\/denktier.at\/pferd\/2023\/05\/12\/was-tun-wenn-das-pferd-klebt-drei-einfache-schritte\/"},"author":{"name":"brigid","@id":"https:\/\/denktier.at\/pferd\/#\/schema\/person\/a450dfa4b955cd9290eeb589dc2caddf"},"headline":"was tun, wenn das pferd &#8222;klebt&#8220;? drei einfache schritte","datePublished":"2023-05-12T19:24:16+00:00","dateModified":"2023-05-12T19:26:14+00:00","mainEntityOfPage":{"@id":"https:\/\/denktier.at\/pferd\/2023\/05\/12\/was-tun-wenn-das-pferd-klebt-drei-einfache-schritte\/"},"wordCount":766,"image":{"@id":"https:\/\/denktier.at\/pferd\/2023\/05\/12\/was-tun-wenn-das-pferd-klebt-drei-einfache-schritte\/#primaryimage"},"thumbnailUrl":"https:\/\/denktier.at\/pferd\/wp-content\/uploads\/2023\/05\/pferde-blog.png","inLanguage":"de-AT"},{"@type":"WebPage","@id":"https:\/\/denktier.at\/pferd\/2023\/05\/12\/was-tun-wenn-das-pferd-klebt-drei-einfache-schritte\/","url":"https:\/\/denktier.at\/pferd\/2023\/05\/12\/was-tun-wenn-das-pferd-klebt-drei-einfache-schritte\/","name":"was tun, wenn das pferd \"klebt\"? drei einfache schritte - denktier pferd","isPartOf":{"@id":"https:\/\/denktier.at\/pferd\/#website"},"primaryImageOfPage":{"@id":"https:\/\/denktier.at\/pferd\/2023\/05\/12\/was-tun-wenn-das-pferd-klebt-drei-einfache-schritte\/#primaryimage"},"image":{"@id":"https:\/\/denktier.at\/pferd\/2023\/05\/12\/was-tun-wenn-das-pferd-klebt-drei-einfache-schritte\/#primaryimage"},"thumbnailUrl":"https:\/\/denktier.at\/pferd\/wp-content\/uploads\/2023\/05\/pferde-blog.png","datePublished":"2023-05-12T19:24:16+00:00","dateModified":"2023-05-12T19:26:14+00:00","author":{"@id":"https:\/\/denktier.at\/pferd\/#\/schema\/person\/a450dfa4b955cd9290eeb589dc2caddf"},"description":"wenn ein pferd \"klebt\" und sich nicht von den artgenossen wegf\u00fchren l\u00e4sst, ist das ziemlich m\u00fchsam. welche ursachen hat das und was kann man tun?","breadcrumb":{"@id":"https:\/\/denktier.at\/pferd\/2023\/05\/12\/was-tun-wenn-das-pferd-klebt-drei-einfache-schritte\/#breadcrumb"},"inLanguage":"de-AT","potentialAction":[{"@type":"ReadAction","target":["https:\/\/denktier.at\/pferd\/2023\/05\/12\/was-tun-wenn-das-pferd-klebt-drei-einfache-schritte\/"]}]},{"@type":"ImageObject","inLanguage":"de-AT","@id":"https:\/\/denktier.at\/pferd\/2023\/05\/12\/was-tun-wenn-das-pferd-klebt-drei-einfache-schritte\/#primaryimage","url":"https:\/\/denktier.at\/pferd\/wp-content\/uploads\/2023\/05\/pferde-blog.png","contentUrl":"https:\/\/denktier.at\/pferd\/wp-content\/uploads\/2023\/05\/pferde-blog.png","width":1640,"height":924,"caption":"pferd klebt"},{"@type":"BreadcrumbList","@id":"https:\/\/denktier.at\/pferd\/2023\/05\/12\/was-tun-wenn-das-pferd-klebt-drei-einfache-schritte\/#breadcrumb","itemListElement":[{"@type":"ListItem","position":1,"name":"Home","item":"https:\/\/denktier.at\/pferd\/"},{"@type":"ListItem","position":2,"name":"was tun, wenn das pferd &#8222;klebt&#8220;? drei einfache schritte"}]},{"@type":"WebSite","@id":"https:\/\/denktier.at\/pferd\/#website","url":"https:\/\/denktier.at\/pferd\/","name":"denktier pferd","description":"","potentialAction":[{"@type":"SearchAction","target":{"@type":"EntryPoint","urlTemplate":"https:\/\/denktier.at\/pferd\/?s={search_term_string}"},"query-input":{"@type":"PropertyValueSpecification","valueRequired":true,"valueName":"search_term_string"}}],"inLanguage":"de-AT"},{"@type":"Person","@id":"https:\/\/denktier.at\/pferd\/#\/schema\/person\/a450dfa4b955cd9290eeb589dc2caddf","name":"brigid","image":{"@type":"ImageObject","inLanguage":"de-AT","@id":"https:\/\/secure.gravatar.com\/avatar\/e4194f972046db80294d79daa065f609498fda96e97e70bb961ac7e8afd9a3cb?s=96&d=mm&r=g","url":"https:\/\/secure.gravatar.com\/avatar\/e4194f972046db80294d79daa065f609498fda96e97e70bb961ac7e8afd9a3cb?s=96&d=mm&r=g","contentUrl":"https:\/\/secure.gravatar.com\/avatar\/e4194f972046db80294d79daa065f609498fda96e97e70bb961ac7e8afd9a3cb?s=96&d=mm&r=g","caption":"brigid"},"sameAs":["https:\/\/denktier.at\/pferd"],"url":"https:\/\/denktier.at\/pferd\/author\/brigid\/"}]}},"_links":{"self":[{"href":"https:\/\/denktier.at\/pferd\/wp-json\/wp\/v2\/posts\/107","targetHints":{"allow":["GET"]}}],"collection":[{"href":"https:\/\/denktier.at\/pferd\/wp-json\/wp\/v2\/posts"}],"about":[{"href":"https:\/\/denktier.at\/pferd\/wp-json\/wp\/v2\/types\/post"}],"author":[{"embeddable":true,"href":"https:\/\/denktier.at\/pferd\/wp-json\/wp\/v2\/users\/1"}],"replies":[{"embeddable":true,"href":"https:\/\/denktier.at\/pferd\/wp-json\/wp\/v2\/comments?post=107"}],"version-history":[{"count":5,"href":"https:\/\/denktier.at\/pferd\/wp-json\/wp\/v2\/posts\/107\/revisions"}],"predecessor-version":[{"id":572,"href":"https:\/\/denktier.at\/pferd\/wp-json\/wp\/v2\/posts\/107\/revisions\/572"}],"wp:featuredmedia":[{"embeddable":true,"href":"https:\/\/denktier.at\/pferd\/wp-json\/wp\/v2\/media\/545"}],"wp:attachment":[{"href":"https:\/\/denktier.at\/pferd\/wp-json\/wp\/v2\/media?parent=107"}],"wp:term":[{"taxonomy":"category","embeddable":true,"href":"https:\/\/denktier.at\/pferd\/wp-json\/wp\/v2\/categories?post=107"},{"taxonomy":"post_tag","embeddable":true,"href":"https:\/\/denktier.at\/pferd\/wp-json\/wp\/v2\/tags?post=107"}],"curies":[{"name":"wp","href":"https:\/\/api.w.org\/{rel}","templated":true}]}}